{"id":11101,"date":"2020-07-29T15:11:59","date_gmt":"2020-07-29T13:11:59","guid":{"rendered":"http:\/\/www.ladislavjakl.cz\/?p=11101"},"modified":"2020-07-29T15:11:59","modified_gmt":"2020-07-29T13:11:59","slug":"proc-byl-znovu-obnoven-server-virtually","status":"publish","type":"post","link":"https:\/\/www.ladislavjakl.cz\/?p=11101","title":{"rendered":"Pro\u010d byl znovu obnoven server Virtually"},"content":{"rendered":"<div class=\"opener\">Moje generace to pamatuje dob\u0159e. \u0160tvav\u00e9 vys\u00edla\u010dky, kter\u00e9 \u00fadajn\u011b \u0161\u00ed\u0159ily mezi lidmi l\u017ei a pomluvy. Bylo t\u0159eba chr\u00e1nit ve\u0159ejnost p\u0159ed jejich \u0161kodliv\u00fdm p\u016fsoben\u00edm.<\/div>\n<p><!--more--><\/p>\n<div id=\"art-text\" class=\"text\">\n<p>A tak bylo nutn\u00e9 ru\u0161it je ru\u0161i\u010dkami, zakazovat poslech a uv\u00e1d\u011bt jejich vys\u00edl\u00e1n\u00ed na pravou m\u00edru. A tak\u00e9 cokoli, co ne\u0161lo tehdej\u0161\u00edmu re\u017eimu pod fousy, se vyd\u00e1valo za plod p\u016fsoben\u00ed nep\u0159\u00e1telsk\u00e9 imperialistick\u00e9 agitace. A u\u017e to m\u00e1me zase. Ru\u0161\u00ed se, ma\u017ee se, odli\u0161n\u00fd n\u00e1zor se vyd\u00e1v\u00e1 za p\u0159\u00edklad jak\u00e9si ciz\u00ed propagandy. Jsou na to vytvo\u0159eny speci\u00e1ln\u00ed instituce a tak\u00e9 sm\u011b\u0159ov\u00e1ny p\u011bkn\u00e9 pen\u00edze pro pochybn\u00e9 parti\u010dky.<\/p>\n<p>O ty pen\u00edze se toti\u017e horliv\u011b hl\u00e1s\u00ed skupinky, slibuj\u00edc\u00ed ne\u00fanavn\u00fd boj s propagandou, kter\u00e1 m\u00e1 za sv\u016fj ni\u010demn\u00fd c\u00edl vn\u00e9st mezi pracuj\u00edc\u00ed lid nepokoj a zas\u00edt v n\u011bm ned\u016fv\u011bru v\u016f\u010di vl\u00e1dnouc\u00edmu liber\u00e1ln\u011b demokratick\u00e9mu euroekomultikulti re\u017eimu. Parti\u010dky musej\u00ed vyk\u00e1zat n\u011bjakou \u010dinnost, aby p\u0159edvedly, \u017ee si sv\u00e9 pen\u00edze zaslou\u017e\u00ed. A tak vykazuj\u00ed.<\/p>\n<p>T\u0159eba takov\u00fd vype\u010den\u00fd web \u010ce\u0161t\u00ed elfov\u00e9, s podtitulem \u201ebojovn\u00edci proti ciz\u00edm dezinforma\u010dn\u00edm kampan\u00edm na \u010desk\u00e9m internetu.\u201c Mysl\u00edte, \u017ee jim jde o napravov\u00e1n\u00ed n\u011bjak\u00fdch v\u011bcn\u00fdch omyl\u016f? Ale kdepak. Jsou to jen p\u011b\u0161\u00e1ci propagandistick\u00e9ho \u00fatoku na odli\u0161n\u00e9 n\u00e1zory a hlavn\u011b na jejich nositele. Oni p\u0159esn\u011b v\u011bd\u00ed, na koho se m\u00e1 \u00fato\u010dit a koho je t\u0159eba \u0161anovat. Obsahy je tak nezaj\u00edmaj\u00ed.<\/p>\n<p>Ka\u017ed\u00fd t\u00fdden vyd\u00e1vaj\u00ed souhrn sv\u00e9 \u201epr\u00e1ce\u201c, tedy toho, co pro\u0161mejdili po internetu a u \u010deho pr\u00fd shledali p\u016fvod v ciz\u00edch \u0161tvav\u00fdch vys\u00edla\u010dk\u00e1ch. V tom souhrnu sv\u00fdm don\u00e1tor\u016fm p\u0159edv\u00e1d\u011bj\u00ed, jak se cel\u00fd t\u00fdden sna\u017eili, aby si vyd\u011blali na ve\u010de\u0159i a n\u00e1jem. P\u0159in\u00e1\u0161ej\u00ed v\u00fd\u010det \u00fadajn\u00fdch t\u00e9mat, kter\u00fdm se agenti a u\u017eite\u010dn\u00ed idioti ciz\u00edch temn\u00fdch sil v\u011bnuj\u00ed, a hlavn\u011b p\u0159ehled web\u016f, se kter\u00fdmi se \u010dist\u00fd euro\u010dlov\u011bk nesm\u00ed \u0161pinit, seznam lid\u00ed, kte\u0159\u00ed v t\u011bchto m\u00e9di\u00edch dost\u00e1vaj\u00ed prostor, a tak\u00e9 seznam t\u011bch, na n\u011b\u017e se v on\u011bch webech pr\u00fd \u00fato\u010d\u00ed. Pochopiteln\u011b nespravedliv\u011b a nepr\u00e1vem \u00fato\u010d\u00ed, proto je takov\u00e9 ob\u011bti t\u0159eba chr\u00e1nit a podporovat. A\u0165 u\u017e \u0159\u00edkaj\u00ed cokoli.<\/p>\n<p>Prvn\u00ed \u010dervencov\u00fd t\u00fdden jsem se do toho jejich p\u0159ehledu dostal i j\u00e1. A jak se mi to stalo? Vydal jsem na sv\u00e9m blogu \u010dl\u00e1nek Dezinform\u00e1to\u0159i \u0160arapatka, \u0160afr, Neumann: jejich tempo je \u0161\u00edlen\u00e9, jejich rajonem je internet, jejich zbran\u00ed pomluva (<a href=\"https:\/\/jakl.blog.idnes.cz\/blog.aspx?c=753570\" rel=\"nofollow\">https:\/\/jakl.blog.idnes.cz\/blog.aspx?c=753570<\/a>). Text p\u0159evzalo mnoho internetov\u00fdch m\u00e9di\u00ed. Nejsp\u00ed\u0161 des\u00edtky z nich. V blogu jsem usv\u011bd\u010dil Rekonstrukci st\u00e1tu, Hl\u00eddac\u00ed Pes a F\u00f3rum 24 ze \u0161\u00ed\u0159en\u00ed l\u017e\u00ed o m\u00e9 osob\u011b. L\u017ei to byly natolik prokazateln\u00e9, \u017ee se v\u0161echny tyto weby musely postupn\u011b stydliv\u011b omlouvat.<\/p>\n<p>To ale elf\u00edk\u016fm v\u016fbec nevad\u00ed. Kde byli, kdy\u017e jejich chr\u00e1n\u011bnci \u0161\u00ed\u0159ili l\u017ei a pomluvy? Kde? U sv\u00fdch po\u010d\u00edta\u010d\u016f. Hledali tam zrovna \u0161p\u00ednu na ty, na kter\u00e9 maj\u00ed p\u0159ik\u00e1z\u00e1no ji hledat. \u017de tu n\u011bkdo jim bl\u00edzk\u00fd \u0161\u00ed\u0159\u00ed dezinformace, to jim bylo jedno, to do sv\u00e9 re\u0161er\u0161e nedali. A co tam dali? M\u016fj blog, kter\u00fdm ony l\u017ei vyvrac\u00edm. Neuv\u011b\u0159iteln\u00e9. Le\u017e jim nevad\u00ed, pouk\u00e1z\u00e1n\u00ed na onu le\u017e jim vad\u00ed. Proto tak\u00e9 do seznamu t\u011bch, na kter\u00e9 se pr\u00fd \u00fato\u010d\u00ed, za\u0159adili pr\u00e1v\u011b ty weby, kter\u00e9 o mn\u011b \u0161\u00ed\u0159ily l\u017ei. Ch\u00e1pete to? Ony \u201espr\u00e1vn\u00e9\u201c weby se nedostaly do seznamu lh\u00e1\u0159\u016f, ale ob\u011bt\u00ed, proto\u017ee na jejich l\u017ei si n\u011bkdo dovolil pouk\u00e1zat.<\/p>\n<p>A naopak ty weby, kter\u00e9 blog p\u0159ejaly a t\u00edm vlastn\u011b d\u011blaly za elf\u00edky to, co elf\u00edci vyd\u00e1vaj\u00ed za sv\u00e9 posl\u00e1n\u00ed, tedy odhalov\u00e1n\u00ed l\u017e\u00ed, se dostaly na seznam t\u011bch, co pr\u00fd \u0161\u00ed\u0159\u00ed ciz\u00ed propagandu. M\u00edsto aby je elf\u00edci p\u0159iv\u00edtali ve sv\u00fdch \u0159ad\u00e1ch coby bojovn\u00edky proti l\u017e\u00edm. Boj proti hodn\u00fdm l\u017e\u00edm je toti\u017e o\u0161kliv\u00fd, v\u00edte?<\/p>\n<p>Pokud nev\u011b\u0159\u00edte, pod\u00edvejte se sem&nbsp;<a href=\"https:\/\/cesti-elfove.cz\/dezinfo-weby-monitoring-1-tyden-07-2020\/\" rel=\"nofollow\">https:\/\/cesti-elfove.cz\/dezinfo-weby-monitoring-1-tyden-07-2020\/<\/a><\/p>\n<p>Kdepak, tady nejde o \u017e\u00e1dn\u00e9 ciz\u00ed kampan\u011b ani o boj s dezinformacemi. Tady jde o dob\u0159e placen\u00fd boj proti t\u011bm o\u0161kliv\u00fdm (a\u0165 \u0159\u00edkaj\u00ed cokoli) a o chr\u00e1n\u011bn\u00ed t\u011bch hodn\u00fdch (a\u0165 \u0159\u00edkaj\u00ed cokoli). Jen se ob\u010das koukn\u011bte na ony jejich skv\u011bl\u00e9 t\u00fddenn\u00ed p\u0159ehledy. Pod\u00edvejte se, kdo se tam ocitne jako \u00fato\u010dn\u00edk a kdo jako ob\u011b\u0165. Rozkaz zn\u00ed p\u0159ece jasn\u011b: tyhle pomluvit, t\u011bmto poskytovat protekci.<\/p>\n<\/div>\n<p>Zdroj:&nbsp;<a href=\"https:\/\/jakl.blog.idnes.cz\/blog.aspx?c=754763\">https:\/\/jakl.blog.idnes.cz\/blog.aspx?c=754763<\/a><\/p>\n<p><strong>Pozn\u00e1mka JD:<\/strong><\/p>\n<p>Mohu dolo\u017eit, jak\u00fdm zp\u016fsobem na\u0161e novodob\u00e1 svaz\u00e1cka \u00faderka pracuje. Byla to posledn\u00ed kapka, kter\u00e1 m\u011bla vliv na to, \u017ee znovu d\u011bl\u00e1m virtually.cz<\/p>\n<p>&nbsp;<\/p>\n<p><img loading=\"lazy\" decoding=\"async\" src=\"http:\/\/virtually.cz\/journal\/sites\/default\/files\/autori\/novy\/vystrizek.png\" width=\"500\" height=\"679\"><\/p>\n<p><a href=\"http:\/\/virtually.cz\/journal\/?q=co-se-dnes-vydava-za-boj-proti-stvave-propagande\">Zdroj<\/a><\/p>\n","protected":false},"excerpt":{"rendered":"<p>Moje generace to pamatuje dob\u0159e. \u0160tvav\u00e9 vys\u00edla\u010dky, kter\u00e9 \u00fadajn\u011b \u0161\u00ed\u0159ily mezi lidmi l\u017ei a pomluvy. Bylo t\u0159eba chr\u00e1nit ve\u0159ejnost p\u0159ed jejich \u0161kodliv\u00fdm p\u016fsoben\u00edm.<\/p>\n","protected":false},"author":1,"featured_media":0,"comment_status":"open","ping_status":"open","sticky":false,"template":"","format":"standard","meta":{"ngg_post_thumbnail":0,"footnotes":""},"categories":[11],"tags":[],"class_list":["post-11101","post","type-post","status-publish","format-standard","hentry","category-ozvena"],"_links":{"self":[{"href":"https:\/\/www.ladislavjakl.cz\/index.php?rest_route=\/wp\/v2\/posts\/11101","targetHints":{"allow":["GET"]}}],"collection":[{"href":"https:\/\/www.ladislavjakl.cz\/index.php?rest_route=\/wp\/v2\/posts"}],"about":[{"href":"https:\/\/www.ladislavjakl.cz\/index.php?rest_route=\/wp\/v2\/types\/post"}],"author":[{"embeddable":true,"href":"https:\/\/www.ladislavjakl.cz\/index.php?rest_route=\/wp\/v2\/users\/1"}],"replies":[{"embeddable":true,"href":"https:\/\/www.ladislavjakl.cz\/index.php?rest_route=%2Fwp%2Fv2%2Fcomments&post=11101"}],"version-history":[{"count":1,"href":"https:\/\/www.ladislavjakl.cz\/index.php?rest_route=\/wp\/v2\/posts\/11101\/revisions"}],"predecessor-version":[{"id":11102,"href":"https:\/\/www.ladislavjakl.cz\/index.php?rest_route=\/wp\/v2\/posts\/11101\/revisions\/11102"}],"wp:attachment":[{"href":"https:\/\/www.ladislavjakl.cz\/index.php?rest_route=%2Fwp%2Fv2%2Fmedia&parent=11101"}],"wp:term":[{"taxonomy":"category","embeddable":true,"href":"https:\/\/www.ladislavjakl.cz\/index.php?rest_route=%2Fwp%2Fv2%2Fcategories&post=11101"},{"taxonomy":"post_tag","embeddable":true,"href":"https:\/\/www.ladislavjakl.cz\/index.php?rest_route=%2Fwp%2Fv2%2Ftags&post=11101"}],"curies":[{"name":"wp","href":"https:\/\/api.w.org\/{rel}","templated":true}]}}