{"id":11109,"date":"2020-08-11T10:02:35","date_gmt":"2020-08-11T08:02:35","guid":{"rendered":"http:\/\/www.ladislavjakl.cz\/?p=11109"},"modified":"2020-08-11T10:02:35","modified_gmt":"2020-08-11T08:02:35","slug":"zdenek-lanz-drz-se-ameriko","status":"publish","type":"post","link":"https:\/\/www.ladislavjakl.cz\/?p=11109","title":{"rendered":"Zden\u011bk Lanz: Dr\u017e se, Ameriko!"},"content":{"rendered":"<p>P\u0159e\u017eije Z\u00e1pad na\u0161i generaci? To bylo t\u00e9matem besedy s panem Ladislavem Jaklem v dubnu 2019 v Hlubok\u00e9 nad Vltavou, o n\u00ed\u017e jsem psal. Dovol\u00edm si p\u0159ipomenout n\u011bkolik zaj\u00edmav\u00fdch my\u0161lenek ze z\u00e1v\u011bru t\u00e9to besedy.<\/p>\n<p><!--more--><\/p>\n<p>Nesvoboda k n\u00e1m nespadla z mrak\u016f. Ani v dob\u00e1ch nejkrut\u011bj\u0161\u00edch re\u017eim\u016f. Kolektivistick\u00e9 anom\u00e1lie si v\u017edy lid\u00e9 objednali sami. V\u011b\u0159ili, \u017ee je d\u016fle\u017eit\u011bj\u0161\u00ed jak\u00e9si dobro ne\u017e svoboda. Proto je nad\u011bje na svobodn\u011bj\u0161\u00ed \u010dasy velmi mal\u00e1.<\/p>\n<p>Ale m\u00e1 smysl fungovat, existovat, h\u00e1jit, co je asi spr\u00e1vn\u00e9. I kdy\u017e se to zrovna neda\u0159\u00ed na politick\u00e9 sc\u00e9n\u011b. M\u016f\u017eeme se sna\u017eit n\u011bkter\u00e9 procesy zpomalit. Neop\u00e1jet se blahobytem jako \u0158\u00edman\u00e9 na vrcholu sv\u00e9 sl\u00e1vy.<\/p>\n<p>Vyhl\u00eddky dobr\u00e9 nejsou, nejsou samoz\u0159ejm\u00e9. V\u011bt\u0161\u00ed nad\u011bje ne\u017e v politice ale aktu\u00e1ln\u011b je, aby se lid\u00e9 vr\u00e1tili k sob\u011b, jako za \u201ebol\u0161evika\u201c, aby p\u011bstovali vztahy mezi sebou a ten prostor si nenechali ukr\u00e1st.<\/p>\n<p>Uplynul v\u00edce ne\u017e rok a situace se rapidn\u011b zm\u011bnila k hor\u0161\u00edmu. Ano, situace Z\u00e1padu v\u016fbec nen\u00ed dobr\u00e1 a n\u011bkte\u0159\u00ed auto\u0159i p\u00ed\u0161\u00ed dokonce o tom, \u017ee euroatlantick\u00e1 civilizace p\u00e1ch\u00e1 sebevra\u017edu. A\u017e \u010das uk\u00e1\u017ee, jak daleko byli od pravdy, ale to u\u017e bude na p\u0159\u00edpadnou z\u00e1chranu pozd\u011b.<\/p>\n<p>P\u0159i pozorn\u011bj\u0161\u00edm sledov\u00e1n\u00ed sou\u010dasn\u00e9ho d\u011bn\u00ed se zd\u00e1, \u017ee se zna\u010dn\u00e1 \u010d\u00e1st lidstva \u00fapln\u011b zbl\u00e1znila. \u201eBlbne se na kvadr\u00e1t\u201c p\u0159edev\u0161\u00edm v Americe, ale Evropa se opi\u010d\u00ed celkem obstojn\u011b, n\u011bkdy dokonce i vede. A tak m\u016f\u017eeme sledovat pokra\u010duj\u00edc\u00ed Mee Too, uhl\u00edkov\u00e9 \u0161\u00edlenstv\u00ed, Black Lives Matter, p\u0159episov\u00e1n\u00ed d\u011bjin spolu se z\u00e1m\u011bnou v\u00edt\u011bz\u016f a pora\u017een\u00fdch, vin\u00edk\u016f a ob\u011bt\u00ed, ni\u010den\u00ed pomn\u00edk\u016f a soch, sebeponi\u017eov\u00e1n\u00ed a sebemrska\u010dstv\u00ed, p\u0159ekrucov\u00e1n\u00ed pojm\u016f nebo naopak z\u00e1m\u011brn\u00e9 neinformov\u00e1n\u00ed v\u011bt\u0161inov\u00fdmi a kdysi mnohdy presti\u017en\u00edmi sd\u011blovac\u00edmi prost\u0159edky, kde si nav\u00edc redakto\u0159i pletou psan\u00ed mal\u00fdch a velk\u00fdch p\u00edsmen (ale uzn\u00e1v\u00e1m, \u017ee i v \u010de\u0161tin\u011b je to ob\u010das probl\u00e9m), universitn\u00ed \u010distky, \u2026. A do toho v\u0161eho Covid 19 se v\u0161emi zmatky.<\/p>\n<p>Rozpoznat a analyzovat p\u0159\u00ed\u010diny tohoto sebezni\u010duj\u00edc\u00edho jedn\u00e1n\u00ed nen\u00ed pr\u00e1v\u011b jednoduch\u00e9, naj\u00edt na n\u011b l\u00e9k je\u0161t\u011b slo\u017eit\u011bj\u0161\u00ed, pokud ne nemo\u017en\u00e9. Pokusila se o to \u0159ada autor\u016f (nap\u0159.&nbsp;Benjamin Kuras,&nbsp;Ladislav Jakl,&nbsp;Zden\u011bk Zbo\u0159il,&nbsp;Jaroslav Ba\u0161ta,&nbsp;Rudolf Ml\u00e1dek,&nbsp;Ji\u0159\u00ed Weigl&nbsp;, Petr Hampl&nbsp;zde&nbsp;a&nbsp;zde&nbsp;a jist\u011b i mnoz\u00ed dal\u0161\u00ed, abych na nikoho nezapomn\u011bl.<\/p>\n<p>Od v\u011bci tak\u00e9 nebude sezn\u00e1mit se s&nbsp;projevem prezidenta republiky&nbsp;Milo\u0161e Zemana p\u0159i recepci u p\u0159\u00edle\u017eitosti st\u00e1tn\u00edho sv\u00e1tku Spojen\u00fdch st\u00e1t\u016f americk\u00fdch, v jeho\u017e z\u00e1v\u011bru Milo\u0161 Zeman \u0159\u00edk\u00e1, \u017ee slogan Black Lives Mutter je rasistick\u00fd slogan, proto\u017ee z\u00e1le\u017e\u00ed na v\u0161ech \u017eivotech.<\/p>\n<p>Jedna v\u011bc je ale z\u0159ejm\u00e1.&nbsp; USA zm\u00edtan\u00e9 studenou a m\u00edsty u\u017e i po\u0159\u00e1dn\u011b horkou ob\u010danskou v\u00e1lkou sm\u011b\u0159uj\u00ed k jak\u00e9musi podivn\u00e9mu socialismu, jeho\u017e podobu lze jen t\u011b\u017eko odhadnout. Ale jak u\u017e dnes vid\u00edme z anarchie a n\u00e1sil\u00ed v n\u011bkter\u00fdch americk\u00fdch m\u011bstech, \u201esocialismus s lidskou tv\u00e1\u0159\u00ed\u201c to ur\u010dit\u011b nebude. I kdyby byl budouc\u00ed prezident t\u0159eba stokr\u00e1t \u201edemokrat\u201c.<\/p>\n<p>\u0158\u00edk\u00e1 se, \u017ee nikdo nen\u00ed nenahraditeln\u00fd a v\u011bt\u0161inou je to pravda. P\u0159esto bychom p\u0159i tro\u0161e \u00fasil\u00ed asi na\u0161li v d\u011bjin\u00e1ch ud\u00e1losti, je\u017e by se bez t\u00e9 jedn\u00e9 konkr\u00e9tn\u00ed osoby mo\u017en\u00e1 ud\u00e1ly \u00fapln\u011b jinak, ne\u017e jak se ud\u00e1ly. A zd\u00e1 se, \u017ee americk\u00fd prezident Donald Trump je, i p\u0159es v\u0161echna sporn\u00e1 rozhodnut\u00ed a ne\u0161\u0165astn\u00e9 v\u00fdroky, pr\u00e1v\u011b tou osobou, kter\u00e1 je schopn\u00e1 pokusit se zastavit re\u00e1lnou hrozbu prosazen\u00ed se levicov\u00e9ho&nbsp; progresivismu v cel\u00e9 americk\u00e9 spole\u010dnosti. Nemus\u00edme m\u00edt sou\u010dasn\u00e9ho americk\u00e9ho prezidenta v oblib\u011b, m\u016f\u017ee se n\u00e1m zd\u00e1t namy\u0161len\u00fd a arogantn\u00ed. Ale m\u011bli bychom b\u00fdt pragmati\u010dt\u00ed a v\u011b\u0159it, \u017ee podzimn\u00ed prezidentsk\u00e9 volby dopadnou i pro n\u00e1s dob\u0159e.<\/p>\n<p>Proto\u017ee Amerika je pro n\u00e1\u0161 sv\u011bt nenahraditeln\u00e1. Padne-li ona, padneme v\u0161ichni.<br \/>\nA socialismus u\u017e jsme tady jednou m\u011bli!<\/p>\n<p>Tak tedy:<\/p>\n<p>Dr\u017e se, Ameriko!<br \/>\nBear up, America!,&nbsp;kon\u010d\u00ed koment\u00e1\u0159 Zden\u011bk Lanz.<\/p>\n<p><a href=\"https:\/\/www.prvnizpravy.cz\/zpravy\/politika\/zdenek-lanz-drz-se-ameriko\/\">Zdroj<\/a><\/p>\n","protected":false},"excerpt":{"rendered":"<p>P\u0159e\u017eije Z\u00e1pad na\u0161i generaci? To bylo t\u00e9matem besedy s panem Ladislavem Jaklem v dubnu 2019 v Hlubok\u00e9 nad Vltavou, o n\u00ed\u017e jsem psal. Dovol\u00edm si p\u0159ipomenout n\u011bkolik zaj\u00edmav\u00fdch my\u0161lenek ze z\u00e1v\u011bru t\u00e9to besedy.<\/p>\n","protected":false},"author":1,"featured_media":0,"comment_status":"open","ping_status":"open","sticky":false,"template":"","format":"standard","meta":{"ngg_post_thumbnail":0,"footnotes":""},"categories":[11],"tags":[],"class_list":["post-11109","post","type-post","status-publish","format-standard","hentry","category-ozvena"],"_links":{"self":[{"href":"https:\/\/www.ladislavjakl.cz\/index.php?rest_route=\/wp\/v2\/posts\/11109","targetHints":{"allow":["GET"]}}],"collection":[{"href":"https:\/\/www.ladislavjakl.cz\/index.php?rest_route=\/wp\/v2\/posts"}],"about":[{"href":"https:\/\/www.ladislavjakl.cz\/index.php?rest_route=\/wp\/v2\/types\/post"}],"author":[{"embeddable":true,"href":"https:\/\/www.ladislavjakl.cz\/index.php?rest_route=\/wp\/v2\/users\/1"}],"replies":[{"embeddable":true,"href":"https:\/\/www.ladislavjakl.cz\/index.php?rest_route=%2Fwp%2Fv2%2Fcomments&post=11109"}],"version-history":[{"count":1,"href":"https:\/\/www.ladislavjakl.cz\/index.php?rest_route=\/wp\/v2\/posts\/11109\/revisions"}],"predecessor-version":[{"id":11110,"href":"https:\/\/www.ladislavjakl.cz\/index.php?rest_route=\/wp\/v2\/posts\/11109\/revisions\/11110"}],"wp:attachment":[{"href":"https:\/\/www.ladislavjakl.cz\/index.php?rest_route=%2Fwp%2Fv2%2Fmedia&parent=11109"}],"wp:term":[{"taxonomy":"category","embeddable":true,"href":"https:\/\/www.ladislavjakl.cz\/index.php?rest_route=%2Fwp%2Fv2%2Fcategories&post=11109"},{"taxonomy":"post_tag","embeddable":true,"href":"https:\/\/www.ladislavjakl.cz\/index.php?rest_route=%2Fwp%2Fv2%2Ftags&post=11109"}],"curies":[{"name":"wp","href":"https:\/\/api.w.org\/{rel}","templated":true}]}}