{"id":11117,"date":"2020-08-24T10:18:29","date_gmt":"2020-08-24T08:18:29","guid":{"rendered":"http:\/\/www.ladislavjakl.cz\/?p=11117"},"modified":"2020-08-24T10:18:29","modified_gmt":"2020-08-24T08:18:29","slug":"dopis-j-weigla-a-l-jakla-sefredaktorovi-serveru-neviditelny-pes-k-jeho-pomlouvacnemu-pamfletu-ze-dne-19-8-2020","status":"publish","type":"post","link":"https:\/\/www.ladislavjakl.cz\/?p=11117","title":{"rendered":"Dopis J. Weigla a L. Jakla \u0161\u00e9fredaktorovi serveru Neviditeln\u00fd pes k jeho pomlouva\u010dn\u00e9mu pamfletu ze dne 19. 8. 2020"},"content":{"rendered":"<p>V\u00e1\u017een\u00fd pane \u0161\u00e9fredaktore,<\/p>\n<p>jsme naprosto konsternov\u00e1ni Va\u0161\u00edm t\u011b\u017eko uv\u011b\u0159iteln\u00fdm \u00favodn\u00edkem na&nbsp;Neviditeln\u00e9m psu dne 19. srpna 2020. Protestujeme proti manipulativn\u00ed dezinterpretaci stanoviska V\u00e1clava Klause k&nbsp;situaci v&nbsp;B\u011blorusku a proti \u00fatok\u016fm a&nbsp;ur\u00e1\u017ek\u00e1m, jich\u017e se v\u016f\u010di n\u011bmu na tomto vyfabulovan\u00e9m z\u00e1klad\u011b dopou\u0161t\u00edte.<\/p>\n<p><!--more--><\/p>\n<p>Je p\u0159\u00edzna\u010dn\u00e9, \u017ee jste toto Klausovo stanovisko, s&nbsp;nimi\u017e \u00fadajn\u011b polemizujete, nezve\u0159ejnil, ani neodkazujete na jeho zn\u011bn\u00ed. Je to asi proto, aby si \u010dten\u00e1\u0159 n\u00e1hodou nemohl ov\u011b\u0159it, \u017ee je toho stanovisko diametr\u00e1ln\u011b odli\u0161n\u00e9 od Va\u0161eho p\u0159ekroucen\u00ed. Dovol\u00edte si p\u0159esto prohl\u00e1sit, \u017ee j\u00e1drem stanoviska V\u00e1clava Klause je slu\u017eebnost Rusku a jeho z\u00e1jm\u016fm.<\/p>\n<p>Je slu\u017eebnost\u00ed Rusku zve\u0159ejn\u011bn\u00ed pr\u00e1v\u011b v&nbsp;dne\u0161n\u00edm kontextu onoho 16 let star\u00e9ho ostr\u00e9ho protestn\u00edho dopisu, kter\u00fd V\u00e1clav Klaus jako prezident republiky zaslal Alexandru Luka\u0161enkovi po tehdej\u0161\u00edch ostudn\u00fdch volb\u00e1ch v&nbsp;B\u011blorusku? V&nbsp;\u010dem? Jak si&nbsp;n\u011bco takov\u00e9ho m\u016f\u017eete dovolit napsat? V\u00e1s evidentn\u011b ono stanovisko nezaj\u00edmalo, m\u011bl jste sv\u016fj n\u00e1zor hotov u\u017e p\u0159edem. V\u00e1clav Klaus dnes dod\u00e1v\u00e1, \u017ee sv\u016fj n\u00e1zor na&nbsp;Luka\u0161enka a jeho re\u017eim od t\u00e9 doby nezm\u011bnil. To je slu\u017eebnost\u00ed Rusku? V \u010dem?<\/p>\n<p>V\u00e1clav Klaus rovn\u011b\u017e vyj\u00e1d\u0159il p\u0159\u00e1n\u00ed ob\u010dan\u016fm B\u011bloruska, aby se tamn\u00ed situace zm\u011bnila k&nbsp;lep\u0161\u00edmu, ale aby v&nbsp;z\u00e1jmu jich, n\u00e1s i cel\u00e9 Evropy zm\u011bny neprob\u00edhaly ukrajinsk\u00fdm zp\u016fsobem.&nbsp; To je snad p\u0159\u00e1n\u00ed v\u0161ech rozumn\u00fdch lid\u00ed.&nbsp; Sta\u010d\u00ed se pod\u00edvat na&nbsp;Ukrajinu 6 let po Majdanu krv\u00e1cej\u00edc\u00ed v&nbsp;nekone\u010dn\u00e9m konfliktu, p\u0159ipravenou o \u010d\u00e1st \u00fazem\u00ed, v&nbsp;trval\u00fdch politick\u00fdch a hospod\u00e1\u0159sk\u00fdch probl\u00e9mech a politick\u00e9 nestabilit\u011b.&nbsp; Odkud berete iluzi, \u017ee B\u011blorusku nic podobn\u00e9ho nehroz\u00ed? Jak si m\u016f\u017eete dovolit napsat \u017ee \u201eo B\u011blorusko nem\u00e1 nikdo \u017e\u00e1dn\u00fd z\u00e1jem\u201c? To u\u017e snad pova\u017eujete ve\u0159ejnost za&nbsp;naprost\u00e9 hlup\u00e1ky.&nbsp;&nbsp; Jako by v&nbsp;dne\u0161n\u00edm sv\u011bt\u011b bylo m\u00e1lo zni\u010den\u00fdch a rozvr\u00e1cen\u00fdch zem\u00ed v&nbsp;d\u016fsledku soupe\u0159en\u00ed velmoc\u00ed, zem\u00ed strategicky mnohem m\u00e9n\u011b v\u00fdznamn\u00fdch ne\u017e B\u011blorusko.<\/p>\n<p>Politick\u00e9 zm\u011bny v&nbsp;B\u011blorusku jsou pot\u0159ebn\u00e9 a nevyhnuteln\u00e9. Jde o to, jak\u00fdm zp\u016fsobem prob\u011bhnou a zda nepovedou k&nbsp;vyhrocen\u00ed situace v&nbsp;Evrop\u011b a ve sv\u011bt\u011b. To&nbsp;V\u00e1s ale asi nezaj\u00edm\u00e1, Vy jste pouze hledal p\u0159\u00edle\u017eitost, jak V\u00e1clava Klause urazit a&nbsp;pomluvit, a kdy\u017e jste ji nena\u0161el, tak jste si ji vykonstruoval s\u00e1m. Je to smutn\u00e9.<\/p>\n<p>Ji\u0159\u00ed Weigl, Ladislav Jakl,&nbsp;v Praze dne 19. srpna 2020<\/p>\n<p><a href=\"https:\/\/www.institutvk.cz\/clanky\/1599.html\">Zdroj<\/a><\/p>\n","protected":false},"excerpt":{"rendered":"<p>V\u00e1\u017een\u00fd pane \u0161\u00e9fredaktore, jsme naprosto konsternov\u00e1ni Va\u0161\u00edm t\u011b\u017eko uv\u011b\u0159iteln\u00fdm \u00favodn\u00edkem na&nbsp;Neviditeln\u00e9m psu dne 19. srpna 2020. Protestujeme proti manipulativn\u00ed dezinterpretaci stanoviska V\u00e1clava Klause k&nbsp;situaci v&nbsp;B\u011blorusku a proti \u00fatok\u016fm a&nbsp;ur\u00e1\u017ek\u00e1m, jich\u017e se v\u016f\u010di n\u011bmu na tomto vyfabulovan\u00e9m z\u00e1klad\u011b dopou\u0161t\u00edte.<\/p>\n","protected":false},"author":1,"featured_media":0,"comment_status":"open","ping_status":"open","sticky":false,"template":"","format":"standard","meta":{"ngg_post_thumbnail":0,"footnotes":""},"categories":[1],"tags":[],"class_list":["post-11117","post","type-post","status-publish","format-standard","hentry","category-publikovane-clanky"],"_links":{"self":[{"href":"https:\/\/www.ladislavjakl.cz\/index.php?rest_route=\/wp\/v2\/posts\/11117","targetHints":{"allow":["GET"]}}],"collection":[{"href":"https:\/\/www.ladislavjakl.cz\/index.php?rest_route=\/wp\/v2\/posts"}],"about":[{"href":"https:\/\/www.ladislavjakl.cz\/index.php?rest_route=\/wp\/v2\/types\/post"}],"author":[{"embeddable":true,"href":"https:\/\/www.ladislavjakl.cz\/index.php?rest_route=\/wp\/v2\/users\/1"}],"replies":[{"embeddable":true,"href":"https:\/\/www.ladislavjakl.cz\/index.php?rest_route=%2Fwp%2Fv2%2Fcomments&post=11117"}],"version-history":[{"count":1,"href":"https:\/\/www.ladislavjakl.cz\/index.php?rest_route=\/wp\/v2\/posts\/11117\/revisions"}],"predecessor-version":[{"id":11118,"href":"https:\/\/www.ladislavjakl.cz\/index.php?rest_route=\/wp\/v2\/posts\/11117\/revisions\/11118"}],"wp:attachment":[{"href":"https:\/\/www.ladislavjakl.cz\/index.php?rest_route=%2Fwp%2Fv2%2Fmedia&parent=11117"}],"wp:term":[{"taxonomy":"category","embeddable":true,"href":"https:\/\/www.ladislavjakl.cz\/index.php?rest_route=%2Fwp%2Fv2%2Fcategories&post=11117"},{"taxonomy":"post_tag","embeddable":true,"href":"https:\/\/www.ladislavjakl.cz\/index.php?rest_route=%2Fwp%2Fv2%2Ftags&post=11117"}],"curies":[{"name":"wp","href":"https:\/\/api.w.org\/{rel}","templated":true}]}}