{"id":11128,"date":"2020-09-03T11:53:19","date_gmt":"2020-09-03T09:53:19","guid":{"rendered":"http:\/\/www.ladislavjakl.cz\/?p=11128"},"modified":"2020-09-03T11:58:00","modified_gmt":"2020-09-03T09:58:00","slug":"vadim-petrov-kontrolor-ct-i-cro-se-nastval-mnozi-budou-neradi","status":"publish","type":"post","link":"https:\/\/www.ladislavjakl.cz\/?p=11128","title":{"rendered":"Vadim Petrov, kontrolor \u010cT i \u010cRo, se na\u0161tval. Mnoz\u00ed budou neradi"},"content":{"rendered":"<p>Ve\u0159ejnost m\u00e1 pr\u00e1vo v\u011bd\u011bt v\u00edce o tom, co Rada pro rozhlasov\u00e9 a televizn\u00ed vys\u00edl\u00e1n\u00ed \u0159e\u0161\u00ed a jak se dob\u00edr\u00e1 sv\u00fdch z\u00e1v\u011br\u016f. Dosud platilo nepsan\u00e9 pravidlo, \u017ee prost\u00fdm \u010dlen\u016fm nep\u0159\u00edslu\u0161\u00ed informovat o agend\u011b RRTV, a to je vyhrazeno pouze p\u0159edsedovi a pov\u011b\u0159en\u00fdm m\u00edstop\u0159edsed\u016fm. Nyn\u00ed se ale jeden z \u010dlen\u016f Vadim Petrov rozhodl, \u017ee u\u017e nebude nad\u00e1le v\u00e1z\u00e1n loajalitou k sou\u010dasn\u00e9mu veden\u00ed a bude ve\u0159ejnost v\u00edce informovat o tom, co se v RRTV d\u011bje. Vad\u00ed mu toti\u017e, \u017ee do rady byly zvoleny nez\u00e1visl\u00e9 osobnosti, ale o v\u00fdsledku hlasov\u00e1n\u00ed je ve valn\u00e9 v\u011bt\u0161in\u011b rozhodnuto p\u0159edem.<\/p>\n<p><!--more--><\/p>\n<p align=\"left\"><strong>U\u017e rok a p\u016fl jste \u010dlenem Rady pro rozhlasov\u00e9 a televizn\u00ed vys\u00edl\u00e1n\u00ed. Va\u0161e tehdej\u0161\u00ed zvolen\u00ed bylo sign\u00e1lem, \u017ee se ve stojat\u00fdch vod\u00e1ch org\u00e1n\u016f dohl\u00ed\u017eej\u00edc\u00edch na m\u00e9dia n\u011bco d\u011bje. Je podle v\u00e1s z\u0159ejm\u00fd n\u011bjak\u00fd posun ve vztahu k ve\u0159ejnosti, a\u0165 u\u017e od RRTV nebo t\u0159eba Rady \u010cesk\u00e9 televize?<\/strong><\/p>\n<section class=\"section-brown section-inarticle poll\">\n<div class=\"well well-rounded\">\n<div>L\u00edb\u00ed se mi, jak informuje o sv\u00fdch aktivit\u00e1ch v Rad\u011b \u010cT Hana Lipovsk\u00e1 nebo Pavel Matocha. Zpo\u010d\u00e1tku jsem m\u011bl podobnou p\u0159edstavu, ale zkraje jsem se nechal p\u0159esv\u011bd\u010dit, \u017ee RRTV je spr\u00e1vn\u00ed \u00fa\u0159ad a \u017ee prost\u00fdm \u010dlen\u016fm nep\u0159\u00edslu\u0161\u00ed informovat o agend\u011b RRTV, to je vyhrazeno pouze p\u0159edsedovi a pov\u011b\u0159en\u00fdm m\u00edstop\u0159edsed\u016fm. Dokonce veden\u00ed RRTV nechalo vypracovat kodex, kter\u00fd by komunikaci na ve\u0159ejnosti zakazoval. N\u00e1vrh kodexu RRTV v prosinci 2019 projednala, ale nep\u0159ijala, kdy\u017e se zjistilo, \u017ee by ho museli p\u0159ijmout v\u0161ichni \u010dlenov\u00e9, aby byl z\u00e1vazn\u00fd.<\/div>\n<\/div>\n<\/section>\n<p align=\"left\"><strong>Informovat tedy o agend\u011b RRTV mohou i samotn\u00ed \u010dlenov\u00e9, ale ned\u011blaj\u00ed to. P\u0159ipad\u00e1 mi, \u017ee bob\u0159\u00edka ml\u010den\u00ed jste se rozhodl dr\u017eet i vy. Co v\u00e1s k tomu vedlo?<\/strong><\/p>\n<p align=\"left\">Ale n\u00e1zor ohledn\u011b sv\u00e9ho ml\u010den\u00ed jsem u\u017e zm\u011bnil. Pop\u00ed\u0161u, jak k tomu do\u0161lo. V\u010dera na zased\u00e1n\u00ed RRTV se volil nov\u00fd m\u00edstop\u0159edseda za Janu Kasalovou (zvolenou za ANO), kter\u00e9 skon\u010dil mand\u00e1t. Nov\u00fd \u010dlen nebyl dosud sn\u011bmovnou zvolen, a tak je n\u00e1s o jednoho m\u00e9n\u011b, tedy dvan\u00e1ct. \u010cty\u0159i za \u010cSSD, dva za KDU-\u010cSL, dva za ANO, a po jednom za TOP 09, ODS, SPD a KS\u010cM. P\u0159edseda je za \u010cSSD a m\u00edstop\u0159edsedov\u00e9 za \u010cSSD, ODS a po v\u010derej\u0161ku za KDU-\u010cSL.<\/p>\n<p align=\"left\">Ne\u0159\u00edk\u00e1m to proto, \u017ee by se volilo v rad\u011b stranicky, to jen pro orientaci; chod\u00ed to tak, \u017ee p\u0159edseda a m\u00edstop\u0159edsedov\u00e9 p\u0159iprav\u00ed program RRTV. Ta pak p\u0159\u00edli\u0161 nediskutuje, a krom\u011b Dany Jaklov\u00e9 (za TOP 09), Dana Nov\u00e1ka (za KS\u010cM), Ladislava Jakla (za SPD) a m\u011b (za ANO) hlasuje v\u011bt\u0161inou jednotn\u011b.<\/p>\n<p align=\"left\"><strong>Co se tedy p\u0159i volb\u011b m\u00edstop\u0159edsedy RRTV stalo, \u017ee v\u00e1s to p\u0159ivedlo k rozhodnut\u00ed neml\u010det o d\u011bn\u00ed na p\u016fd\u011b rady?<\/strong><\/p>\n<p align=\"left\">P\u0159i volb\u011b m\u00edstop\u0159edsedy navrhl p\u0159edseda Ivan Krej\u010d\u00ed (za \u010cSSD) za kandid\u00e1ta Marka Poledn\u00ed\u010dka (za KDU-\u010cSL). Ladislav Jakl (za SPD) navrhl jako protikandid\u00e1ta nekonfliktn\u00ed Danu Jaklovou (za TOP 09), kter\u00e1 ji p\u0159ijala, jak sama \u0159ekla, aby nebyl jen jeden kandid\u00e1t. Hlasov\u00e1n\u00ed dopadlo tak, jak se p\u0159edpokl\u00e1dalo. Osm hlas\u016f pro Poledn\u00ed\u010dka, \u010dty\u0159i pro Danu Jaklovou.<\/p>\n<p align=\"left\">Probl\u00e9m je v tom, \u017ee v kv\u011btnu p\u0159\u00ed\u0161t\u00edho roku kon\u010d\u00ed cel\u00e9mu veden\u00ed mand\u00e1t, z\u016fstanou tam jen \u010dty\u0159i prost\u00ed \u010dlenov\u00e9. V\u00e1clav Jehli\u010dka (za KDU-\u010cSL), Ladislav \u0160incl (za \u010cSSD), Ladislav Jakl (za SPD) a j\u00e1 (za ANO). Mezi m\u00edstop\u0159edsedy m\u011bl b\u00fdt n\u011bkdo, kdo zachov\u00e1 kontinuitu, proto\u017ee nikdo z n\u00e1s, kte\u0159\u00ed v RRTV z\u016fstaneme, nem\u00e1 zku\u0161enost z veden\u00ed rady. O dohod\u011b v\u011bt\u0161iny na kandid\u00e1tovi jsme v\u011bd\u011bli, a proto nem\u011blo smysl, abychom s Ladislavem Jaklem kandidovali. Ostatn\u00ed ze \u010dtve\u0159ice, kter\u00e1 tam z\u016fstane a pravd\u011bpodobn\u011b by m\u011bli v\u011bt\u0161\u00ed \u0161anci ke zvolen\u00ed, Jehli\u010dka a \u0160incl, nem\u011bli z\u00e1jem.<\/p>\n<p align=\"left\"><strong>Ale v minulosti u\u017e v Rad\u011b pro rozhlasov\u00e9 a televizn\u00ed vys\u00edl\u00e1n\u00ed k n\u011b\u010demu podobn\u00e9mu, \u017ee kon\u010dilo nar\u00e1z cel\u00e9 veden\u00ed, zcela jist\u011b tak\u00e9 do\u0161lo, jak se to \u0159e\u0161ilo tehdy?<\/strong><\/p>\n<p align=\"left\">D\u0159\u00edve bylo v jednac\u00edm \u0159\u00e1du, \u017ee p\u0159edseda i m\u00edstop\u0159edsedov\u00e9 maj\u00ed tzv. klouzav\u00fd mand\u00e1t a \u017ee se po dvou letech m\u011bn\u00ed, aby m\u011bli \u0161anci se ve veden\u00ed RRTV vyst\u0159\u00eddat v\u0161ichni \u010dlenov\u00e9 rady. P\u0159i sv\u00e9m n\u00e1stupu sou\u010dasn\u00e1 RRTV tento princip zru\u0161ila a odhlasovala si podr\u017een\u00ed pozic cel\u00fdch \u0161est let.<\/p>\n<p align=\"left\">Na p\u0159edchoz\u00edm jedn\u00e1n\u00ed rady Dan Nov\u00e1k (za KS\u010cM) p\u0159i\u0161el s n\u00e1vrhem zakonzervov\u00e1n\u00ed zru\u0161it, nebylo v\u0161ak p\u0159ipraven\u00e9 usnesen\u00ed a Dana Jaklov\u00e1, kter\u00e1 my\u0161lenku siln\u011b podpo\u0159ila, na v\u010derej\u0161\u00ed jedn\u00e1n\u00ed usnesen\u00ed na vr\u00e1cen\u00ed klouzav\u00e9ho mand\u00e1tu p\u0159ipravila. P\u0159edseda RRTV tento princip odm\u00edtl s t\u00edm, a\u0165 si o n\u011bm rozhodnou p\u0159\u00ed\u0161t\u00ed nov\u00ed radn\u00ed. Bez n\u011bjak\u00e9 v\u011bt\u0161\u00ed diskuze n\u00e1vrh vr\u00e1tit jednac\u00ed \u0159\u00e1d do p\u016fvodn\u00edho stavu nepro\u0161el.<\/p>\n<p align=\"left\"><strong>P\u0159edsedy Ivana Krej\u010d\u00edho by se zm\u011bna po p\u011bti letech nep\u0159etr\u017eit\u00e9ho p\u0159edsednictv\u00ed na posledn\u00ed rok \u010dlenstv\u00ed v RRTV stejn\u011b net\u00fdkala, platila by a\u017e pro novou radu, tak je trochu s podivem, \u017ee zakonzervov\u00e1n\u00ed nyn\u011bj\u0161\u00edho stavu vyhovuje jemu i v\u011bt\u0161in\u011b. Co s t\u00edm chcete d\u011blat?<\/strong><\/p>\n<p align=\"left\">Do RRTV jsem vstupoval s t\u00edm, \u017ee m\u00e1me b\u00fdt nez\u00e1visl\u00e9 osobnosti, kter\u00e9 tam poslala sn\u011bmovna a rozhodujeme po diskuzi a kolektivn\u00ed rozhodnut\u00ed ct\u00edme. O v\u00fdsledku hlasov\u00e1n\u00ed je v\u0161ak ve valn\u00e9 v\u011bt\u0161in\u011b rozhodnuto p\u0159edem.<\/p>\n<p align=\"left\">Proto se nec\u00edt\u00edm nad\u00e1le v\u00e1z\u00e1n loajalitou k sou\u010dasn\u00e9mu veden\u00ed RRTV a r\u00e1d bych ve\u0159ejnost v\u00edce informoval o tom, co se v RRTV d\u011bje. Uv\u011bdomuji si, \u017ee to v rad\u011b vyvol\u00e1 hodn\u011b zl\u00e9 krve. Pro mnoho lid\u00ed to bude nuda, pro alternativn\u00ed m\u00e9dia m\u00e1lo konfronta\u010dn\u00ed a pro mainstreamov\u00e1 m\u00e9dia neakceptovateln\u00e9, proto\u017ee jsem byl nominov\u00e1n hnut\u00edm ANO. P\u0159esto pova\u017euji za svou povinnost informovat o d\u011bn\u00ed v rad\u011b.<\/p>\n<p align=\"left\">Jsem p\u0159esv\u011bd\u010den, \u017ee ve\u0159ejnost m\u00e1 pr\u00e1vo v\u011bd\u011bt v\u00edce o tom, co RRTV \u0159e\u0161\u00ed a jak se dob\u00edr\u00e1 sv\u00fdch z\u00e1v\u011br\u016f.<\/p>\n<p align=\"left\"><a href=\"https:\/\/www.parlamentnilisty.cz\/arena\/rozhovory\/Vadim-Petrov-kontrolor-CT-i-CRo-se-nastval-Mnozi-budou-neradi-635652\">Zdroj<\/a><\/p>\n","protected":false},"excerpt":{"rendered":"<p>Ve\u0159ejnost m\u00e1 pr\u00e1vo v\u011bd\u011bt v\u00edce o tom, co Rada pro rozhlasov\u00e9 a televizn\u00ed vys\u00edl\u00e1n\u00ed \u0159e\u0161\u00ed a jak se dob\u00edr\u00e1 sv\u00fdch z\u00e1v\u011br\u016f. Dosud platilo nepsan\u00e9 pravidlo, \u017ee prost\u00fdm \u010dlen\u016fm nep\u0159\u00edslu\u0161\u00ed informovat o agend\u011b RRTV, a to je vyhrazeno pouze p\u0159edsedovi a pov\u011b\u0159en\u00fdm m\u00edstop\u0159edsed\u016fm. Nyn\u00ed se ale jeden z \u010dlen\u016f Vadim Petrov rozhodl, \u017ee u\u017e nebude nad\u00e1le [&hellip;]<\/p>\n","protected":false},"author":1,"featured_media":0,"comment_status":"open","ping_status":"open","sticky":false,"template":"","format":"standard","meta":{"ngg_post_thumbnail":0,"footnotes":""},"categories":[11],"tags":[],"class_list":["post-11128","post","type-post","status-publish","format-standard","hentry","category-ozvena"],"_links":{"self":[{"href":"https:\/\/www.ladislavjakl.cz\/index.php?rest_route=\/wp\/v2\/posts\/11128","targetHints":{"allow":["GET"]}}],"collection":[{"href":"https:\/\/www.ladislavjakl.cz\/index.php?rest_route=\/wp\/v2\/posts"}],"about":[{"href":"https:\/\/www.ladislavjakl.cz\/index.php?rest_route=\/wp\/v2\/types\/post"}],"author":[{"embeddable":true,"href":"https:\/\/www.ladislavjakl.cz\/index.php?rest_route=\/wp\/v2\/users\/1"}],"replies":[{"embeddable":true,"href":"https:\/\/www.ladislavjakl.cz\/index.php?rest_route=%2Fwp%2Fv2%2Fcomments&post=11128"}],"version-history":[{"count":1,"href":"https:\/\/www.ladislavjakl.cz\/index.php?rest_route=\/wp\/v2\/posts\/11128\/revisions"}],"predecessor-version":[{"id":11129,"href":"https:\/\/www.ladislavjakl.cz\/index.php?rest_route=\/wp\/v2\/posts\/11128\/revisions\/11129"}],"wp:attachment":[{"href":"https:\/\/www.ladislavjakl.cz\/index.php?rest_route=%2Fwp%2Fv2%2Fmedia&parent=11128"}],"wp:term":[{"taxonomy":"category","embeddable":true,"href":"https:\/\/www.ladislavjakl.cz\/index.php?rest_route=%2Fwp%2Fv2%2Fcategories&post=11128"},{"taxonomy":"post_tag","embeddable":true,"href":"https:\/\/www.ladislavjakl.cz\/index.php?rest_route=%2Fwp%2Fv2%2Ftags&post=11128"}],"curies":[{"name":"wp","href":"https:\/\/api.w.org\/{rel}","templated":true}]}}