{"id":1118,"date":"2011-07-11T11:42:20","date_gmt":"2011-07-11T10:42:20","guid":{"rendered":"http:\/\/www.ladislavjakl.cz\/?p=1118"},"modified":"2011-07-11T11:42:20","modified_gmt":"2011-07-11T10:42:20","slug":"ladislav-jakl-v-ceskem-rozhlase-o-nepodpisu-tzv-male-duchodove-reformy","status":"publish","type":"post","link":"https:\/\/www.ladislavjakl.cz\/?p=1118","title":{"rendered":"Ladislav Jakl v \u010cesk\u00e9m rozhlase o nepodpisu tzv. mal\u00e9 d\u016fchodov\u00e9 reformy"},"content":{"rendered":"<p>Prezident V\u00e1clav Klaus nepodepsal novelu z\u00e1kona, kter\u00fd m\u011bn\u00ed v\u00fdpo\u010det  d\u016fchod\u016f. Ozn\u00e1mil to ve sv\u00e9m \u010dl\u00e1nku pro MF Dnes. Prezidentovi vad\u00ed  princip, kter\u00fd vl\u00e1da na popud \u00dastavn\u00edho soudu do d\u016fchodov\u00e9ho syst\u00e9mu  zavedla.<\/p>\n<p><!--more--><\/p>\n<p>\u010cl\u00e1nek a audio <a href=\"http:\/\/www.rozhlas.cz\/zpravy\/domaciekonomika\/_zprava\/prezident-klaus-nepodepsal-zakon-o-zmene-vypoctu-duchodu--917678\" target=\"_blank\">ZDE<\/a><\/p>\n","protected":false},"excerpt":{"rendered":"<p>Prezident V\u00e1clav Klaus nepodepsal novelu z\u00e1kona, kter\u00fd m\u011bn\u00ed v\u00fdpo\u010det d\u016fchod\u016f. Ozn\u00e1mil to ve sv\u00e9m \u010dl\u00e1nku pro MF Dnes. Prezidentovi vad\u00ed princip, kter\u00fd vl\u00e1da na popud \u00dastavn\u00edho soudu do d\u016fchodov\u00e9ho syst\u00e9mu zavedla.<\/p>\n","protected":false},"author":1,"featured_media":0,"comment_status":"open","ping_status":"open","sticky":false,"template":"","format":"standard","meta":{"ngg_post_thumbnail":0,"footnotes":""},"categories":[13],"tags":[],"class_list":["post-1118","post","type-post","status-publish","format-standard","hentry","category-rozhovory"],"_links":{"self":[{"href":"https:\/\/www.ladislavjakl.cz\/index.php?rest_route=\/wp\/v2\/posts\/1118","targetHints":{"allow":["GET"]}}],"collection":[{"href":"https:\/\/www.ladislavjakl.cz\/index.php?rest_route=\/wp\/v2\/posts"}],"about":[{"href":"https:\/\/www.ladislavjakl.cz\/index.php?rest_route=\/wp\/v2\/types\/post"}],"author":[{"embeddable":true,"href":"https:\/\/www.ladislavjakl.cz\/index.php?rest_route=\/wp\/v2\/users\/1"}],"replies":[{"embeddable":true,"href":"https:\/\/www.ladislavjakl.cz\/index.php?rest_route=%2Fwp%2Fv2%2Fcomments&post=1118"}],"version-history":[{"count":1,"href":"https:\/\/www.ladislavjakl.cz\/index.php?rest_route=\/wp\/v2\/posts\/1118\/revisions"}],"predecessor-version":[{"id":1119,"href":"https:\/\/www.ladislavjakl.cz\/index.php?rest_route=\/wp\/v2\/posts\/1118\/revisions\/1119"}],"wp:attachment":[{"href":"https:\/\/www.ladislavjakl.cz\/index.php?rest_route=%2Fwp%2Fv2%2Fmedia&parent=1118"}],"wp:term":[{"taxonomy":"category","embeddable":true,"href":"https:\/\/www.ladislavjakl.cz\/index.php?rest_route=%2Fwp%2Fv2%2Fcategories&post=1118"},{"taxonomy":"post_tag","embeddable":true,"href":"https:\/\/www.ladislavjakl.cz\/index.php?rest_route=%2Fwp%2Fv2%2Ftags&post=1118"}],"curies":[{"name":"wp","href":"https:\/\/api.w.org\/{rel}","templated":true}]}}