{"id":1124,"date":"2011-07-29T13:32:11","date_gmt":"2011-07-29T12:32:11","guid":{"rendered":"http:\/\/www.ladislavjakl.cz\/?p=1124"},"modified":"2011-07-29T13:32:11","modified_gmt":"2011-07-29T12:32:11","slug":"zastavte-to-kaceni","status":"publish","type":"post","link":"https:\/\/www.ladislavjakl.cz\/?p=1124","title":{"rendered":"Zastavte to k\u00e1cen\u00ed!"},"content":{"rendered":"<p>Sem\u00ednko vykl\u00ed\u010d\u00ed, zapust\u00ed ko\u0159\u00ednky a vy\u017eene mlad\u00fd stonek.  Kr\u00e1sn\u00fd \u017eiv\u00fd organismus roste a s\u00edl\u00ed. Odol\u00e1 nep\u0159\u00edzni po\u010das\u00ed a hled\u00e1 si  cestu ke slunci. P\u0159e\u017eije mraziv\u00e1 r\u00e1na, slejv\u00e1k i letn\u00ed poledn\u00ed \u017e\u00e1r. A  pak p\u0159ijde blbec \u010dlov\u011bk a poraz\u00ed ho. Ani ho nenech\u00e1 se vysemenit.<\/p>\n<p><!--more--><\/p>\n<div>\n<p>Nejen \u017ee ho nenech\u00e1  vysemenit. Naopak, semena sadisticky rozemele, sm\u00edch\u00e1 s\u00a0vodou, upe\u010de a  se\u017eere. Nebo je\u0161t\u011b brut\u00e1ln\u011bji: nech\u00e1 nakl\u00ed\u010dit, poskytne letmou klamnou  nad\u011bji budouc\u00edho \u017eivota, vz\u00e1p\u011bt\u00ed bez milosti zabije, usu\u0161\u00ed, uva\u0159\u00ed, nech\u00e1  zkvasit a vychlast\u00e1. P\u0159itom je na ten obiln\u00fd klas tak kr\u00e1sn\u00fd pohled. Co  mal\u00ed\u0159\u016f se j\u00edm nechalo inspirovat. Zlatem se vln\u00ed v\u00a0\u0161ir\u00fdch l\u00e1nech a pak  p\u0159ijede kombajn a zkos\u00ed jich po milionech. \u017divot za \u017eivotem, du\u0161e za  du\u0161\u00ed. A nikdo nesly\u0161\u00ed ten tenou\u010dk\u00fd bolestn\u00fd sten.<\/p>\n<p>L\u00e9to co l\u00e9to ohr\u00e1v\u00e1 se bez pov\u0161imnut\u00ed tahle masov\u00e1 vra\u017eda na  na\u0161ich pol\u00edch. Jen zoufal\u00e1 strni\u0161t\u011b zbudou po n\u00e1jezdu \u0161ik\u016f ocelov\u00fdch  lomoz\u00edc\u00edch kou\u0159\u00edc\u00edch nestv\u016fr. U\u0161lechtil\u00e9 hrd\u00e9 klasy padaj\u00ed, padaj\u00ed za  ob\u011b\u0165 lidsk\u00e9 po\u017eiva\u010dnosti. Kv\u016fli chlebu, kv\u016fli pivu vra\u017ed\u00ed lid\u00e9 rok co  rok v\u00a0l\u00edt\u00e9 genocid\u011b tyto kr\u00e1sn\u00e9 \u017eivouc\u00ed bytosti, sv\u011bdom\u00ed na\u0161\u00ed zpupnosti.<\/p>\n<p>A ka\u017ed\u00fd den zakousnou se do sv\u00e9ho kraj\u00edce a upij\u00ed sv\u00e9ho  piva, jako kdyby se obil\u00ed vyr\u00e1b\u011blo synteticky kdesi v neosobn\u00ed fabrice,  jako kdyby ne\u0161lo o na\u0161e \u017eiv\u00e9 sousedy na t\u00e9to planet\u011b, jako kdyby nebylo  pro n\u00e1\u0161 po\u017eitek nutno k\u00a0smrti umu\u010dit v\u00a0\u00fatrap\u00e1ch dal\u0161\u00ed a dal\u0161\u00ed jedine\u010dn\u00e9  \u017eivoty, jedine\u010dn\u00e9 osudy p\u0161eni\u010dn\u00fdch, \u017eitn\u00fdch, ovesn\u00fdch a je\u010dn\u00fdch st\u00e9bel.  Chutnalo by n\u00e1m, kdybychom si p\u0159i ka\u017ed\u00e9m soustu, p\u0159i ka\u017ed\u00e9m loku  uv\u011bdomili, \u017ee za ka\u017ed\u00fdm stoj\u00ed chladn\u00e1 vra\u017eda, kterou nikdo nechce  vid\u011bt?<\/p>\n<p>Co\u017e n\u00e1m to je jedno? Nesly\u0161\u00edme vol\u00e1n\u00ed bezbrann\u00e9ho obil\u00ed?  Jsme hlu\u0161\u00ed k\u00a0tomuhle odporn\u00e9mu masov\u00e9mu zab\u00edjen\u00ed? Ale p\u0159ece nikdy nen\u00ed  pozd\u011b! Je\u0161t\u011b dnes si m\u016f\u017eeme lehnout pod kombajn, je\u0161t\u011b dnes se m\u016f\u017eeme  p\u0159iv\u00e1zat k\u00a0ml\u00e1ti\u010de nebo traktoru. Je\u0161t\u011b dnes m\u016f\u017eeme vyslat zpr\u00e1vu, \u017ee  \u010dlov\u011bk nen\u00ed l\u00edtou \u0161elmou, ale m\u00edrumilovn\u00fdm p\u0159\u00edtelem, \u010dlenem rodiny  \u017eiv\u00fdch stvo\u0159en\u00ed.<\/p>\n<p>Zastavme to bezohledn\u00e9 ko\u0159istnick\u00e9 k\u00e1cen\u00ed.<\/p><\/div>\n","protected":false},"excerpt":{"rendered":"<p>Sem\u00ednko vykl\u00ed\u010d\u00ed, zapust\u00ed ko\u0159\u00ednky a vy\u017eene mlad\u00fd stonek. Kr\u00e1sn\u00fd \u017eiv\u00fd organismus roste a s\u00edl\u00ed. Odol\u00e1 nep\u0159\u00edzni po\u010das\u00ed a hled\u00e1 si cestu ke slunci. P\u0159e\u017eije mraziv\u00e1 r\u00e1na, slejv\u00e1k i letn\u00ed poledn\u00ed \u017e\u00e1r. A pak p\u0159ijde blbec \u010dlov\u011bk a poraz\u00ed ho. Ani ho nenech\u00e1 se vysemenit.<\/p>\n","protected":false},"author":1,"featured_media":0,"comment_status":"open","ping_status":"open","sticky":false,"template":"","format":"standard","meta":{"ngg_post_thumbnail":0,"footnotes":""},"categories":[10],"tags":[],"class_list":["post-1124","post","type-post","status-publish","format-standard","hentry","category-zlehka"],"_links":{"self":[{"href":"https:\/\/www.ladislavjakl.cz\/index.php?rest_route=\/wp\/v2\/posts\/1124","targetHints":{"allow":["GET"]}}],"collection":[{"href":"https:\/\/www.ladislavjakl.cz\/index.php?rest_route=\/wp\/v2\/posts"}],"about":[{"href":"https:\/\/www.ladislavjakl.cz\/index.php?rest_route=\/wp\/v2\/types\/post"}],"author":[{"embeddable":true,"href":"https:\/\/www.ladislavjakl.cz\/index.php?rest_route=\/wp\/v2\/users\/1"}],"replies":[{"embeddable":true,"href":"https:\/\/www.ladislavjakl.cz\/index.php?rest_route=%2Fwp%2Fv2%2Fcomments&post=1124"}],"version-history":[{"count":1,"href":"https:\/\/www.ladislavjakl.cz\/index.php?rest_route=\/wp\/v2\/posts\/1124\/revisions"}],"predecessor-version":[{"id":1125,"href":"https:\/\/www.ladislavjakl.cz\/index.php?rest_route=\/wp\/v2\/posts\/1124\/revisions\/1125"}],"wp:attachment":[{"href":"https:\/\/www.ladislavjakl.cz\/index.php?rest_route=%2Fwp%2Fv2%2Fmedia&parent=1124"}],"wp:term":[{"taxonomy":"category","embeddable":true,"href":"https:\/\/www.ladislavjakl.cz\/index.php?rest_route=%2Fwp%2Fv2%2Fcategories&post=1124"},{"taxonomy":"post_tag","embeddable":true,"href":"https:\/\/www.ladislavjakl.cz\/index.php?rest_route=%2Fwp%2Fv2%2Ftags&post=1124"}],"curies":[{"name":"wp","href":"https:\/\/api.w.org\/{rel}","templated":true}]}}