{"id":11240,"date":"2020-09-10T10:53:44","date_gmt":"2020-09-10T08:53:44","guid":{"rendered":"http:\/\/www.ladislavjakl.cz\/?p=11240"},"modified":"2020-09-10T10:53:44","modified_gmt":"2020-09-10T08:53:44","slug":"americka-promena-a-vanicka-vylita-i-s-ditetem","status":"publish","type":"post","link":"https:\/\/www.ladislavjakl.cz\/?p=11240","title":{"rendered":"Americk\u00e1 prom\u011bna a vani\u010dka vylit\u00e1 i s d\u00edt\u011btem"},"content":{"rendered":"<div class=\"opener\">Spojen\u00e9 st\u00e1ty jsou nejm\u00e9n\u011b od konce Druh\u00e9 sv\u011btov\u00e9 v\u00e1lky ur\u010duj\u00edc\u00ed silou cel\u00e9ho na\u0161eho z\u00e1padn\u00edho sv\u011bta. Tak tomu jist\u011b bude i v p\u0159\u00ed\u0161t\u00edch letech. Jen\u017ee co vlastn\u011b bude tato ur\u010duj\u00edc\u00ed s\u00edla ur\u010dovat nyn\u00ed?<\/div>\n<p><!--more--><\/p>\n<div id=\"art-text\" class=\"text\">\n<p>Loni na ja\u0159e jsem m\u011bl v Hlubok\u00e9 nad Vltavou p\u0159edn\u00e1\u0161ku s besedou. Kdy\u017e jsem byl p\u0159edem po\u017e\u00e1d\u00e1n, abych vymezil t\u00e9ma akce, nadiktoval jsem: \u201eP\u0159e\u017eije Z\u00e1pad na\u0161i generaci?\u201c U\u017e ten n\u00e1zev, nato\u017e pak vlastn\u00ed obsah debaty se tehdy n\u011bkter\u00fdm \u00fa\u010dastn\u00edk\u016fm zd\u00e1l p\u0159\u00edli\u0161 pesimistick\u00fdm a\u017e katastrofick\u00fdm. Moc r\u00e1d bych v\u011bd\u011bl, jak se na v\u011bc d\u00edvaj\u00ed dnes, tedy pot\u00e9, co se hlavn\u011b Americe stalo za posledn\u00edch jeden a p\u016fl roku. A kolik z nich si dnes \u0159\u00edk\u00e1, \u017ee jsem byl tehdy mo\u017en\u00e1 naopak je\u0161t\u011b optimistick\u00fd.<\/p>\n<p>Co tedy p\u0159ich\u00e1z\u00ed z Ameriky dnes? Ano, lze \u0159\u00edci, \u017ee za posledn\u00edch mnoho dek\u00e1d v\u0161echny z\u00e1sadn\u00ed trendy, v pozitivn\u00edm i negativn\u00edm smyslu, p\u0159i\u0161ly do zbytku z\u00e1padn\u00edho sv\u011bta (v\u010detn\u011b n\u00e1s) pr\u00e1v\u011b odtamtud. A s men\u0161\u00edm \u010di v\u011bt\u0161\u00edm zpo\u017ed\u011bn\u00edm a s men\u0161\u00ed \u010di v\u011bt\u0161\u00ed intenzitou pak zas\u00e1hly cel\u00fd zbytek z\u00e1padn\u00ed civilizace, a v jist\u00e9 m\u00ed\u0159e dokonce i cel\u00fd ostatn\u00ed sv\u011bt.<\/p>\n<p>\u010casto \u0161lo jen o m\u00f3dn\u00ed vlny, kter\u00e9 zmizely stejn\u011b rychle, jako p\u0159i\u0161ly. \u010casto ale \u0161lo i o nen\u00e1padn\u00e9, pl\u00ed\u017eiv\u00e9 zm\u011bny a posuny, kter\u00e9 se sice v \u010dase rozm\u011blnily, ale mnoh\u00e9 po nich z\u016fstalo. A t\u00edm vznikalo p\u0159\u00edzniv\u00e9 podhoub\u00ed pro dal\u0161\u00ed takov\u00e9 impulsy. S jistou nads\u00e1zkou lze \u0159\u00edci, \u017ee pokud USA dostaly r\u00fdmu, zbytek na\u0161eho sv\u011bta n\u00e1sledn\u011b dostal z\u00e1pal plic. A tak tomu je i nyn\u00ed.<\/p>\n<p>Prvn\u00ed smogov\u00e9 kalamity, prvn\u00ed katastrof\u00e1ln\u00ed dopravn\u00ed z\u00e1cpy, z\u00e1sadn\u00ed impulsy v um\u011bn\u00ed, hudb\u011b, kultu zdrav\u00e9 v\u00fd\u017eivy \u010di kolem joggingu, p\u0159evratn\u00e9 zm\u011bny technologick\u00e9, ale i \u017eivotn\u00edho stylu, ml\u00e1de\u017e sed\u00edc\u00ed cel\u00e9 dny u po\u010d\u00edta\u010dov\u00fdch her, nov\u00e9 sporty, dokonce i nov\u00e9 pivn\u00ed styly, obl\u00e9k\u00e1n\u00ed, ale i vlny n\u00e1sil\u00ed, organizovan\u00e9ho zlo\u010dinu, ok\u00e1zal\u00e9ho pohrd\u00e1n\u00ed usedl\u00fdm \u017eivotem rodi\u010d\u016f. Ale hlavn\u011b kolektivistick\u00e9 ideologie a soci\u00e1ln\u00ed in\u017een\u00fdrstv\u00ed nov\u00e9 generace. Pror\u016fst\u00e1n\u00ed ideologick\u00fdch doktr\u00edn do st\u00e1tn\u00edho apar\u00e1tu, \u0161kolstv\u00ed, m\u00e9di\u00ed i v\u011bdeck\u00fdch instituc\u00ed. Korporace jako p\u0159ekvapiv\u00ed nov\u00ed nositel\u00e9 ost\u0159e protitr\u017en\u00edch postoj\u016f a mohutn\u00fdch spole\u010densk\u00fdch projekt\u016f.<\/p>\n<p>Dnes jsou v m\u00f3d\u011b slova jako \u201eparadigma\u201c a \u201enarativy\u201c, ale nejde jen o jejich m\u00f3dnost. Jde o re\u00e1ln\u00e9 p\u0159eform\u00e1tov\u00e1n\u00ed a p\u0159evypr\u00e1v\u011bn\u00ed na\u0161eho pohledu na sv\u011bt, na spole\u010dnost, na d\u011bjiny, na roli jednotlivce, na svobodu \u010dlov\u011bka, na fenom\u00e9n obecn\u00e9ho dobra \u010di ve\u0159ejn\u011b \u201esd\u00edlen\u00e9ho\u201c prostoru.<\/p>\n<p>USA si zachovaly vojenskou, politickou a hospod\u00e1\u0159skou moc \u0161\u00ed\u0159it a prosazovat v\u0161ude po sv\u011bt ideje, na kter\u00fdch byla postavena jejich st\u00e1tnost a jejich civiliza\u010dn\u00ed tradice. A tyto ideje prosazovaly \u010dasto i velmi sporn\u00fdm zp\u016fsobem, zvl\u00e1\u0161t\u011b p\u0159evl\u00e1dly-li v jejich zahrani\u010dn\u00ed politice prvky intervencionalismu. V posledn\u00edch desetilet\u00edch v\u0161ak do\u0161lo k postupn\u00e9 v\u00fdm\u011bn\u011b cel\u00e9 jejich baz\u00e1ln\u00ed ideov\u00e9 v\u00fdbavy. Co tedy \u0161\u00ed\u0159\u00ed USA po sv\u011bt\u011b dnes? Je t\u0159eba se na to za\u010d\u00edt neodbytn\u011b pt\u00e1t a nespokojit se s t\u00edm, \u017ee p\u0159eci z\u00e1padn\u00ed hodnoty. Ale kter\u00e9? Jak\u00e9 hodnoty se v posledn\u00edch dek\u00e1d\u00e1ch staly t\u011bmi prav\u00fdmi z\u00e1padn\u00edmi, kdy\u017e ty p\u016fvodn\u00ed jsou dnes odes\u00edl\u00e1ny na smeti\u0161t\u011b d\u011bjin?<\/p>\n<p>USA to nikdy nem\u011bly jednoduch\u00e9. Nem\u011bly \u017e\u00e1dn\u00fd vzor. \u017d\u00e1dn\u00fd p\u0159\u00edklad hodn\u00fd n\u00e1sledov\u00e1n\u00ed a ani \u017e\u00e1dn\u00fd varovn\u00fd a odstra\u0161uj\u00edc\u00ed p\u0159\u00edklad. V\u017edy to byly USA, kdo si musel s\u00e1hnout na kamna jako prvn\u00ed. Ale v\u017edy se nakonec z on\u00e9 slep\u00e9 uli\u010dky jako prvn\u00ed dostaly ven. N\u011bkdy bylo a\u017e legra\u010dn\u00ed pozorovat zbytek sv\u011bta, jak si to v\u0161e s n\u011bjak\u00fdm zpo\u017ed\u011bn\u00edm vyzkou\u0161el na vlastn\u00ed k\u016f\u017ei, p\u0159itom se sta\u010dilo pod\u00edvat p\u0159es oce\u00e1n, pou\u010dit se a n\u011bkter\u00fdch slep\u00fdch uli\u010dek se vyvarovat.<\/p>\n<p>M\u00e1me \u0161anci se nyn\u00ed kone\u010dn\u011b pou\u010dit? Kniha IVK Sebedestrukce Z\u00e1padu, kter\u00e1 vych\u00e1z\u00ed v t\u011bchto dnech, na tuto ot\u00e1zku neodpov\u00edd\u00e1. Dokonce ji ani neklade. Poctiv\u011b ale mapuje hloubku mal\u00e9ru, do kter\u00e9ho se nyn\u00ed spolu s Amerikou pot\u00e1p\u00edme. T\u0159eba nap\u00ed\u0161e n\u011bjak\u00e9 konstruktivn\u00ed pokra\u010dov\u00e1n\u00ed n\u011bkter\u00fd z \u010dten\u00e1\u0159\u016f, kdov\u00ed.<\/p>\n<p>Nemohu si zde odpustit osobn\u00ed pozn\u00e1mku. P\u0159ed p\u00e1r lety jsem podruh\u00e9 shl\u00e9dl slavn\u00fd Hopper\u016fv film Bezstarostn\u00e1 j\u00edzda. Po skoro pades\u00e1ti letech. Stejn\u011b jako tehdy jsem i tentokr\u00e1t souc\u00edtil s mlad\u00fdmi rebelanty, kte\u0159\u00ed nikdy nic u\u017eite\u010dn\u00e9ho neud\u011blali, ale p\u0159esto sb\u00edrali velmi sporn\u00e9 sympatie t\u00edm, \u017ee se sna\u017eili \u017e\u00edt svobodn\u011b a bezstarostn\u011b uprost\u0159ed americk\u00e9 venkovsk\u00e9 tradi\u010dn\u00ed konzervativn\u00ed spole\u010dnosti postaven\u00e9 na vzorc\u00edch pades\u00e1t\u00fdch let. Spole\u010dnosti, kter\u00e1 nejen ctila sv\u00e9 z\u00e1sady, ale nutila ka\u017ed\u00e9ho, aby je ctil tak\u00e9.<\/p>\n<p>A co ud\u011blaly s touto starou dobrou spole\u010dnost\u00ed USA? Zachovaly se, jako kdy\u017e sportovec sprintuj\u00edc\u00ed v hale na 60 metr\u016f nen\u00ed schopen zastavit v c\u00edli a mus\u00ed des\u00edtky metr\u016f ze setrva\u010dnosti b\u011b\u017eet d\u00e1l. Tak i americk\u00e1 spole\u010dnost, kter\u00e1 se snad i do jist\u00e9 m\u00edry opr\u00e1vn\u011bn\u011b cht\u011bla osvobodit s n\u011bkter\u00fdch rigidn\u00edch vzorc\u016f, b\u011b\u017eela d\u00e1l a vylila s vani\u010dkou i d\u00edt\u011b. Proto jsem se na onen film nyn\u00ed d\u00edval u\u017e jin\u00fdma o\u010dima. Bylo nutn\u00e9 p\u0159i sv\u00e9m \u201eosvobozen\u00ed\u201c rozb\u00edt \u00fapln\u011b v\u0161e dosavadn\u00ed? \u010cemu se t\u00edm otev\u0159ely dve\u0159e v dal\u0161\u00edch desetilet\u00edch? Jak\u00fd d\u017ein byl vypu\u0161t\u011bn?<\/p>\n<p>To vid\u00edme dnes v p\u0159\u00edm\u00e9m p\u0159enose. Sledujme to s nap\u011bt\u00edm. Proto\u017ee v p\u0159\u00ed\u0161t\u00edm d\u00edle t\u00e9hle nap\u00ednav\u00e9 reality show se staneme akt\u00e9ry i my, stejn\u011b jako cel\u00fd z\u00e1padn\u00ed sv\u011bt.<\/p>\n<\/div>\n<p><a href=\"https:\/\/jakl.blog.idnes.cz\/blog.aspx?c=756982\">Zdroj<\/a><\/p>\n","protected":false},"excerpt":{"rendered":"<p>Spojen\u00e9 st\u00e1ty jsou nejm\u00e9n\u011b od konce Druh\u00e9 sv\u011btov\u00e9 v\u00e1lky ur\u010duj\u00edc\u00ed silou cel\u00e9ho na\u0161eho z\u00e1padn\u00edho sv\u011bta. Tak tomu jist\u011b bude i v p\u0159\u00ed\u0161t\u00edch letech. Jen\u017ee co vlastn\u011b bude tato ur\u010duj\u00edc\u00ed s\u00edla ur\u010dovat nyn\u00ed?<\/p>\n","protected":false},"author":1,"featured_media":0,"comment_status":"open","ping_status":"open","sticky":false,"template":"","format":"standard","meta":{"ngg_post_thumbnail":0,"footnotes":""},"categories":[1],"tags":[],"class_list":["post-11240","post","type-post","status-publish","format-standard","hentry","category-publikovane-clanky"],"_links":{"self":[{"href":"https:\/\/www.ladislavjakl.cz\/index.php?rest_route=\/wp\/v2\/posts\/11240","targetHints":{"allow":["GET"]}}],"collection":[{"href":"https:\/\/www.ladislavjakl.cz\/index.php?rest_route=\/wp\/v2\/posts"}],"about":[{"href":"https:\/\/www.ladislavjakl.cz\/index.php?rest_route=\/wp\/v2\/types\/post"}],"author":[{"embeddable":true,"href":"https:\/\/www.ladislavjakl.cz\/index.php?rest_route=\/wp\/v2\/users\/1"}],"replies":[{"embeddable":true,"href":"https:\/\/www.ladislavjakl.cz\/index.php?rest_route=%2Fwp%2Fv2%2Fcomments&post=11240"}],"version-history":[{"count":1,"href":"https:\/\/www.ladislavjakl.cz\/index.php?rest_route=\/wp\/v2\/posts\/11240\/revisions"}],"predecessor-version":[{"id":11241,"href":"https:\/\/www.ladislavjakl.cz\/index.php?rest_route=\/wp\/v2\/posts\/11240\/revisions\/11241"}],"wp:attachment":[{"href":"https:\/\/www.ladislavjakl.cz\/index.php?rest_route=%2Fwp%2Fv2%2Fmedia&parent=11240"}],"wp:term":[{"taxonomy":"category","embeddable":true,"href":"https:\/\/www.ladislavjakl.cz\/index.php?rest_route=%2Fwp%2Fv2%2Fcategories&post=11240"},{"taxonomy":"post_tag","embeddable":true,"href":"https:\/\/www.ladislavjakl.cz\/index.php?rest_route=%2Fwp%2Fv2%2Ftags&post=11240"}],"curies":[{"name":"wp","href":"https:\/\/api.w.org\/{rel}","templated":true}]}}