{"id":11246,"date":"2020-09-24T10:46:34","date_gmt":"2020-09-24T08:46:34","guid":{"rendered":"http:\/\/www.ladislavjakl.cz\/?p=11246"},"modified":"2020-09-24T10:46:34","modified_gmt":"2020-09-24T08:46:34","slug":"prymula-nenavidi-hospody","status":"publish","type":"post","link":"https:\/\/www.ladislavjakl.cz\/?p=11246","title":{"rendered":"Prymula nen\u00e1vid\u00ed hospody"},"content":{"rendered":"<div class=\"opener\">Velk\u00e1 \u010d\u00e1st n\u00e1roda se s jeho jm\u00e9nem setkala a\u017e letos na ja\u0159e v souvislosti s n\u011bkter\u00fdmi jeho extr\u00e9mn\u00edmi v\u00fdroky kolem covidov\u00e9 karant\u00e9ny. J\u00e1 jsem se s n\u00edm ale potkal &#8211; nebo sp\u00ed\u0161e utkal &#8211; u\u017e d\u0159\u00edve.<\/div>\n<p><!--more--><\/p>\n<div id=\"art-text\" class=\"text\">\n<p>Bylo to b\u011bhem bou\u0159liv\u00e9 debaty na t\u00e9ma, zda zak\u00e1zat hospodsk\u00fdm, aby nab\u00edzeli takovou slu\u017ebu, o ni\u017e maj\u00ed jejich z\u00e1kazn\u00edci z\u00e1jem, a m\u00edsto toho hospody nutit, aby nab\u00edzely slu\u017ebu jinou. Ano, \u0161lo o z\u00e1kaz kou\u0159en\u00ed v restaurac\u00edch a putyk\u00e1ch. Krom\u011b jedn\u00e9 jeho mond\u00e9nn\u00ed kolegyn\u011b na vysok\u00fdch podpatc\u00edch a s n\u00e1padnou rt\u011bnkou kolem \u00fast byl hlavn\u00ed tv\u00e1\u0159\u00ed tehdej\u0161\u00edho boje za omezen\u00ed svobody podnik\u00e1n\u00ed pr\u00e1v\u011b tenhle mu\u017e.<\/p>\n<p>Nejm\u00e9n\u011b 25 let jsem se anga\u017eoval proti v\u0161em n\u00e1pad\u016fm zak\u00e1zat kou\u0159en\u00ed v hospod\u00e1ch, a tak jsme se tehdy s Prymulou p\u00e1rkr\u00e1t st\u0159etli. Nejv\u00fdrazn\u011bji p\u0159i debat\u011b Sen\u00e1tu p\u0159ed t\u0159ema lety. Stokr\u00e1t, tis\u00edckr\u00e1t jsem mohl \u0159\u00edkat, \u017ee chystan\u00fd z\u00e1kaz neochra\u0148uje ty, kte\u0159\u00ed necht\u011bj\u00ed b\u00fdt vystaveni kou\u0159i, proto\u017ee stejn\u011b jako je nikdo nenut\u00ed chodit do sado-maso salon\u016f, na hlu\u010dn\u00e9 diskot\u00e9ky \u010di jezdit na horsk\u00e9 dr\u00e1ze, tak i zde nemus\u00ed p\u0159ijmout nab\u00eddku slu\u017eby zvan\u00e9 \u201ezahulen\u00e1\u201c putyka. P\u0159ijmou ji ti, pro kter\u00e9 je takov\u00e1 slu\u017eba z r\u016fzn\u00fdch d\u016fvod\u016f zaj\u00edmav\u00e1.<\/p>\n<p>Prymula ani tehdy \u017e\u00e1dn\u00e9 argumenty neposlouchal a mlel si svou mantru o \u0161kodlivosti pasivn\u00edho kou\u0159en\u00ed. Pro\u010d ne, je to jist\u011b zaj\u00edmav\u00e9 t\u00e9ma. Ale pat\u0159\u00ed do debaty o z\u00e1kazu kou\u0159it kdekoli, i doma, pokud je nabl\u00edzku n\u011bkdo, kdo si to nep\u0159eje. Ne do debaty o omezen\u00ed v\u00fdznamn\u00e9 \u017eivnosti.<\/p>\n<p>U\u017e tehdy Prymula prok\u00e1zal nulov\u00e9 pochopen\u00ed pro starosti majitel\u016f a provozovatel\u016f hospod. Pro n\u011bj to nen\u00ed soukrom\u00e1 slu\u017eba, kdy jeden cosi nab\u00edz\u00ed a druh\u00fd nab\u00eddku p\u0159ijme nebo nep\u0159ijme. Pro n\u011bj to je z milosti st\u00e1tu prop\u016fj\u010den\u00e9 privilegium sm\u011bt poskytovat jen takov\u00e9 slu\u017eby, kter\u00e9 ur\u010d\u00ed st\u00e1t.<\/p>\n<p>A stejn\u011b se chov\u00e1 i nyn\u00ed. Lze tak soudit z jeho v\u00fdrok\u016f, \u017ee omezen\u00ed otev\u00edrac\u00ed doby ty restaurace holt snad n\u011bjak p\u0159e\u017eij\u00ed, a \u017ee kdyby povolil otev\u00edrac\u00ed dobu do p\u016flnoci, budou se v okol\u00ed hospod je\u0161t\u011b dv\u011b hodiny pot\u00e9 potulovat host\u00e9 a vym\u011b\u0148ovat si virovou v\u00fdbavu. Byl n\u011bkdy v \u017eivot\u011b v hospod\u011b? To mysl\u00ed v\u00e1\u017en\u011b? Nebo \u010derp\u00e1 sv\u00e9 dojmy ze sledov\u00e1n\u00ed n\u011bjak\u00e9ho filmu o doupatech narkomansk\u00e9 ml\u00e1de\u017ee?<\/p>\n<p>I zde u\u017e se objevuj\u00ed pr\u016fzkumy. Jist\u011b, lidem, kte\u0159\u00ed do hospod nechod\u00ed, t\u011bm omezen\u00ed otev\u00edrac\u00ed doby nevad\u00ed. Ale copak o tom se d\u00e1 hlasovat? Kde je\u0161t\u011b jinde dobrovolnou dohodu mezi jedn\u00edm a druh\u00fdm zak\u00e1\u017eou t\u0159i dal\u0161\u00ed, kter\u00fdm do toho nic nen\u00ed?<\/p>\n<p>Je dobr\u00e9 b\u00fdt pozorn\u00fd v p\u0159\u00edpad\u011b hroz\u00edc\u00ed ch\u0159ipkov\u00e9 n\u00e1kazy. Je t\u0159eba dodr\u017eovat hygienick\u00e9 z\u00e1sady a dal\u0161\u00ed pokyny. Nen\u00ed ale v\u016fbec jedno, kdo takov\u00e9 pokyny a restrikce vyd\u00e1v\u00e1. M\u016f\u017ee b\u00fdt erudovan\u00fd, jak chce. Ale ono z\u00e1le\u017e\u00ed i na ideov\u00e9 v\u00fdbav\u011b. A jestli ten \u010dlov\u011bk nem\u00e1 pra\u017e\u00e1dnou \u00factu k \u017eivnostensk\u00e9mu podnik\u00e1n\u00ed, je pro n\u011bj nesnesiteln\u011b lehk\u00e9 \u0161l\u00e1pnout okovanou botou do u\u017e tak poran\u011bn\u00e9ho oboru.<\/p>\n<p>Prymula nen\u00ed hygienikem. Nen\u00ed imunologem. Nyn\u00ed je politikem. \u010clenem vl\u00e1dy. Jako ministr bude hlasovat i o v\u011bcech, kter\u00e9 se zdravotnictv\u00edm nemaj\u00ed nic spole\u010dn\u00e9ho. V\u011bzme, \u017ee jeho my\u0161lenkovou a hodnotovou v\u00fdbavou je nulov\u00fd respekt a cit v\u016f\u010di lidem, kte\u0159\u00ed d\u0159ou jak mourovat\u00ed, aby si trochu vyd\u011blali.<\/p>\n<\/div>\n<p><a href=\"https:\/\/jakl.blog.idnes.cz\/blog.aspx?c=757752\">Zdroj<\/a><\/p>\n","protected":false},"excerpt":{"rendered":"<p>Velk\u00e1 \u010d\u00e1st n\u00e1roda se s jeho jm\u00e9nem setkala a\u017e letos na ja\u0159e v souvislosti s n\u011bkter\u00fdmi jeho extr\u00e9mn\u00edmi v\u00fdroky kolem covidov\u00e9 karant\u00e9ny. J\u00e1 jsem se s n\u00edm ale potkal &#8211; nebo sp\u00ed\u0161e utkal &#8211; u\u017e d\u0159\u00edve.<\/p>\n","protected":false},"author":1,"featured_media":0,"comment_status":"open","ping_status":"open","sticky":false,"template":"","format":"standard","meta":{"ngg_post_thumbnail":0,"footnotes":""},"categories":[1],"tags":[],"class_list":["post-11246","post","type-post","status-publish","format-standard","hentry","category-publikovane-clanky"],"_links":{"self":[{"href":"https:\/\/www.ladislavjakl.cz\/index.php?rest_route=\/wp\/v2\/posts\/11246","targetHints":{"allow":["GET"]}}],"collection":[{"href":"https:\/\/www.ladislavjakl.cz\/index.php?rest_route=\/wp\/v2\/posts"}],"about":[{"href":"https:\/\/www.ladislavjakl.cz\/index.php?rest_route=\/wp\/v2\/types\/post"}],"author":[{"embeddable":true,"href":"https:\/\/www.ladislavjakl.cz\/index.php?rest_route=\/wp\/v2\/users\/1"}],"replies":[{"embeddable":true,"href":"https:\/\/www.ladislavjakl.cz\/index.php?rest_route=%2Fwp%2Fv2%2Fcomments&post=11246"}],"version-history":[{"count":1,"href":"https:\/\/www.ladislavjakl.cz\/index.php?rest_route=\/wp\/v2\/posts\/11246\/revisions"}],"predecessor-version":[{"id":11247,"href":"https:\/\/www.ladislavjakl.cz\/index.php?rest_route=\/wp\/v2\/posts\/11246\/revisions\/11247"}],"wp:attachment":[{"href":"https:\/\/www.ladislavjakl.cz\/index.php?rest_route=%2Fwp%2Fv2%2Fmedia&parent=11246"}],"wp:term":[{"taxonomy":"category","embeddable":true,"href":"https:\/\/www.ladislavjakl.cz\/index.php?rest_route=%2Fwp%2Fv2%2Fcategories&post=11246"},{"taxonomy":"post_tag","embeddable":true,"href":"https:\/\/www.ladislavjakl.cz\/index.php?rest_route=%2Fwp%2Fv2%2Ftags&post=11246"}],"curies":[{"name":"wp","href":"https:\/\/api.w.org\/{rel}","templated":true}]}}