{"id":1126,"date":"2011-08-02T08:38:37","date_gmt":"2011-08-02T07:38:37","guid":{"rendered":"http:\/\/www.ladislavjakl.cz\/?p=1126"},"modified":"2011-08-02T08:38:37","modified_gmt":"2011-08-02T07:38:37","slug":"jakl-slusni-lide-si-zaslouzi-podporu-proti-zelenym-extremistum","status":"publish","type":"post","link":"https:\/\/www.ladislavjakl.cz\/?p=1126","title":{"rendered":"Jakl: Slu\u0161n\u00ed lid\u00e9 si zaslou\u017e\u00ed podporu proti zelen\u00fdm extremist\u016fm"},"content":{"rendered":"<p>Tajemn\u00edk prezidenta republiky a \u0161\u00e9f Politick\u00e9ho odboru KPR Ladislav Jakl se zlob\u00ed na ekologick\u00e9 aktivisty, kte\u0159\u00ed br\u00e1n\u00ed d\u0159evorubc\u016fm v k\u00e1cen\u00ed k\u016frovcem napaden\u00fdch strom\u016f. Parlamentn\u00edmList\u016fm.cz se Jakl sv\u011b\u0159il s t\u00edm, \u017ee zva\u017euje, \u017ee pojede podpo\u0159it obyvatele \u0160umavy a m\u00edstn\u00ed starosty, kte\u0159\u00ed podporuj\u00ed boj s k\u016frovcem.<\/p>\n<p><!--more--><\/p>\n<p>\u201eNevylu\u010duji, \u017ee se na Modravu zajedu pod\u00edvat. Slu\u0161n\u00ed lid\u00e9 si zaslou\u017e\u00ed  podporu a ochranu p\u0159ed zelen\u00fdmi extremisty,&#8220; \u0159ekl Parlamentn\u00edmList\u016fm.cz  Jakl. \u201eZelen\u00e9 hnut\u00ed je fenom\u00e9n, kter\u00fd nezmiz\u00ed ze spole\u010densk\u00e9 sc\u00e9ny. J\u00e1  ho pova\u017euji za neblah\u00fd a nep\u0159\u00edzniv\u00fd. Mysl\u00edm si, \u017ee se m\u016f\u017ee op\u00edrat o  legislativn\u00ed prost\u0159ed\u00ed, kter\u00e9 mu nahr\u00e1v\u00e1 a je velmi \u0161patn\u00e9. Legislativa  d\u00e1v\u00e1 ohromn\u00fd vliv t\u011bmto r\u016fzn\u00fdm organizovan\u00fdm n\u00e1tlakov\u00fdm lobbistick\u00fdm i  vyd\u011bra\u010dsk\u00fdm skupin\u00e1m z tohoto prost\u0159ed\u00ed,&#8220; uvedl tajemn\u00edk prezidenta.<\/p>\n<p><strong>Extr\u00e9mn\u00ed prost\u0159edky extr\u00e9mn\u00ed politiky<\/strong><\/p>\n<p>Podle Jakla mezi politick\u00fdm k\u0159\u00eddlem, kter\u00e9 se tv\u00e1\u0159\u00ed, \u017ee respektuje  z\u00e1kladn\u00ed demokratick\u00e1 pravidla, a mezi t\u00edm boj\u016fvk\u00e1\u0159sk\u00fdm neexistuje \u017e\u00e1dn\u00e1  ostr\u00e1 hranice a vz\u00e1jemn\u00e9 prol\u00edn\u00e1n\u00ed zde v\u017edy existovalo. Podle n\u011bho je  zelen\u00e9 hnut\u00ed extremistick\u00e9, nebo\u0165 prosazuje extr\u00e9mn\u00ed ideologii  extr\u00e9mn\u00edmi prost\u0159edky.<br \/>\n\u201eCo se t\u00fd\u010de obsahu, tak i tam jde o extr\u00e9mn\u00ed nahl\u00ed\u017een\u00ed na spole\u010dnost,  civilizaci, kulturu. Jde o radik\u00e1ln\u00ed pop\u0159en\u00ed toho, na \u010dem je na\u0161e  spole\u010dnost vystav\u011bna a byla vystav\u011bna generacemi na\u0161ich p\u0159edk\u016f &#8211; na  pot\u00fdk\u00e1n\u00ed se s p\u0159\u00edrodou, na jej\u00edm osvojov\u00e1n\u00ed. Je to extr\u00e9mn\u00ed pohled,  kter\u00fd byl p\u0159ijat medi\u00e1ln\u00edm mainstreamem jako n\u011bco norm\u00e1ln\u00edho. V\u016fbec to  v\u0161ak neznamen\u00e1, \u017ee se t\u00edm ztratil ten extremistick\u00fd n\u00e1boj. Sta\u010d\u00ed jet  kamkoli na venkov popov\u00eddat si s norm\u00e1ln\u00edmi lidmi o t\u011bchto zelen\u00fdch  aktivistech \u010di radik\u00e1lech p\u0159ich\u00e1zej\u00edc\u00edch z velkom\u011bstsk\u00fdch kav\u00e1ren a  zkou\u0161ej\u00edc\u00edch jim nutit, jak se maj\u00ed chovat, co maj\u00ed d\u011blat, co maj\u00ed  vyr\u00e1b\u011bt a spot\u0159ebov\u00e1vat, a ti v\u00e1m jist\u011b \u0159eknou, \u017ee je pova\u017euj\u00ed za  vyhrocen\u00e9 extremisty,&#8220; m\u00edn\u00ed o ekoaktivistech Jakl.<\/p>\n<p><strong>Ekoterorismus hor\u0161\u00ed ne\u017e Al-K\u00e1ida<\/strong><\/p>\n<p>Podobn\u011b se ve sv\u00fdch z\u00e1pisc\u00edch z\u00a0Austr\u00e1lie vyj\u00e1d\u0159il i prezident Klaus.  \u201eKde vid\u00edm v\u00a0sou\u010dasnosti ve sv\u011bt\u011b jej\u00ed nejv\u011bt\u0161\u00ed ohro\u017een\u00ed &#8211; vid\u00edm je  v\u00a0environmentalismu a v odn\u00e1rod\u0148ov\u00e1n\u00ed st\u00e1t\u016f a v p\u0159echodu ke glob\u00e1ln\u00edmu a  evropsk\u00e9mu vl\u00e1dnut\u00ed. T\u011bchto dvou v\u011bc\u00ed se j\u00e1 boj\u00edm v\u00edce ne\u017e Al-K\u00e1idy.  Jestli mi n\u011bkdo z\u00a0m\u00fdch \u010dten\u00e1\u0159\u016f nerozum\u00ed, pak p\u0159epos\u00edl\u00e1m SMS, kter\u00e1 mi  pr\u00e1v\u011b p\u0159i psan\u00ed t\u00e9to v\u011bty p\u0159i\u0161la: \u00b4Ekologi\u010dt\u00ed aktivist\u00e9 se na \u0160umav\u011b  zav\u011bsili v\u00a0s\u00edt\u00edch do korun strom\u016f napaden\u00fdch k\u016frovcem. Br\u00e1n\u00ed jejich  k\u00e1cen\u00ed.\u00b4 Snad u\u017e k\u00a0tomu nen\u00ed t\u0159eba nic dod\u00e1vat,&#8220; napsal prezident.<br \/>\nEvropsk\u00e1 komise tak\u00e9 po\u017e\u00e1dala \u010desk\u00e9 ministerstvo zahrani\u010d\u00ed, aby j\u00ed  vysv\u011btlilo d\u011bn\u00ed v N\u00e1rodn\u00edm parku \u0160umava. Vm\u011b\u0161ov\u00e1n\u00ed Evropsk\u00e9 unie do  z\u00e1le\u017eitost\u00ed \u010cesk\u00e9 republiky se ale nel\u00edb\u00ed mnoha poslanc\u016fm a sen\u00e1tor\u016fm  nap\u0159\u00ed\u010d politick\u00fdm spektrem, p\u0159edev\u0161\u00edm ale v ODS. \u0158ada politik\u016f si tak\u00e9  nebrala serv\u00edtky p\u0159i sv\u00fdch vyj\u00e1d\u0159en\u00edch o aktivistech.<\/p>\n<p><strong><br \/>\nEkoorganiazce dost\u00e1vaj\u00ed pen\u00edze od st\u00e1tu<\/strong><\/p>\n<p>\u201eTa sebranka, co tam neleg\u00e1ln\u011b br\u00e1n\u00ed k\u00e1cen\u00ed, je banda profesion\u00e1ln\u00edch  protestuj\u00edc\u00edch anarchist\u016f, kte\u0159\u00ed se ji\u017e p\u0159ivazovali t\u0159eba k Temel\u00ednu.  Jsou to bl\u00e1zni a v\u0161ichni jsou z nich tady ne\u0161\u0165astn\u00ed. Obyvatel\u00e9 \u0160umavy i  starostov\u00e9 spr\u00e1vn\u011b \u0159\u00edkaj\u00ed, \u017ee ne\u017e aby n\u00e1m tady vl\u00e1dli ekoterorist\u00e9 a  ud\u011blali si ze \u0160umavy m\u00edsto pro sv\u00e9 zvr\u00e1cen\u00e9 experimenty a dost\u00e1v\u00e1n\u00ed  st\u00e1tn\u00edch pen\u011bz, tak je lep\u0161\u00ed n\u00e1rodn\u00ed park zru\u0161it,&#8220; \u0159ekl  Parlamentn\u00edmList\u016fm.cz sen\u00e1tor Tom\u00e1\u0161 Jirsa z\u00a0ODS, do jeho\u017e volebn\u00edho  obvodu \u0160umava \u010d\u00e1ste\u010dn\u011b p\u0159\u00edslu\u0161\u00ed.<\/p>\n<p>Ten upozor\u0148uje, \u017ee \u0159ada \u201eekoorganizac\u00ed&#8220; je na p\u0159e\u017eit\u00ed k\u016frovce na \u0160umav\u011b  zainteresov\u00e1na. Jedn\u00e1 se o lidi z Jiho\u010desk\u00e9 univerzity \u010di Hnut\u00ed duha a  \u0160umavaPro, kte\u0159\u00ed\u00a0ji\u017e dostali od st\u00e1tu mnohamilionov\u00e9 p\u0159\u00edsp\u011bvky.<\/p>\n<p><strong><br \/>\nProfesion\u00e1ln\u00ed protestuj\u00edc\u00ed<\/strong><\/p>\n<p>Web iDnes.cz v\u00a0sobotu uvedl, \u017ee druh\u00fdm nejd\u016fle\u017eit\u011bj\u0161\u00edm mu\u017eem blok\u00e1dy  proti k\u00e1cen\u00ed strom\u016f na \u0160umav\u011b je Jan Pi\u0148os, kter\u00fd se na konci lo\u0148sk\u00e9ho  roku hl\u00e1sil do v\u00fdb\u011brov\u00e9ho \u0159\u00edzen\u00ed na \u0159editele parku, nyn\u00ed s jeho veden\u00edm a  j\u00edm najat\u00fdmi d\u0159eva\u0159i nekompromisn\u011b v\u00e1l\u010d\u00ed a p\u0159ipravuje taktiku  aktivist\u016f. Ten doned\u00e1vna pracoval jako \u0159editel kampan\u00ed Greenpeace.<\/p>\n<p>Aktivist\u00e9 neorganizuj\u00ed blok\u00e1du nahodile. Podle iDnes.cz maj\u00ed protest  pr\u00e1vn\u011b i finan\u010dn\u011b zaji\u0161t\u011bn\u00fd. Kdo se chce k protestu p\u0159idat, dozv\u00ed se, \u017ee  se nemus\u00ed ni\u010deho b\u00e1t. U Pta\u010d\u00edho potoka na \u0160umav\u011b se u\u017e \u010dtrn\u00e1ct dn\u00ed  sna\u017e\u00ed ekoaktivist\u00e9 zabr\u00e1nit pok\u00e1cen\u00ed tis\u00edc\u016f tamn\u00edch smrk\u016f, proto\u017ee se  t\u00edm podle nich nen\u00e1vratn\u011b ni\u010d\u00ed vz\u00e1cn\u00fd kus \u0161umavsk\u00e9 p\u0159\u00edrody.<\/p>\n<p>V\u0161ech dvaadvacet \u0161umavsk\u00fdch starost\u016f napsalo dopis, ve kter\u00e9m vyz\u00fdvaj\u00ed  \u010desk\u00e9 i evropsk\u00e9 politiky a \u00fa\u0159ady, aby zastavili v\u011bdeck\u00e9 experimenty,  kter\u00e9 vedou k devastaci les\u016f k\u016frovcem. Pokud tak neu\u010din\u00ed, cht\u011bj\u00ed, aby  byl \u0161umavsk\u00fd n\u00e1rodn\u00ed park zru\u0161en. Proti ekoaktivist\u016fm protestovali i  obyvatel\u00e9 \u0160umavy. V\u00a0p\u00e1tek anonym ozn\u00e1mil, \u017ee je v\u00a0m\u00edst\u011b k\u00e1cen\u00ed bomba,  co\u017e se uk\u00e1zalo jako popla\u0161n\u00e1 zpr\u00e1va.<\/p>\n<p><a href=\"http:\/\/www.parlamentnilisty.cz\/zpravy\/204105.aspx\" target=\"_blank\">Zdroj<\/a><\/p>\n","protected":false},"excerpt":{"rendered":"<p>Tajemn\u00edk prezidenta republiky a \u0161\u00e9f Politick\u00e9ho odboru KPR Ladislav Jakl se zlob\u00ed na ekologick\u00e9 aktivisty, kte\u0159\u00ed br\u00e1n\u00ed d\u0159evorubc\u016fm v k\u00e1cen\u00ed k\u016frovcem napaden\u00fdch strom\u016f. Parlamentn\u00edmList\u016fm.cz se Jakl sv\u011b\u0159il s t\u00edm, \u017ee zva\u017euje, \u017ee pojede podpo\u0159it obyvatele \u0160umavy a m\u00edstn\u00ed starosty, kte\u0159\u00ed podporuj\u00ed boj s k\u016frovcem.<\/p>\n","protected":false},"author":1,"featured_media":0,"comment_status":"open","ping_status":"open","sticky":false,"template":"","format":"standard","meta":{"ngg_post_thumbnail":0,"footnotes":""},"categories":[11],"tags":[],"class_list":["post-1126","post","type-post","status-publish","format-standard","hentry","category-ozvena"],"_links":{"self":[{"href":"https:\/\/www.ladislavjakl.cz\/index.php?rest_route=\/wp\/v2\/posts\/1126","targetHints":{"allow":["GET"]}}],"collection":[{"href":"https:\/\/www.ladislavjakl.cz\/index.php?rest_route=\/wp\/v2\/posts"}],"about":[{"href":"https:\/\/www.ladislavjakl.cz\/index.php?rest_route=\/wp\/v2\/types\/post"}],"author":[{"embeddable":true,"href":"https:\/\/www.ladislavjakl.cz\/index.php?rest_route=\/wp\/v2\/users\/1"}],"replies":[{"embeddable":true,"href":"https:\/\/www.ladislavjakl.cz\/index.php?rest_route=%2Fwp%2Fv2%2Fcomments&post=1126"}],"version-history":[{"count":1,"href":"https:\/\/www.ladislavjakl.cz\/index.php?rest_route=\/wp\/v2\/posts\/1126\/revisions"}],"predecessor-version":[{"id":1127,"href":"https:\/\/www.ladislavjakl.cz\/index.php?rest_route=\/wp\/v2\/posts\/1126\/revisions\/1127"}],"wp:attachment":[{"href":"https:\/\/www.ladislavjakl.cz\/index.php?rest_route=%2Fwp%2Fv2%2Fmedia&parent=1126"}],"wp:term":[{"taxonomy":"category","embeddable":true,"href":"https:\/\/www.ladislavjakl.cz\/index.php?rest_route=%2Fwp%2Fv2%2Fcategories&post=1126"},{"taxonomy":"post_tag","embeddable":true,"href":"https:\/\/www.ladislavjakl.cz\/index.php?rest_route=%2Fwp%2Fv2%2Ftags&post=1126"}],"curies":[{"name":"wp","href":"https:\/\/api.w.org\/{rel}","templated":true}]}}