{"id":1134,"date":"2011-08-09T11:56:26","date_gmt":"2011-08-09T10:56:26","guid":{"rendered":"http:\/\/www.ladislavjakl.cz\/?p=1134"},"modified":"2011-08-09T11:56:26","modified_gmt":"2011-08-09T10:56:26","slug":"jakl-se-v-ct-zlobil-na-velvyslance-kvuli-gayum-jak-si-to-mohou-dovolit","status":"publish","type":"post","link":"https:\/\/www.ladislavjakl.cz\/?p=1134","title":{"rendered":"Jakl se v \u010cT zlobil na velvyslance kv\u016fli gay\u016fm. Jak si to mohou dovolit?"},"content":{"rendered":"<p><strong>Vicekancl\u00e9\u0159 prezidenta republiky Petr H\u00e1jek proslul sv\u00fdmi  kontroverzn\u00edmi v\u00fdroky k nejr\u016fzn\u011bj\u0161\u00edm aktu\u00e1ln\u00edm t\u00e9mat\u016fm. Na jeho zat\u00edm  posledn\u00ed v\u00fdrok na adresu gay\u016f a lesbi\u010dek reaguje \u0159editel politick\u00e9ho  odboru z Kancel\u00e1\u0159e prezidenta republiky Ladislav Jakl. Jak n\u00e1hled na  pochod souvis\u00ed s konzervatismem?<\/strong><\/p>\n<p><strong><!--more--><\/strong><\/p>\n<p>Prohl\u00e1\u0161en\u00ed vicekancl\u00e9\u0159e prezidenta republiky Petra H\u00e1jka, kter\u00e9 pronesl  na adresu pr\u016fvodu gay\u016f a lesbi\u010dek Prahou vyvolalo reakci \u0159ady  koment\u00e1tor\u016f. Jeho v\u00fdroky vyvolaly vlnu kritiky i v\u00a0zahrani\u010d\u00ed. H\u00e1jek pro  server Parlamentn\u00edListy.cz prohl\u00e1sil, \u017ee festival homosexu\u00e1l\u016f je  n\u00e1tlakovou akc\u00ed a demonstrac\u00ed ideov\u00e9ho vid\u011bn\u00ed sv\u011bta.<\/p>\n<p>O v\u00fdroc\u00edch vicekancl\u00e9\u0159e H\u00e1jka v\u00a0po\u0159adu \u010cT Ud\u00e1losti, koment\u00e1\u0159e  diskutovali \u0159editel politick\u00e9ho odboru z Kancel\u00e1\u0159e prezidenta republiky  Ladislav Jakl a politolog z\u00a0CEVRO institutu Petr Sokol.<\/p>\n<p><strong>Jakl: Velvyslanci maj\u00ed o \u010cR zkreslen\u00e9 p\u0159edstavy<\/strong><\/p>\n<p>Jakl m\u00e1 za to, \u017ee velvyslanci p\u0159ekro\u010dili hranici, kdy\u017e podpo\u0159ili pr\u00e1vo  homosexu\u00e1l\u016f po\u0159\u00e1dat pochod Prahou. Tato pr\u00e1va v\u0161ak nikdy homosexu\u00e1l\u016fm  neup\u00edr\u00e1, jedin\u00e9, co to podle Jakla ukazuje, jak zkreslen\u00e9 p\u0159edstavy o  situaci v\u00a0\u010cR velvyslanci maj\u00ed. &#8222;Dovolili by si takovou rekci \u010de\u0161t\u00ed  velvyslanci v zahrani\u010d\u00ed,&#8220; ptal se pohor\u0161en\u011b Jakl moder\u00e1tora \u017delezn\u00e9ho.<\/p>\n<p>\u201eMn\u011b se nel\u00edb\u00ed, \u017ee prim\u00e1tor hlavn\u00edho m\u011bsta vyj\u00e1d\u0159il silou sv\u00e9ho \u00fa\u0159adu  podporu tomuto pochodu. J\u00e1 jsem proti prezentov\u00e1n\u00ed sexuality touto  formou,&#8220; uvedl Jakl.<\/p>\n<p>Jakl nevylou\u010dil, \u017ee by mohla na m\u00edsto ODS nastoupit n\u011bjak\u00e1 \u010dist\u011b  konzervativn\u00ed strana, kter\u00e1 t\u00e9ma nov\u011b uchop\u00ed. S\u00a0t\u00edmto n\u00e1zorem v\u0161ak  nesouhlasil politolog Petr Sokol, kter\u00fd je \u010dlenem ODS.<\/p>\n<p>\u201eV\u00a0ODS existuje jak proud konzervativn\u00ed, tak liber\u00e1ln\u00ed a j\u00e1 osobn\u011b si  nemysl\u00edm, \u017ee zde existuje prostor pro novou konzervativn\u00ed stranu,&#8220; uvedl  Sokol. Dodal ov\u0161em, \u017ee debaty, jak\u00fdch jsme sv\u011bdky dnes, budou uvnit\u0159  ODS \u010di TOP09 k\u00a0vid\u011bn\u00ed i nad\u00e1le.<\/p>\n<p><a href=\"http:\/\/www.parlamentnilisty.cz\/zpravy\/204879.aspx\" target=\"_blank\">Zdroj<\/a><strong><br \/>\n<\/strong><a href=\"http:\/\/www.parlamentnilisty.cz\/parlament\/204776.aspx\"><strong><span style=\"color: #993300\"><\/span><\/strong><\/a><\/p>\n","protected":false},"excerpt":{"rendered":"<p>Vicekancl\u00e9\u0159 prezidenta republiky Petr H\u00e1jek proslul sv\u00fdmi kontroverzn\u00edmi v\u00fdroky k nejr\u016fzn\u011bj\u0161\u00edm aktu\u00e1ln\u00edm t\u00e9mat\u016fm. Na jeho zat\u00edm posledn\u00ed v\u00fdrok na adresu gay\u016f a lesbi\u010dek reaguje \u0159editel politick\u00e9ho odboru z Kancel\u00e1\u0159e prezidenta republiky Ladislav Jakl. Jak n\u00e1hled na pochod souvis\u00ed s konzervatismem?<\/p>\n","protected":false},"author":1,"featured_media":0,"comment_status":"open","ping_status":"open","sticky":false,"template":"","format":"standard","meta":{"ngg_post_thumbnail":0,"footnotes":""},"categories":[11],"tags":[],"class_list":["post-1134","post","type-post","status-publish","format-standard","hentry","category-ozvena"],"_links":{"self":[{"href":"https:\/\/www.ladislavjakl.cz\/index.php?rest_route=\/wp\/v2\/posts\/1134","targetHints":{"allow":["GET"]}}],"collection":[{"href":"https:\/\/www.ladislavjakl.cz\/index.php?rest_route=\/wp\/v2\/posts"}],"about":[{"href":"https:\/\/www.ladislavjakl.cz\/index.php?rest_route=\/wp\/v2\/types\/post"}],"author":[{"embeddable":true,"href":"https:\/\/www.ladislavjakl.cz\/index.php?rest_route=\/wp\/v2\/users\/1"}],"replies":[{"embeddable":true,"href":"https:\/\/www.ladislavjakl.cz\/index.php?rest_route=%2Fwp%2Fv2%2Fcomments&post=1134"}],"version-history":[{"count":1,"href":"https:\/\/www.ladislavjakl.cz\/index.php?rest_route=\/wp\/v2\/posts\/1134\/revisions"}],"predecessor-version":[{"id":1135,"href":"https:\/\/www.ladislavjakl.cz\/index.php?rest_route=\/wp\/v2\/posts\/1134\/revisions\/1135"}],"wp:attachment":[{"href":"https:\/\/www.ladislavjakl.cz\/index.php?rest_route=%2Fwp%2Fv2%2Fmedia&parent=1134"}],"wp:term":[{"taxonomy":"category","embeddable":true,"href":"https:\/\/www.ladislavjakl.cz\/index.php?rest_route=%2Fwp%2Fv2%2Fcategories&post=1134"},{"taxonomy":"post_tag","embeddable":true,"href":"https:\/\/www.ladislavjakl.cz\/index.php?rest_route=%2Fwp%2Fv2%2Ftags&post=1134"}],"curies":[{"name":"wp","href":"https:\/\/api.w.org\/{rel}","templated":true}]}}