{"id":1143,"date":"2011-08-11T11:55:54","date_gmt":"2011-08-11T10:55:54","guid":{"rendered":"http:\/\/www.ladislavjakl.cz\/?p=1143"},"modified":"2011-08-11T11:55:54","modified_gmt":"2011-08-11T10:55:54","slug":"jakl-uvaril-gaypivo-buqicak-se-muze-pit-teply","status":"publish","type":"post","link":"https:\/\/www.ladislavjakl.cz\/?p=1143","title":{"rendered":"Jakl uva\u0159il gaypivo: BuQi\u010d\u00e1k se m\u016f\u017ee p\u00edt tepl\u00fd"},"content":{"rendered":"<p>Prezident\u016fv tajemn\u00edk Ladislav Jakl vymyslel se sv\u00fdmi p\u0159\u00e1teli kolem skupiny pivn\u00edch degust\u00e1tor\u016f pivo pro homosexu\u00e1ly.<\/p>\n<p><!--more--><\/p>\n<p>Jakla, kter\u00fd je mimo jin\u00e9 tak\u00e9 znalcem a velk\u00fdm fandou zaj\u00edmav\u00fdch piv,  inspiroval medi\u00e1ln\u00ed humbuk kolem sobotn\u00edho pochodu gay\u016f k nev\u0161edn\u00edmu  \u010dinu.<\/p>\n<p>S kolegy degust\u00e1tory ze skupiny \u00b4Prvn\u00ed pivn\u00ed extraliga\u00b4  uva\u0159il\u00a0 pivo ur\u010den\u00e9 pro \u010dty\u0159procentn\u00ed men\u0161inu. Jmenuje se BuQi\u010d\u00e1k, m\u00e1  jen 4 procenta alkoholu, nar\u016f\u017eov\u011blou barvu a nasl\u00e1dlou chu\u0165. P\u00edt se m\u016f\u017ee  pr\u00fd i tepl\u00e9.<\/p>\n<p>Recepturu pro jeden\u00e1ctistup\u0148ov\u00fd BuQi\u010d\u00e1k (Queerbeer) sestavil a pivo uva\u0159il zn\u00e1m\u00fd pivn\u00ed odborn\u00edk Petr Buri\u00e1nek.<\/p>\n<p>Po  pivu se v n\u011bkolika pivn\u00edch barech jen zapr\u00e1\u0161ilo a na dozr\u00e1n\u00ed \u010dek\u00e1 v  t\u011bchto dnech u\u017e druh\u00e1 v\u00e1rka, zjistila redakce Prvnizpravy.cz z webu  Pivni.info.<\/p>\n<p>Nov\u00e9 pivo spat\u0159ilo sv\u011btlo sv\u011bta u\u017e v kv\u011btnu, pok\u0159t\u011bno  bylo 17. kv\u011btna na Mezin\u00e1rodn\u00ed den proti homofobii v restauraci Aliance  P.I.V. v Praze na Spo\u0159ilov\u011b.<\/p>\n<p>&#8222;BuQi\u010d\u00e1k m\u00e1 \u010dty\u0159procentn\u00ed obsah  alkoholu, styl piva Witbier, EPM 10,9 %. Slo\u017een\u00ed: je\u010dn\u00fd slad, p\u0161eni\u010dn\u00fd  slad, chmel: Sl\u00e1dek, ibi\u0161ek, pomeran\u010dov\u00e1 k\u016fra, koriandr, bukvice  l\u00e9ka\u0159sk\u00e1 a svrchn\u00ed kvasnice SafAle US-05,&#8220; up\u0159es\u0148uje Franti\u0161ek Trantiny z  Prvn\u00ed pivn\u00ed extraligy.<\/p>\n<p>&#8222;Nejd\u0159\u00edve jsem si myslel, \u017ee si p\u00e1nov\u00e9  d\u011blaj\u00ed srandi\u010dky, ale v\u011bzte, \u017ee Mezin\u00e1rodn\u00ed den proti homofobii opravdu  existuje. Nech\u00e1pu, \u017ee se n\u011bkdo mus\u00ed zviditel\u0148ovat svou sexu\u00e1ln\u00ed  orientac\u00ed, a\u0165 ji\u017e po\u0159\u00e1d\u00e1n\u00edm r\u016fzn\u00fdch pochod\u016f \u010di organizov\u00e1n\u00edm tohoto dne.  V dne\u0161n\u00ed zr\u016fdn\u00e9 multikulturn\u00ed evropsk\u00e9 spole\u010dnosti jsou v\u0161ak takov\u00e9  po\u010diny oslavovan\u00e9 a to i na nejvy\u0161\u0161\u00edch m\u00edstech EU,&#8220; komentuje sv\u011btovou  premi\u00e9ru server Pivni.info a pt\u00e1 se, jak\u00e9 dal\u0161\u00ed pivo p\u00e1nov\u00e9 vymysl\u00ed  p\u0159\u00ed\u0161t\u011b:<\/p>\n<p>&#8222;\u0158vouc\u00edch men\u0161in je u n\u00e1s p\u0159ehr\u0161el. Co takhle \u010dern\u00e9  v\u00fd\u010depn\u00ed pod zna\u010dkou Cik\u00e1nsk\u00fd Baron? (i kdy\u017e tmav\u00e9ho Barona ji\u017e va\u0159\u00ed ve  Vysok\u00e9m Chlumci ). Nebo dom\u00e1c\u00ed nealko pivo All\u00e1h je v Je\u010dn\u00fd&#8230;&#8220;<\/p>\n<p><a href=\"http:\/\/www.prvnizpravy.cz\/zpravy\/z-domova\/jakl-uvaril-gaypivo-buqicak-se-muze-pit-teply\/\" target=\"_blank\">Zdroj<\/a><\/p>\n","protected":false},"excerpt":{"rendered":"<p>Prezident\u016fv tajemn\u00edk Ladislav Jakl vymyslel se sv\u00fdmi p\u0159\u00e1teli kolem skupiny pivn\u00edch degust\u00e1tor\u016f pivo pro homosexu\u00e1ly.<\/p>\n","protected":false},"author":1,"featured_media":0,"comment_status":"open","ping_status":"open","sticky":false,"template":"","format":"standard","meta":{"ngg_post_thumbnail":0,"footnotes":""},"categories":[11],"tags":[],"class_list":["post-1143","post","type-post","status-publish","format-standard","hentry","category-ozvena"],"_links":{"self":[{"href":"https:\/\/www.ladislavjakl.cz\/index.php?rest_route=\/wp\/v2\/posts\/1143","targetHints":{"allow":["GET"]}}],"collection":[{"href":"https:\/\/www.ladislavjakl.cz\/index.php?rest_route=\/wp\/v2\/posts"}],"about":[{"href":"https:\/\/www.ladislavjakl.cz\/index.php?rest_route=\/wp\/v2\/types\/post"}],"author":[{"embeddable":true,"href":"https:\/\/www.ladislavjakl.cz\/index.php?rest_route=\/wp\/v2\/users\/1"}],"replies":[{"embeddable":true,"href":"https:\/\/www.ladislavjakl.cz\/index.php?rest_route=%2Fwp%2Fv2%2Fcomments&post=1143"}],"version-history":[{"count":1,"href":"https:\/\/www.ladislavjakl.cz\/index.php?rest_route=\/wp\/v2\/posts\/1143\/revisions"}],"predecessor-version":[{"id":1144,"href":"https:\/\/www.ladislavjakl.cz\/index.php?rest_route=\/wp\/v2\/posts\/1143\/revisions\/1144"}],"wp:attachment":[{"href":"https:\/\/www.ladislavjakl.cz\/index.php?rest_route=%2Fwp%2Fv2%2Fmedia&parent=1143"}],"wp:term":[{"taxonomy":"category","embeddable":true,"href":"https:\/\/www.ladislavjakl.cz\/index.php?rest_route=%2Fwp%2Fv2%2Fcategories&post=1143"},{"taxonomy":"post_tag","embeddable":true,"href":"https:\/\/www.ladislavjakl.cz\/index.php?rest_route=%2Fwp%2Fv2%2Ftags&post=1143"}],"curies":[{"name":"wp","href":"https:\/\/api.w.org\/{rel}","templated":true}]}}