{"id":11474,"date":"2020-10-07T14:51:21","date_gmt":"2020-10-07T12:51:21","guid":{"rendered":"http:\/\/www.ladislavjakl.cz\/?p=11474"},"modified":"2020-10-07T14:51:21","modified_gmt":"2020-10-07T12:51:21","slug":"my-chceme-taky-reparace","status":"publish","type":"post","link":"https:\/\/www.ladislavjakl.cz\/?p=11474","title":{"rendered":"My chceme taky reparace!"},"content":{"rendered":"<div class=\"opener\">V USA se v\u00e1\u017en\u011b projedn\u00e1vaj\u00ed n\u00e1vrhy na mnohamiliardov\u00e9 reparace za zotro\u010den\u00ed. M\u011bli by je dostat potomci n\u011bkdej\u0161\u00edch otrok\u016f. Jak se poznaj\u00ed? Jsou to \u010derno\u0161i. Od koho? Od v\u0161ech ostatn\u00edch.<\/div>\n<p><!--more--><\/p>\n<div id=\"art-text\" class=\"text\">\n<p>Pro\u010d od ostatn\u00edch? Od v\u0161ech da\u0148ov\u00fdch poplatn\u00edk\u016f? Proto\u017ee ti jsou pr\u00fd potomky n\u011bkdej\u0161\u00edch otrok\u00e1\u0159\u016f. Jak se poznaj\u00ed? Nejsou to \u010derno\u0161i. A plat\u00ed dan\u011b. Spravedlnost sice p\u0159ich\u00e1z\u00ed a\u017e po 160 letech, ale l\u00e9pe pozd\u011b, ne\u017e nikdy. Nebo ne?<\/p>\n<p>Amerika je zem\u00ed, kter\u00e1 je skoro ve v\u0161em p\u0159ed n\u00e1mi. I zde m\u00e1me co doh\u00e1n\u011bt. V dob\u011b, kdy v USA fungovalo otrok\u00e1\u0159stv\u00ed, kvetlo v na\u0161ich zem\u00edch nevolnictv\u00ed a robota. Velk\u00e1 \u010d\u00e1st na\u0161eho n\u00e1roda jsou potomky n\u011bkdej\u0161\u00edch nevoln\u00edk\u016f. A robotou povinn\u00fdch poddan\u00fdch. Je na\u010dase se ozvat a po\u017eadovat spravedlnost v podob\u011b finan\u010dn\u00ed n\u00e1hrady za utrpen\u00ed na\u0161ich p\u0159edk\u016f.<\/p>\n<p>Kdo by takovou n\u00e1hradu m\u011bl financovat? P\u0159ece potomci t\u011bch, co \u017eili z pr\u00e1ce poddan\u00fdch, nevoln\u00edk\u016f a robotuj\u00edc\u00edch chud\u00e1k\u016f. Dne\u0161n\u00ed potomci n\u011bkdej\u0161\u00ed \u0161lechty. Co bylo ukradeno, mus\u00ed b\u00fdt vr\u00e1ceno, ne? Na\u0161im p\u0159edk\u016fm byly ukradeny svobodn\u00e9 \u017eivoty, zdroje, v\u00fdsledky pr\u00e1ce. M\u00edsto toho se v posledn\u00edch dek\u00e1d\u00e1ch potomci poddan\u00fdch skl\u00e1daj\u00ed na to, aby n\u011bkdej\u0161\u00edmu panstvu vydali majetky, poch\u00e1zej\u00edc\u00ed z krve a potu na\u0161ich p\u0159edk\u016f.<\/p>\n<p>Je t\u0159eba pozvednout hlas. A\u0165 plat\u00ed za trauma, kter\u00e9 dodnes pro\u017e\u00edv\u00e1me kv\u016fli sv\u00e9mu p\u016fvodu! My chceme reparace! My chceme n\u00e1hrady! My chceme od\u0161kodn\u011bn\u00ed! Nebo je takov\u00fd po\u017eadavek p\u011bknou blbost\u00ed? Je. Stejn\u011b jako ten s od\u0161kod\u0148ov\u00e1n\u00edm za 160 a v\u00edce let star\u00e9 k\u0159ivdy podle rasov\u00e9ho kl\u00ed\u010de.<\/p>\n<p>To u\u017e bychom mohli za\u010d\u00edt od\u0161kod\u0148ovat potomky Markoman\u016f, Kv\u00e1d\u016f, B\u00f3j\u016f \u010di Langobard\u016f za to, \u017ee jim Slovan\u00e9 kdysi ukradli jejich zem. Jako se v Americe od\u0161kod\u0148uj\u00ed Indi\u00e1ni coby p\u016fvodn\u00ed obyvatel\u00e9. Kdo je to \u201ep\u016fvodn\u00ed obyvatel\u201c? A pro\u010d se v angli\u010dtin\u011b slovo otrok skoro kryje se slovem Slovan? Koho \u017ee to m\u011bli v Anglii ve st\u0159edov\u011bku za otroky?<\/p>\n<p>N\u011bkdo tady otev\u00edr\u00e1 Pando\u0159inu sk\u0159\u00ed\u0148ku a sou\u010dasn\u011b vypou\u0161t\u00ed d\u017eina z lahve.<\/p>\n<\/div>\n<p><a href=\"https:\/\/jakl.blog.idnes.cz\/blog.aspx?c=758467\">Zdroj<\/a><\/p>\n","protected":false},"excerpt":{"rendered":"<p>V USA se v\u00e1\u017en\u011b projedn\u00e1vaj\u00ed n\u00e1vrhy na mnohamiliardov\u00e9 reparace za zotro\u010den\u00ed. M\u011bli by je dostat potomci n\u011bkdej\u0161\u00edch otrok\u016f. Jak se poznaj\u00ed? Jsou to \u010derno\u0161i. Od koho? Od v\u0161ech ostatn\u00edch.<\/p>\n","protected":false},"author":1,"featured_media":0,"comment_status":"open","ping_status":"open","sticky":false,"template":"","format":"standard","meta":{"ngg_post_thumbnail":0,"footnotes":""},"categories":[1,10],"tags":[],"class_list":["post-11474","post","type-post","status-publish","format-standard","hentry","category-publikovane-clanky","category-zlehka"],"_links":{"self":[{"href":"https:\/\/www.ladislavjakl.cz\/index.php?rest_route=\/wp\/v2\/posts\/11474","targetHints":{"allow":["GET"]}}],"collection":[{"href":"https:\/\/www.ladislavjakl.cz\/index.php?rest_route=\/wp\/v2\/posts"}],"about":[{"href":"https:\/\/www.ladislavjakl.cz\/index.php?rest_route=\/wp\/v2\/types\/post"}],"author":[{"embeddable":true,"href":"https:\/\/www.ladislavjakl.cz\/index.php?rest_route=\/wp\/v2\/users\/1"}],"replies":[{"embeddable":true,"href":"https:\/\/www.ladislavjakl.cz\/index.php?rest_route=%2Fwp%2Fv2%2Fcomments&post=11474"}],"version-history":[{"count":1,"href":"https:\/\/www.ladislavjakl.cz\/index.php?rest_route=\/wp\/v2\/posts\/11474\/revisions"}],"predecessor-version":[{"id":11475,"href":"https:\/\/www.ladislavjakl.cz\/index.php?rest_route=\/wp\/v2\/posts\/11474\/revisions\/11475"}],"wp:attachment":[{"href":"https:\/\/www.ladislavjakl.cz\/index.php?rest_route=%2Fwp%2Fv2%2Fmedia&parent=11474"}],"wp:term":[{"taxonomy":"category","embeddable":true,"href":"https:\/\/www.ladislavjakl.cz\/index.php?rest_route=%2Fwp%2Fv2%2Fcategories&post=11474"},{"taxonomy":"post_tag","embeddable":true,"href":"https:\/\/www.ladislavjakl.cz\/index.php?rest_route=%2Fwp%2Fv2%2Ftags&post=11474"}],"curies":[{"name":"wp","href":"https:\/\/api.w.org\/{rel}","templated":true}]}}