{"id":11482,"date":"2020-10-19T12:56:18","date_gmt":"2020-10-19T10:56:18","guid":{"rendered":"http:\/\/www.ladislavjakl.cz\/?p=11482"},"modified":"2020-10-19T12:56:18","modified_gmt":"2020-10-19T10:56:18","slug":"ladislav-jakl-nezahravejme-si-s-vyrazem-osobni-lockdown","status":"publish","type":"post","link":"https:\/\/www.ladislavjakl.cz\/?p=11482","title":{"rendered":"Ladislav Jakl: Nezahr\u00e1vejme si s v\u00fdrazem \u201eosobn\u00ed lockdown\u201c"},"content":{"rendered":"<p>N\u011bkolik \u010desk\u00fdch v\u011bdc\u016f r\u016fzn\u00fdch obor\u016f kolem rektora \u010cVUT Vojt\u011bcha Petr\u00e1\u010dka a \u0159editelky S\u00daJB Dany Dr\u00e1bov\u00e9 vydalo v&nbsp;uplynul\u00e9m t\u00fddnu v\u00fdzvu ve\u0159ejnosti k \u201eosobn\u00edmu lockdownu\u201c, tedy k&nbsp;individu\u00e1ln\u00ed karant\u00e9n\u011b ka\u017ed\u00e9ho z&nbsp;n\u00e1s. V\u00fdzva sice zapad\u00e1 do aktu\u00e1ln\u00ed atmosf\u00e9ry strachu, nezodpov\u011bdn\u011b vybi\u010dov\u00e1van\u00e9 m\u00e9dii a mnoha ve\u0159ejn\u011b p\u016fsob\u00edc\u00edmi osobami. P\u0159esto nelze v\u00fdzvu nechat bez kritick\u00e9 reakce. V\u00fdzva toti\u017e do sou\u010dasn\u00e9 paniky p\u0159in\u00e1\u0161\u00ed novou kvalitu a o to je nebezpe\u010dn\u011bj\u0161\u00ed.<\/p>\n<p><!--more--><\/p>\n<p>P\u0159edes\u00edl\u00e1me, \u017ee i podle n\u00e1s se lid\u00e9 maj\u00ed chovat zodpov\u011bdn\u011b, neriskovat zbyte\u010dn\u011b n\u00e1kazu, dodr\u017eovat hygienick\u00e9 n\u00e1vyky, a \u017ee si zvl\u00e1\u0161t\u011b ohro\u017een\u00e9 skupiny obyvatel zasluhuj\u00ed zv\u00fd\u0161enou p\u00e9\u010di a ochranu. Jako ostatn\u011b p\u0159i ka\u017ed\u00e9 epidemii. V&nbsp;tom n\u00e1m ale pom\u016f\u017ee pouze racion\u00e1ln\u00ed p\u0159\u00edstup, nikoli panika\u0159en\u00ed.<\/p>\n<p>Motivace n\u011bkter\u00fdch dnes hodn\u011b sly\u0161iteln\u00fdch kovidov\u00fdch alarmist\u016f je velmi sporn\u00e1, ne-li rovnou cynicky sobeck\u00e1. Mnoz\u00ed politici se aktivn\u011b pod\u00edlej\u00ed na rozdm\u00fdch\u00e1v\u00e1n\u00ed paniky, aby n\u00e1sledn\u011b mohli sb\u00edrat lacin\u00e9 body v&nbsp;roli state\u010dn\u00fdch zachr\u00e1nc\u016f. Dal\u0161\u00ed skupinou p\u0159i\u017eivuj\u00edc\u00ed se na vln\u011b strachu jsou lid\u00e9 zjevn\u011b nebo ne zcela zjevn\u011b napojen\u00ed na zdravotnick\u00fd byznys. Ob\u011bma skupin\u00e1m jde p\u0159ev\u00e1\u017en\u011b o vlastn\u00ed prosp\u011bch, a to na \u00fakor ni\u010div\u00fdch spole\u010densk\u00fdch dopad\u016f.<\/p>\n<p>Podobn\u00e9 motivace t\u00e9to skupin\u011b v\u011bdc\u016f nep\u0159ipisujeme. Chceme v\u011b\u0159it, \u017ee jejich znepokojen\u00ed je autentick\u00e9. Jinou v\u011bc\u00ed ale je, jestli je jejich dramatick\u00e9 doporu\u010den\u00ed postaveno na spr\u00e1vn\u00fdch datech a jejich spr\u00e1vn\u00e9 interpretaci. My jsme p\u0159esv\u011bd\u010deni, \u017ee tomu tak nen\u00ed.<\/p>\n<p>Tato skupina vych\u00e1z\u00ed z&nbsp;nej\u010dast\u011bji medi\u00e1ln\u011b p\u0159et\u0159\u00e1san\u00fdch dat. Jak\u00e1 jsou ale tato st\u00e1le om\u00edlan\u00e1 data?<\/p>\n<p>a) Dnes je za nemocn\u00e9ho v&nbsp;m\u00e9di\u00edch uv\u00e1d\u011bn ka\u017ed\u00fd, kdo m\u00e1 pozitivn\u00ed (nav\u00edc nespolehliv\u00fd) test na virus SARS-CoV-2, p\u0159i\u010dem\u017e dev\u011bt z&nbsp;deseti z&nbsp;nich nem\u00e1 \u017e\u00e1dn\u00e9 p\u0159\u00edznaky nemoci Covid-19.<\/p>\n<p>b) V&nbsp;nemocnic\u00edch jsou vedeni coby kovidov\u00ed nemocn\u00ed pacienti i zcela zdrav\u00ed nositel\u00e9 viru, kter\u00e9 rodina doma nechce, nebo kte\u0159\u00ed prost\u011b nemaj\u00ed kam j\u00edt.<\/p>\n<p>c) Ch\u00e1peme, \u017ee do kolonky \u201emrtv\u00ed s&nbsp;covidem\u201c jsou zaneseni jak ti, u nich\u017e byla tato nemoc hlavn\u00ed a p\u0159\u00edmou p\u0159\u00ed\u010dinou smrti, tak i ti, u nich\u017e dolo\u017een\u011b zp\u016fsobila takovou komplikaci zdravotn\u00edho stavu, kter\u00e1 mohla m\u00edt vliv na p\u0159e\u017eit\u00ed. Jen\u017ee v&nbsp;t\u00e9to kolonce jsou vedeni nav\u00edc (a p\u0159edev\u0161\u00edm) v\u0161ichni ti, u kter\u00fdch byla testem zji\u0161t\u011bna p\u0159\u00edtomnost viru SARS-CoV-2, ale nebyly u nich shled\u00e1ny jak\u00e9koli projevy nemoci Covid-19, a tedy ani \u017e\u00e1dn\u00e9 potenci\u00e1ln\u00ed vedlej\u0161\u00ed komplikace p\u016fvodn\u00edho onemocn\u011bn\u00ed. A toto se \u010din\u00ed na z\u00e1klad\u011b v\u00fdslovn\u011b uveden\u00e9 metodiky Ministerstva zdravotnictv\u00ed.<\/p>\n<p>Z&nbsp;podobn\u00fdch dat vych\u00e1z\u00ed i popla\u0161n\u00fd materi\u00e1l zm\u00edn\u011bn\u00e9 skupiny v\u011bdc\u016f a jejich predikce dal\u0161\u00edho v\u00fdvoje, nav\u00edc podep\u0159ena velkou d\u00e1vkou emoc\u00ed a hran\u00ed na city. Nejnebezpe\u010dn\u011bj\u0161\u00ed je ale z\u00e1v\u011br, ke kter\u00fdm tato skupina doch\u00e1z\u00ed: v\u00fdzva k \u201eosobn\u00edmu lockdownu\u201c. Tito v\u011bdci vyz\u00fdvaj\u00ed k&nbsp;\u010dasov\u011b neur\u010den\u00e9mu p\u0159eru\u0161en\u00ed ve\u0161ker\u00fdch \u017eivotn\u00edch aktivit, k&nbsp;\u00fapln\u00e9 sebeizolaci ka\u017ed\u00e9ho \u010dlov\u011bka, k&nbsp;od\u0159\u00edznut\u00ed se od sv\u011bta. Sv\u00e9 \u017eivoty ale p\u0159ece nikdo ne\u017eije kv\u016fli tomu, aby na tomto sv\u011bt\u011b str\u00e1vil co nejv\u00edce dn\u00ed n\u011bkde zabarik\u00e1dovan\u00fd. Ka\u017ed\u00e9ho \u010dlov\u011bka zaj\u00edm\u00e1 kvalita \u017eivota, a to v&nbsp;ka\u017ed\u00e9m okam\u017eiku, i v&nbsp;posledn\u00edch dnech na tomto sv\u011bt\u011b. Ka\u017ed\u00e9ho zaj\u00edm\u00e1 mo\u017enost b\u00fdt se sv\u00fdmi bl\u00edzk\u00fdmi, komunikovat, tvo\u0159it, pe\u010dovat o bli\u017en\u00ed a tak\u00e9 t\u011b\u0161it se z&nbsp;jejich bl\u00edzkosti. Tato skupina v\u011bdc\u016f ob\u010dany vyz\u00fdv\u00e1 k&nbsp;tomu, aby se tohoto v\u0161eho vzdali. A aby se toho vzdali i ti, kter\u00fdm na sv\u011bt\u011b mnoho jin\u00e9 radosti ne\u017e skromn\u00e9 kontakty s okol\u00edm a bl\u00edzk\u00fdmi u\u017e nezb\u00fdv\u00e1.<\/p>\n<p>Ano, v&nbsp;\u017eivot\u011b je v\u017edy \u201en\u011bco za n\u011bco\u201c. V\u017edy mus\u00edme n\u011bco ob\u011btovat, abychom z\u00edskali n\u011bco cenn\u011bj\u0161\u00edho. Jsou si v\u0161ak tito alarmuj\u00edc\u00ed v\u011bdci jisti, \u017ee doporu\u010duj\u00ed ob\u011btov\u00e1n\u00ed snadno o\u017eeliteln\u00e9 hodnoty ve prosp\u011bch hodnot nesporn\u011b cenn\u011bj\u0161\u00edch? My soud\u00edme, \u017ee to je p\u0159esn\u011b obr\u00e1cen\u011b. Tato skupina v\u011bdc\u016f doporu\u010duje n\u00e1rodu, aby se vzdal smyslu \u017eivota (\u0159\u00edkaj\u00ed, \u017ee na kr\u00e1tkou dobu, ne\u0159\u00edkaj\u00ed ale na jakou, ani to, jak ona doba m\u016f\u017ee b\u00fdt pro n\u011bkoho z\u00e1sadn\u00ed) ve prosp\u011bch \u00fadajn\u00e9 v\u00fdhody, kter\u00e1 je v\u0161ak velmi hypotetick\u00e1 a postaven\u00e1 na vratk\u00fdch z\u00e1kladech, na sporn\u00fdch datech a jejich sv\u00e9voln\u011b posunut\u00e9m v\u00fdkladu. Jen ka\u017ed\u00fd \u010dlov\u011bk s\u00e1m o sob\u011b je opr\u00e1vn\u011bn posuzovat, co za co chce ob\u011btovat. Je to nejz\u00e1kladn\u011bj\u0161\u00ed princip svobodn\u00e9 v\u016fle. Jist\u011b\u017ee nikdo nesm\u00ed sobecky ohro\u017eovat druh\u00e9, ale z&nbsp;toho neplyne nutnost ob\u011btovat to, co ka\u017ed\u00fd \u010dlov\u011bk pova\u017euje za nejcenn\u011bj\u0161\u00ed. Mo\u017enost zvolit si sv\u016fj osud.<\/p>\n<p><a href=\"https:\/\/www.institutvk.cz\/clanky\/1635.html\">Zdroj<\/a><\/p>\n","protected":false},"excerpt":{"rendered":"<p>N\u011bkolik \u010desk\u00fdch v\u011bdc\u016f r\u016fzn\u00fdch obor\u016f kolem rektora \u010cVUT Vojt\u011bcha Petr\u00e1\u010dka a \u0159editelky S\u00daJB Dany Dr\u00e1bov\u00e9 vydalo v&nbsp;uplynul\u00e9m t\u00fddnu v\u00fdzvu ve\u0159ejnosti k \u201eosobn\u00edmu lockdownu\u201c, tedy k&nbsp;individu\u00e1ln\u00ed karant\u00e9n\u011b ka\u017ed\u00e9ho z&nbsp;n\u00e1s. V\u00fdzva sice zapad\u00e1 do aktu\u00e1ln\u00ed atmosf\u00e9ry strachu, nezodpov\u011bdn\u011b vybi\u010dov\u00e1van\u00e9 m\u00e9dii a mnoha ve\u0159ejn\u011b p\u016fsob\u00edc\u00edmi osobami. P\u0159esto nelze v\u00fdzvu nechat bez kritick\u00e9 reakce. V\u00fdzva toti\u017e do sou\u010dasn\u00e9 paniky [&hellip;]<\/p>\n","protected":false},"author":1,"featured_media":0,"comment_status":"open","ping_status":"open","sticky":false,"template":"","format":"standard","meta":{"ngg_post_thumbnail":0,"footnotes":""},"categories":[1],"tags":[],"class_list":["post-11482","post","type-post","status-publish","format-standard","hentry","category-publikovane-clanky"],"_links":{"self":[{"href":"https:\/\/www.ladislavjakl.cz\/index.php?rest_route=\/wp\/v2\/posts\/11482","targetHints":{"allow":["GET"]}}],"collection":[{"href":"https:\/\/www.ladislavjakl.cz\/index.php?rest_route=\/wp\/v2\/posts"}],"about":[{"href":"https:\/\/www.ladislavjakl.cz\/index.php?rest_route=\/wp\/v2\/types\/post"}],"author":[{"embeddable":true,"href":"https:\/\/www.ladislavjakl.cz\/index.php?rest_route=\/wp\/v2\/users\/1"}],"replies":[{"embeddable":true,"href":"https:\/\/www.ladislavjakl.cz\/index.php?rest_route=%2Fwp%2Fv2%2Fcomments&post=11482"}],"version-history":[{"count":1,"href":"https:\/\/www.ladislavjakl.cz\/index.php?rest_route=\/wp\/v2\/posts\/11482\/revisions"}],"predecessor-version":[{"id":11483,"href":"https:\/\/www.ladislavjakl.cz\/index.php?rest_route=\/wp\/v2\/posts\/11482\/revisions\/11483"}],"wp:attachment":[{"href":"https:\/\/www.ladislavjakl.cz\/index.php?rest_route=%2Fwp%2Fv2%2Fmedia&parent=11482"}],"wp:term":[{"taxonomy":"category","embeddable":true,"href":"https:\/\/www.ladislavjakl.cz\/index.php?rest_route=%2Fwp%2Fv2%2Fcategories&post=11482"},{"taxonomy":"post_tag","embeddable":true,"href":"https:\/\/www.ladislavjakl.cz\/index.php?rest_route=%2Fwp%2Fv2%2Ftags&post=11482"}],"curies":[{"name":"wp","href":"https:\/\/api.w.org\/{rel}","templated":true}]}}