{"id":11487,"date":"2020-11-04T15:42:54","date_gmt":"2020-11-04T14:42:54","guid":{"rendered":"http:\/\/www.ladislavjakl.cz\/?p=11487"},"modified":"2020-11-04T15:42:54","modified_gmt":"2020-11-04T14:42:54","slug":"klecime-pred-revolucnimi-marxisty","status":"publish","type":"post","link":"https:\/\/www.ladislavjakl.cz\/?p=11487","title":{"rendered":"Kle\u010d\u00edme p\u0159ed revolu\u010dn\u00edmi marxisty?"},"content":{"rendered":"<p>\u010cesk\u00fd fotbal se ot\u0159\u00e1s\u00e1 kauzou Berbr a spol. a zd\u00e1 se, \u017ee by v&nbsp;jeho veden\u00ed nem\u011bl z\u016fstat k\u00e1men na kameni. Te\u010f se ve v\u0161ech p\u00e1dech sklo\u0148uje slovo korupce, u\u017e tolikr\u00e1t fale\u0161n\u011b rozehran\u00e9, a proto zna\u010dn\u011b zprofanovan\u00e9. Do jak\u00e9 m\u00edry prostoupila v\u0161emi patry \u010desk\u00e9ho fotbalu, to se teprve uk\u00e1\u017ee, bude-li v\u016fle v\u0161e zjistit.<\/p>\n<p><!--more--><\/p>\n<p>Nejde v\u0161ak jenom o p\u0159\u00edpadnou korupci. Kdov\u00ed, jak to s&nbsp;n\u00ed je. \u017de se ale v&nbsp;jedn\u00e1n\u00ed veden\u00ed \u010desk\u00e9 fotbalov\u00e9 reprezentace zabydlela ignorance a nekompetentnost, potvrzuje jin\u00e1, mo\u017en\u00e1 v\u00e1\u017en\u011bj\u0161\u00ed skand\u00e1ln\u00ed ud\u00e1lost:<\/p>\n<p>\u010ce\u0161t\u00ed fotbalov\u00ed reprezentanti v&nbsp;r\u00e1mci ofici\u00e1ln\u00edho mezin\u00e1rodn\u00edho utk\u00e1n\u00ed ve Skotsku pokorn\u011b poklekli. Ne ka\u017ed\u00fd s\u00e1m za sebe jako soukrom\u00e1 osoba. Ne jako \u010dlen soukrom\u00e9ho fotbalov\u00e9ho klubu. U\u010dinili tak jako ofici\u00e1ln\u00ed sportovn\u00ed vyslanci sv\u00e9ho st\u00e1tu.<\/p>\n<p>Sportovci nemus\u00ed m\u00edt v\u017edy n\u011bjak\u00fd extra \u0161irok\u00fd spole\u010densk\u00fd p\u0159ehled. Jejich sv\u011btem je hlavn\u011b tr\u00e9nink, z\u00e1pas a pak n\u011bjak\u00e1 ta z\u00e1bava pro uvoln\u011bn\u00ed. Proto si mohli myslet, \u017ee poklekaj\u00ed na znamen\u00ed podpory utla\u010dovan\u00fdch \u010dernoch\u016f v&nbsp;USA. Ale jejich \u0161\u00e9fov\u00e9 \u2013 tak\u00e9 v&nbsp;roli reprezentant\u016f sv\u00e9 zem\u011b \u2013 ti snad nev\u011bd\u00ed, \u017ee p\u0159ihl\u00e1\u0161en\u00ed se k&nbsp;ide\u00e1l\u016fm a po\u017eadavk\u016fm hnut\u00ed Black Lives Matter nen\u00ed \u017e\u00e1dn\u00fdm projevem solidarity s&nbsp;trp\u00edc\u00edmi, ale p\u0159ihl\u00e1\u0161en\u00edm se ke konkr\u00e9tn\u00ed politick\u00e9 ideologii?<\/p>\n<p>Hnut\u00ed BLM nen\u00ed prostou iniciativou proti rasov\u00e9 diskriminaci. Je to ultralevicov\u00e1 organizace, jej\u00ed\u017e \u010deln\u00ed p\u0159edstavitel\u00e9 se netaj\u00ed s&nbsp;t\u00edm, \u017ee se hl\u00e1s\u00ed k&nbsp;revolu\u010dn\u00edmu marxismu a \u017ee jejich c\u00edlem je svr\u017een\u00ed demokracie a kapitalismu.<\/p>\n<p>Je ofici\u00e1ln\u00ed politickou na\u0161eho st\u00e1tu podpora takov\u00e9 ideologie? Podle chov\u00e1n\u00ed ofici\u00e1ln\u00edch sportovn\u00edch reprezentant\u016f asi ano. Sv\u00e9 gesto u\u010dinili jm\u00e9nem sv\u00e9 zem\u011b, jm\u00e9nem v\u0161ech jej\u00edch ob\u010dan\u016f. A to je zcela nep\u0159ijateln\u00e9. \u010cinovn\u00edci, kte\u0159\u00ed jsou za tento skand\u00e1l odpov\u011bdni, by se m\u011bli dou\u010dit n\u011bco o sv\u011btov\u00e9 politice, kdy\u017e u\u017e do n\u00ed nechaj\u00ed namo\u010dit reprezentaci st\u00e1tu, nebo by m\u011bli sami v&nbsp;n\u00e1rodn\u00ed reprezentaci okam\u017eit\u011b skon\u010dit.<\/p>\n<p><a href=\"https:\/\/www.institutvk.cz\/clanky\/1639.html\">Zdroj<\/a><\/p>\n","protected":false},"excerpt":{"rendered":"<p>\u010cesk\u00fd fotbal se ot\u0159\u00e1s\u00e1 kauzou Berbr a spol. a zd\u00e1 se, \u017ee by v&nbsp;jeho veden\u00ed nem\u011bl z\u016fstat k\u00e1men na kameni. Te\u010f se ve v\u0161ech p\u00e1dech sklo\u0148uje slovo korupce, u\u017e tolikr\u00e1t fale\u0161n\u011b rozehran\u00e9, a proto zna\u010dn\u011b zprofanovan\u00e9. Do jak\u00e9 m\u00edry prostoupila v\u0161emi patry \u010desk\u00e9ho fotbalu, to se teprve uk\u00e1\u017ee, bude-li v\u016fle v\u0161e zjistit.<\/p>\n","protected":false},"author":1,"featured_media":0,"comment_status":"open","ping_status":"open","sticky":false,"template":"","format":"standard","meta":{"ngg_post_thumbnail":0,"footnotes":""},"categories":[1],"tags":[],"class_list":["post-11487","post","type-post","status-publish","format-standard","hentry","category-publikovane-clanky"],"_links":{"self":[{"href":"https:\/\/www.ladislavjakl.cz\/index.php?rest_route=\/wp\/v2\/posts\/11487","targetHints":{"allow":["GET"]}}],"collection":[{"href":"https:\/\/www.ladislavjakl.cz\/index.php?rest_route=\/wp\/v2\/posts"}],"about":[{"href":"https:\/\/www.ladislavjakl.cz\/index.php?rest_route=\/wp\/v2\/types\/post"}],"author":[{"embeddable":true,"href":"https:\/\/www.ladislavjakl.cz\/index.php?rest_route=\/wp\/v2\/users\/1"}],"replies":[{"embeddable":true,"href":"https:\/\/www.ladislavjakl.cz\/index.php?rest_route=%2Fwp%2Fv2%2Fcomments&post=11487"}],"version-history":[{"count":1,"href":"https:\/\/www.ladislavjakl.cz\/index.php?rest_route=\/wp\/v2\/posts\/11487\/revisions"}],"predecessor-version":[{"id":11488,"href":"https:\/\/www.ladislavjakl.cz\/index.php?rest_route=\/wp\/v2\/posts\/11487\/revisions\/11488"}],"wp:attachment":[{"href":"https:\/\/www.ladislavjakl.cz\/index.php?rest_route=%2Fwp%2Fv2%2Fmedia&parent=11487"}],"wp:term":[{"taxonomy":"category","embeddable":true,"href":"https:\/\/www.ladislavjakl.cz\/index.php?rest_route=%2Fwp%2Fv2%2Fcategories&post=11487"},{"taxonomy":"post_tag","embeddable":true,"href":"https:\/\/www.ladislavjakl.cz\/index.php?rest_route=%2Fwp%2Fv2%2Ftags&post=11487"}],"curies":[{"name":"wp","href":"https:\/\/api.w.org\/{rel}","templated":true}]}}