{"id":1151,"date":"2011-08-12T15:06:08","date_gmt":"2011-08-12T14:06:08","guid":{"rendered":"http:\/\/www.ladislavjakl.cz\/?p=1151"},"modified":"2011-08-12T15:06:08","modified_gmt":"2011-08-12T14:06:08","slug":"mlade-leto-v-teple-fronte-teple-leto-v-mlade-fronte","status":"publish","type":"post","link":"https:\/\/www.ladislavjakl.cz\/?p=1151","title":{"rendered":"Mlad\u00e9 l\u00e9to v tepl\u00e9 front\u011b, tepl\u00e9 l\u00e9to v Mlad\u00e9 front\u011b"},"content":{"rendered":"<p>Redakci den\u00edku Mlad\u00e1 fronta obsadili homosexu\u00e1lov\u00e9. Kdo  o tom dosud pochyboval, m\u016f\u017ee se pod\u00edvat do dne\u0161n\u00edho vyd\u00e1n\u00ed. V\u00a0den, kdy  v\u00a0Praze za\u010d\u00edn\u00e1 arogantn\u00ed exhibice homosexu\u00e1l\u016f, v\u011bnovala \u010dty\u0159procentn\u00ed  v\u011bt\u0161in\u011b Mlad\u00e1 fronta vlastn\u011b cel\u00e9 \u010d\u00edslo. Sta\u010d\u00ed si proj\u00edt titulky.<\/p>\n<p><a name=\"t2\"><\/a><!--more--><\/p>\n<div>\n<p>Do o\u010d\u00ed uhod\u00ed zejm\u00e9na polopatick\u00fd <strong>Prvn\u00ed den \u201et\u00e9 nenorm\u00e1ln\u00ed akce\u201c<\/strong> na stran\u011b A4. A t\u0159eba stranu C3 ovl\u00e1dl titulek <strong>Po\u0159\u00e1dn\u00e9 horko v\u00a0tepl\u00e1rn\u011b<\/strong>. U\u017e na tituln\u00ed stran\u011b ale sv\u00edt\u00ed \u010dl\u00e1nek nazvan\u00fd <strong>Byli to bastardi<\/strong>. A hned vedle delik\u00e1tn\u00ed anal\u00fdza <strong>Na p\u0159\u00edli\u0161 tlust\u00e9 \u010cechy nemaj\u00ed n\u00e1stroje<\/strong>. Na stran\u011b A3 navazuje \u010dl\u00e1nek <strong>V\u00a0\u010cesku cht\u011bj\u00ed j\u00edt na tlust\u00e9 po dobr\u00e9m <\/strong>a o n\u011bco v\u00fd\u0161e <strong>Nevejdou se na l\u016f\u017eko ani do sanitky.<\/strong> Hezkou fotku m\u00e1 na stran\u011b A4 \u010dl\u00e1nek <strong>\u0160moulov\u00e9 obsadili pra\u017esk\u00e9 ulice<\/strong>.<\/p>\n<p>A to zdaleka nen\u00ed v\u0161echno. Na stran\u011b A9 \u0159e\u0161\u00ed den\u00edk choulostiv\u00fd probl\u00e9m v\u00a0textu nazvan\u00e9m <strong>Co m\u00e1m d\u011blat? Stroj neovl\u00e1d\u00e1m<\/strong>. Lep\u0161\u00ed p\u0159\u00edb\u011bh pravd\u011bpodobn\u011b sk\u00fdt\u00e1 \u010dl\u00e1nek s\u00a0titulkem <strong>M\u00e1te kr\u00e1sn\u00fd smrk? Nab\u00eddn\u011bte ho<\/strong> na B3. Tamt\u00e9\u017e najdeme titulek <strong>Odlo\u017e\u00ed stetoskop a v\u011bnuj\u00ed se sl\u00edpk\u00e1m<\/strong> a kousek vedle <strong>Sout\u011b\u017e o nejkr\u00e1sn\u011bj\u0161\u00ed libu\u0161sk\u00e9 zahr\u00e1dky<\/strong>.<\/p>\n<p>Probl\u00e9m m\u00e1 i svou ekonomickou str\u00e1nku, zvl\u00e1\u0161t\u011b p\u0159i pr\u00e1ci s\u00a0ml\u00e1de\u017e\u00ed. Na str. B4 se o tom p\u00ed\u0161e pod titulkem <strong>Zateplen\u00ed \u0161kol bude st\u00e1t 37 milion\u016f<\/strong>. Oteplen\u00ed hl\u00e1s\u00ed velik\u00fd rafinovan\u00fd titulek na str. B6 <strong>Bude sp\u00ed\u0161e obla\u010dno, ale otepl\u00ed se<\/strong>. \u010cten\u00e1\u0159i je jasn\u00e9, \u017ee kdy\u017e bude obla\u010dno, neotepl\u00ed se asi kv\u016fli po\u010das\u00ed, \u017ee. Osobn\u00ed p\u0159\u00edb\u011bh av\u00edzuje titulek <strong>Ze v\u0161ech m\u00fdch podiv\u00edn\u016f to tenhle dot\u00e1hl nejd\u00e1le<\/strong> na C7. I recenzovan\u00e9 knihy maj\u00ed zrovna dnes \u201en\u00e1hodou\u201c n\u00e1zvy <strong>L\u00e1ska a jin\u00e9 z\u00e1vislos<\/strong>ti a dokonce i <strong>Hroch.<\/strong><\/p>\n<p>Na str. C12 najdeme v\u00fdmluvn\u00fd titulek <strong>Kdo by te\u010f myslel na fotbal<\/strong>, ale i z\u00e1blesk soudnosti nazvan\u00fd <strong>Je\u0161t\u011b hor\u0161\u00ed t\u00fdm, ne\u017e jsme doufali<\/strong>. Zahrani\u010dn\u00ed rozm\u011br aktu\u00e1ln\u00ed t\u00e9matice dod\u00e1v\u00e1 \u010dl\u00e1nek <strong>Brazilec Retardinho minul br\u00e1nu<\/strong>. Co\u017e mi evokuje velmi podobn\u00fd text nikoli o Retardovi, ale o Golgovi z\u00a0Aktu\u00e1ln\u011b.cz s\u00a0n\u00e1zvem <strong>\u0160\u0165\u00e1va z\u00a0agresivn\u00ed kysel\u00e9 brazilsk\u00e9 bukvice m\u016f\u017ee rozleptat v\u00e1\u0161 po\u010d\u00edta\u010d<\/strong>.<\/p>\n<p>Mysl\u00edm, \u017ee jsou jasn\u00ed. Cel\u00e1 redakce. Jen titulek <strong>Koukej bejt tolerantn\u00ed, jinak dostane\u0161 po tlam\u011b<\/strong> jsem kupodivu v\u00a0dne\u0161n\u00ed Mlad\u00e9 front\u011b nena\u0161el.<span> <\/span><\/p>\n<p><span><a href=\"http:\/\/jakl.blog.idnes.cz\/c\/204940\/Mlade-leto-v-teple-fronte-teple-leto-v-Mlade-fronte.html\" target=\"_blank\">Zp\u011bt<\/a><br \/>\n<\/span><\/div>\n","protected":false},"excerpt":{"rendered":"<p>Redakci den\u00edku Mlad\u00e1 fronta obsadili homosexu\u00e1lov\u00e9. Kdo o tom dosud pochyboval, m\u016f\u017ee se pod\u00edvat do dne\u0161n\u00edho vyd\u00e1n\u00ed. V\u00a0den, kdy v\u00a0Praze za\u010d\u00edn\u00e1 arogantn\u00ed exhibice homosexu\u00e1l\u016f, v\u011bnovala \u010dty\u0159procentn\u00ed v\u011bt\u0161in\u011b Mlad\u00e1 fronta vlastn\u011b cel\u00e9 \u010d\u00edslo. Sta\u010d\u00ed si proj\u00edt titulky.<\/p>\n","protected":false},"author":1,"featured_media":0,"comment_status":"open","ping_status":"open","sticky":false,"template":"","format":"standard","meta":{"ngg_post_thumbnail":0,"footnotes":""},"categories":[10],"tags":[],"class_list":["post-1151","post","type-post","status-publish","format-standard","hentry","category-zlehka"],"_links":{"self":[{"href":"https:\/\/www.ladislavjakl.cz\/index.php?rest_route=\/wp\/v2\/posts\/1151","targetHints":{"allow":["GET"]}}],"collection":[{"href":"https:\/\/www.ladislavjakl.cz\/index.php?rest_route=\/wp\/v2\/posts"}],"about":[{"href":"https:\/\/www.ladislavjakl.cz\/index.php?rest_route=\/wp\/v2\/types\/post"}],"author":[{"embeddable":true,"href":"https:\/\/www.ladislavjakl.cz\/index.php?rest_route=\/wp\/v2\/users\/1"}],"replies":[{"embeddable":true,"href":"https:\/\/www.ladislavjakl.cz\/index.php?rest_route=%2Fwp%2Fv2%2Fcomments&post=1151"}],"version-history":[{"count":1,"href":"https:\/\/www.ladislavjakl.cz\/index.php?rest_route=\/wp\/v2\/posts\/1151\/revisions"}],"predecessor-version":[{"id":1152,"href":"https:\/\/www.ladislavjakl.cz\/index.php?rest_route=\/wp\/v2\/posts\/1151\/revisions\/1152"}],"wp:attachment":[{"href":"https:\/\/www.ladislavjakl.cz\/index.php?rest_route=%2Fwp%2Fv2%2Fmedia&parent=1151"}],"wp:term":[{"taxonomy":"category","embeddable":true,"href":"https:\/\/www.ladislavjakl.cz\/index.php?rest_route=%2Fwp%2Fv2%2Fcategories&post=1151"},{"taxonomy":"post_tag","embeddable":true,"href":"https:\/\/www.ladislavjakl.cz\/index.php?rest_route=%2Fwp%2Fv2%2Ftags&post=1151"}],"curies":[{"name":"wp","href":"https:\/\/api.w.org\/{rel}","templated":true}]}}