{"id":11517,"date":"2020-11-06T13:13:20","date_gmt":"2020-11-06T12:13:20","guid":{"rendered":"http:\/\/www.ladislavjakl.cz\/?p=11517"},"modified":"2020-11-06T13:13:20","modified_gmt":"2020-11-06T12:13:20","slug":"ct-volila-bidena-zruste-ji-soudi-jakl-moravec-168-hodin-reporteri-bude-krik","status":"publish","type":"post","link":"https:\/\/www.ladislavjakl.cz\/?p=11517","title":{"rendered":"\u010cT volila Bidena, zru\u0161te ji, soud\u00ed Jakl. Moravec, 168 hodin, Report\u00e9\u0159i? Bude k\u0159ik"},"content":{"rendered":"<p>ROZHOVOR N\u011bkte\u0159\u00ed moder\u00e1to\u0159i se p\u0159edv\u00e1d\u011bli jako p\u00e1vi, uchvacovali se sami sebou, neust\u00e1le vkl\u00e1dali do komentov\u00e1n\u00ed v\u00fdroky o tom, kde v\u0161ude byli a s k\u00fdm se potkali. Podle \u010dlena Rady pro rozhlasov\u00e9 a televizn\u00ed vys\u00edl\u00e1n\u00ed Ladislava Jakla se v\u0161ak \u010cesk\u00e1 televize oproti blam\u00e1\u017ei p\u0159i vys\u00edl\u00e1n\u00ed o prezidentsk\u00fdch volb\u00e1ch v USA p\u0159ed \u010dty\u0159mi roky nyn\u00ed trochu pou\u010dila. Sna\u017eila se zd\u00e1nliv\u011b nam\u00edchat hosty odprava doleva, ale op\u011bt byl zjevn\u00fd zcela rozd\u00edln\u00fd p\u0159\u00edstup moder\u00e1tor\u016f k nim. Prodemokratick\u00e9 hosty nechali mluvit, prorepublik\u00e1nsk\u00e9 p\u0159eru\u0161ovali, opravovali, zleh\u010dovali.<\/p>\n<p><!--more--><\/p>\n<p><strong>Jak si podle v\u00e1s vedla \u010cesk\u00e1 televize p\u0159i informov\u00e1n\u00ed o prezidentsk\u00fdch volb\u00e1ch v USA?<\/strong><\/p>\n<p>Podle mne byla op\u011bt tenden\u010dn\u00ed. A nejen to. N\u011bkte\u0159\u00ed moder\u00e1to\u0159i se p\u0159edv\u00e1d\u011bli jako p\u00e1vi, uchvacovali se sami sebou, jak hezky um\u011bj\u00ed vyjmenov\u00e1vat m\u011bsta v Texasu \u010di na Florid\u011b a neust\u00e1le vkl\u00e1dali do komentov\u00e1n\u00ed v\u00fdroky o tom, kde v\u0161ude byli a s k\u00fdm se potkali. A pak ta profesionalita. T\u0159ikr\u00e1t jsme sly\u0161eli, jak posun v\u00fdsledk\u016f t\u0159eba v Arizon\u011b je asi zp\u016fsoben\u00fd demografickou zm\u011bnou, ale ani slovo o tom, \u017ee to byl st\u00e1t, kde v\u011bt\u0161ina voli\u010d\u016f hlasovala koresponden\u010dn\u011b, co\u017e je zp\u016fsob voleb, kter\u00fd v pom\u011bru jedna ku t\u0159em nahr\u00e1val demokrat\u016fm. Takov\u00fdch v\u011bc\u00ed bylo v\u00edc.<\/p>\n<p><strong>Pou\u010dila se ale aspo\u0148 trochu z blam\u00e1\u017ee p\u0159ed \u010dty\u0159mi lety? A\u0165 u\u017e ve v\u00fdb\u011bru host\u016f nebo po\u0161t\u011bk\u00e1v\u00e1n\u00ed na ty, kte\u0159\u00ed \u0159eknou n\u011bco jin\u00e9ho, ne\u017e by moder\u00e1to\u0159i cht\u011bli sly\u0161et?<\/strong><\/p>\n<p>Ona blam\u00e1\u017e p\u0159ed \u010dty\u0159mi lety byla gigantick\u00e1, stran\u011bn\u00ed demokrat\u016fm bilo do o\u010d\u00ed, manipulace zcela zjevn\u00e9. Potvrdily to i nez\u00e1visl\u00e9 anal\u00fdzy a \u010cesk\u00e1 televize byla za to pr\u00e1vem vytah\u00e1na za u\u0161iska. Trochu se pou\u010dila. Sna\u017eila se zd\u00e1nliv\u011b nam\u00edchat hosty odprava doleva, ale op\u011bt byl zjevn\u00fd zcela rozd\u00edln\u00fd p\u0159\u00edstup moder\u00e1tor\u016f k nim. Prodemokratick\u00e9 hosty nechali mluvit, prorepublik\u00e1nsk\u00e9 p\u0159eru\u0161ovali, opravovali, zleh\u010dovali. \u010cesk\u00e1 televize volila Bidena.<\/p>\n<p><strong>N\u00e1zory na \u010ceskou televizi se \u0161t\u011bp\u00ed p\u0159edev\u0161\u00edm v pohledu na t\u0159i jej\u00ed po\u0159ady. Pozorujete u jednoho z nich, ned\u011bln\u00edch Ot\u00e1zek V\u00e1clava Moravce, s postupuj\u00edc\u00edm \u010dasem n\u011bjak\u00fd posun?<\/strong><\/p>\n<p>Tenhle po\u0159ad snad m\u016f\u017ee sledovat jen masochista, jak ub\u00edjej\u00edc\u00edm zp\u016fsobem je to po\u0159ad nudn\u00fd a otravn\u00fd. Nebo profesion\u00e1l, kter\u00fd se na to koukat mus\u00ed.<\/p>\n<p><strong>Nezaznamenal jste, \u017ee by V\u00e1clav Moravec alespo\u0148 trochu vzal v \u00favahu kritick\u00e9 n\u00e1zory na jeho po\u0159ad a na jeho zp\u016fsob moderov\u00e1n\u00ed?<\/strong><\/p>\n<p>V \u00favahu je vzal. A to tak, \u017ee se jim ka\u017edou ned\u011bli vysm\u00edv\u00e1. Proto\u017ee si je jist, \u017ee ho management \u010cesk\u00e9 televize kryje a dovol\u00ed mu v\u0161e, v\u0161e si tak\u00e9 dovol\u00ed. Vyv\u00e1\u017eenost ani nep\u0159edst\u00edr\u00e1. I ve v\u00fdb\u011bru sv\u00fdch milc\u016f i ve zp\u016fsobu, jak zach\u00e1z\u00ed s medi\u00e1ln\u00edmi otlouk\u00e1nky. A snad v\u016fbec nejhor\u0161\u00ed je, \u017ee se zab\u00fdv\u00e1 pseudoprobl\u00e9my a nikdy ne t\u00edm, co lidi opravdu tr\u00e1p\u00ed. Kdyby m\u011bl n\u011bkdo posuzovat sv\u011bt podle toho, jak se zrcadl\u00ed v Moravcov\u011b ka\u017edoned\u011bln\u00edm samo\u017eersk\u00e9m ob\u0159adu, musel by si myslet, \u017ee \u017eije na jin\u00e9 planet\u011b.<\/p>\n<p><strong>Co \u0159\u00edk\u00e1te na sch\u00e9ma po\u0159adu 168 hodin, kdy jeho report\u00e9\u0159i pron\u00e1sleduj\u00ed vybran\u00e9ho nepohodln\u00e9ho politika, p\u0159i n\u011b\u010dem ho nato\u010d\u00ed, sest\u0159\u00edhaj\u00ed to, podbarv\u00ed to odpov\u00eddaj\u00edc\u00ed hudbou a pak nechaj\u00ed t\u0159i jakoby nez\u00e1visl\u00e9 glos\u00e1tory s liber\u00e1ln\u00edm pohledem na sv\u011bt pran\u00fd\u0159ovat doty\u010dn\u00e9ho politika?<\/strong><\/p>\n<p>Z\u00e1kladn\u00ed metodou tohoto obskurn\u00edho po\u0159adu je po\u0161klebek. Je to odporn\u00e9. Ostatn\u011b zkou\u0161eli to kdysi i na mne. V\u00e1\u0161 popis toho po\u0159adu je v\u00fdsti\u017en\u00fd, ale chyb\u00ed v n\u011bm jedna v\u011bc. Zp\u016fsob v\u00fdb\u011bru \u201enepohodln\u00fdch\u201c politik\u016f. Maj\u00ed sv\u016fj v\u00fdb\u011br medi\u00e1ln\u00edch mil\u00e1\u010dk\u016f \u2013 Zelen\u00ed, Pir\u00e1ti, STAN, lidovci, ODS, \u010cSSD, nepohodln\u00ed jsou ti ostatn\u00ed. To maj\u00ed voli\u010di t\u011bch ostatn\u00edch p\u0159estat platit poplatky?<\/p>\n<p><strong>\u010cek\u00e1te od po\u0159adu ve\u0159ejnopr\u00e1vn\u00ed televize, \u017ee bude pravideln\u011b vys\u00edlat to, co politik\u016fm ujede, jako ned\u00e1vno v p\u0159\u00edpad\u011b v\u00fdroku ministryn\u011b Mal\u00e1\u010dov\u00e9, kdy\u017e ozna\u010dila Andreje Babi\u0161e za \u201edebila\u201c?<\/strong><\/p>\n<p>To jsou metody poklesl\u00e9ho bulv\u00e1ru. Za to si \u010ceskou televizi neplat\u00edme. M\u00e1 za ve\u0159ejn\u00e9 pen\u00edze plnit \u00fakoly ulo\u017een\u00e9 z\u00e1konem.<\/p>\n<p><strong>Posledn\u00ed z tria po\u0159ad\u016f, kter\u00e9 se nej\u010dast\u011bji st\u00e1vaj\u00ed ter\u010dem kritiky, jsou Report\u00e9\u0159i \u010cT. Za jejich problematickou report\u00e1\u017e o Lidic\u00edch z minul\u00e9ho roku se m\u00edstop\u0159edseda Rady \u010cT a historik Daniel V\u00e1\u0148a dokonce rozhodl omluvit dce\u0159i jedn\u00e9 z lidick\u00fdch \u017een oso\u010den\u00e9 z udava\u010dstv\u00ed. Co \u0159\u00edk\u00e1te postoji dramaturga po\u0159adu Marka Wollnera, \u017ee nechat zazn\u00edt n\u00e1zor jednoho historika a ostatn\u00ed pominout \u2013 byl spr\u00e1vn\u00fd?<\/strong><\/p>\n<p>Tenhle po\u0159ad je aktivistick\u00fd od sam\u00e9ho po\u010d\u00e1tku. Sna\u017e\u00ed se aktivn\u011b d\u011blat politiku, ne ji analyzovat. Lidick\u00fd p\u0159\u00edpad jsem sledoval, opakovan\u011b jsem ho v rad\u011b pro vys\u00edl\u00e1n\u00ed zkou\u0161el nastolovat. Asi a\u017e na \u010dtvrt\u00fd pokus se poda\u0159ilo, \u017ee na\u0161e rada vyslala sm\u011brem na Kav\u010d\u00ed hory aspo\u0148 lehk\u00e9 zamru\u010den\u00ed. Bylo to p\u0159itom skand\u00e1ln\u00ed. V den v\u00fdro\u010d\u00ed lidick\u00e9ho masakru to byl jedin\u00fd po\u0159ad, kter\u00fdm si \u010cesk\u00e1 televize na osud Lidic vzpomn\u011bla. A v tomto jedin\u00e9m po\u0159adu v den v\u00fdro\u010d\u00ed stav\u011bla cel\u00fd v\u00fdklad na jednom v\u00fdkladu jedin\u00e9ho historika. Nav\u00edc na v\u00fdkladu, kter\u00fd zp\u016fsobil \u017eivotn\u00ed trauma posledn\u00edmu \u017eij\u00edc\u00edmu lidick\u00e9mu d\u00edt\u011bti \u2013 dce\u0159i on\u00e9 na\u0159\u010den\u00e9.<\/p>\n<p><strong>M\u00e1 Rada \u010cT odm\u00edtat projedn\u00e1vat st\u00ed\u017enosti ve\u0159ejnosti na po\u0159ady \u010cesk\u00e9 televize, jak tvrd\u00ed jej\u00ed \u010dlen Zden\u011bk \u0160arapatka, ale zab\u00fdvat se pouze st\u00ed\u017enostmi na jej\u00ed veden\u00ed? Je pak v\u016fbec k n\u011b\u010demu krom\u011b volby a odvol\u00e1n\u00ed \u0159editele?<\/strong><\/p>\n<p>Zn\u00e1m\u00fd lh\u00e1\u0159 \u0160arapatka by v\u00e1m asi \u0159ekl, \u017ee Rada \u010cT je\u0161t\u011b schvaluje kodex a rozpo\u010det. A \u017ee to je tedy v\u0161e. Nikoli. Rada sice nem\u00e1 zasahovat do vlastn\u00edho \u0159\u00edzen\u00ed televize, nem\u00e1 \u0159\u00eddit jej\u00ed zam\u011bstnance p\u0159es hlavy managementu. Ale obsah vys\u00edl\u00e1n\u00ed a st\u00ed\u017enosti na n\u011bj \u0159e\u0161it mus\u00ed. \u010cesk\u00e1 televize m\u00e1 slou\u017eit poplatn\u00edk\u016fm a Rada \u010cT je jedin\u00fdm org\u00e1nem, kter\u00e1 m\u00e1 z\u00e1jmy ve\u0159ejnosti v t\u00e9to televizi h\u00e1jit. A jak jinak ne\u017e kontrolou, zda vys\u00edl\u00e1n\u00ed opravdu pln\u00ed \u00fakoly, k jejich\u017e pln\u011bn\u00ed byla \u010cT st\u00e1tem z\u0159\u00edzena, to m\u00e1 d\u011blat?<\/p>\n<p><strong>Je \u0159e\u0161en\u00ed st\u00ed\u017enost\u00ed v\u00fdlu\u010dn\u011b z\u00e1le\u017eitost\u00ed RRTV, jej\u00edm\u017e \u010dlenem od minul\u00e9ho roku jste?<\/strong><\/p>\n<p>No to v\u016fbec ne. Na\u0161e rada pro vys\u00edl\u00e1n\u00ed m\u016f\u017ee \u0159e\u0161it jen st\u00ed\u017enosti, kter\u00e9 se t\u00fdkaj\u00ed mo\u017en\u00e9ho poru\u0161en\u00ed medi\u00e1ln\u00edch z\u00e1kon\u016f. Ale i v r\u00e1mci z\u00e1kona m\u016f\u017eete z\u00e1jm\u016fm v\u00fdznamn\u00e9 \u010d\u00e1sti ve\u0159ejnosti \u0161kodit nebo jin\u00e9 nadr\u017eovat. A \u0159e\u0161it tohle je pr\u00e1v\u011b v\u011bc\u00ed Rady \u010cT.<\/p>\n<p><strong>Pr\u00e1v\u011b zm\u00edn\u011bn\u00fd radn\u00ed po jak\u00e9koli kritick\u00e9 zm\u00ednce o ve\u0159ejnopr\u00e1vn\u00ed televizi vystartuje ve sp\u0159\u00edzn\u011bn\u00e9m m\u00e9diu s koment\u00e1\u0159em, \u017ee jde o ohro\u017een\u00ed nez\u00e1vislosti \u010cesk\u00e9 televize. \u010cel\u00ed \u010cT n\u011bjak\u00e9 takov\u00e9 hrozb\u011b?<\/strong><\/p>\n<p>Cht\u011bj\u00ed b\u00fdt nez\u00e1visl\u00ed? Tak a\u0165 si zalo\u017e\u00ed svou televizi za sv\u00e9 pen\u00edze. Oni pracuj\u00ed v instituci z\u0159\u00edzen\u00e9 st\u00e1tem. St\u00e1t j\u00ed p\u0159id\u011blil majetek, pen\u00edze poplatn\u00edk\u016f, kmito\u010dty, a to v\u0161e kv\u016fli tomu, aby plnila zad\u00e1n\u00ed. \u017de n\u011bkdo kontroluje, zda \u010cesk\u00e1 televize pln\u00ed sv\u00e9 \u00fakoly, nen\u00ed p\u0159ece \u017e\u00e1dnou hrozbou.<\/p>\n<p><strong>A kdo tedy chce \u010ceskou televizi ovl\u00e1dnout?<\/strong><\/p>\n<p>\u010cT ovl\u00e1d\u00e1na u\u017e je. Je v rukou kliky, kter\u00e1 zastupuje z\u00e1jmy n\u011bkolika procent ve\u0159ejnosti. A po\u0161kozuje z\u00e1jmy v\u0161ech ostatn\u00edch, ov\u0161em za jejich pen\u00edze. Je hrozbou, pokud n\u011bkdo po\u017eaduje po \u010cesk\u00e9 televizi korektnost a vyv\u00e1\u017eenost? Jestli to n\u011bkomu vad\u00ed, s\u00e1m t\u00edm dokazuje, \u017ee jeho po\u0159ady jsou nekorektn\u00ed a nevyv\u00e1\u017een\u00e9.<\/p>\n<p><strong>Jak\u00fd je v\u00e1\u0161 pohled \u010dlena vys\u00edlac\u00ed rady na skute\u010dnost, \u017ee elitn\u00ed redakto\u0159i a moder\u00e1to\u0159i zpravodajstv\u00ed a publicistiky \u010cT komentuj\u00ed politiku a spole\u010densk\u00e9 d\u011bn\u00ed na soci\u00e1ln\u00edch s\u00edt\u00edch, p\u0159\u00edpadn\u011b v jin\u00fdch m\u00e9di\u00edch?<\/strong><\/p>\n<p>Jsou to lid\u00e9, kte\u0159\u00ed pracuj\u00ed ve ve\u0159ejn\u00e9 instituci. Jak by reagovali report\u00e9\u0159i \u010cesk\u00e9 televize, kdyby soudci, voj\u00e1ci \u010di policist\u00e9 fungovali ve sv\u00e9m voln\u00e9m \u010dase jako politi\u010dt\u00ed aktivist\u00e9? T\u00edmto sv\u00fdm chov\u00e1n\u00edm redakto\u0159i znev\u011brohod\u0148uj\u00ed v\u0161e, co v t\u00e9 televizi d\u011blaj\u00ed. Prozrazuj\u00ed, \u017ee nejsou nestrann\u00ed, \u017ee jsou naopak politicky anga\u017eovan\u00ed. A tak m\u00e1me jejich po\u0159ady ch\u00e1pat.<\/p>\n<p><strong>Lze jim to v\u016fbec zak\u00e1zat, pokud tak \u010din\u00ed ve sv\u00e9m voln\u00e9m \u010dase a na sv\u00fdch soukrom\u00fdch profilech?<\/strong><\/p>\n<p>To by m\u011bl \u0159e\u0161it Kodex \u010cT a dal\u0161\u00ed intern\u00ed p\u0159edpisy. \u010cesk\u00e9 televizi by m\u011blo z\u00e1le\u017eet na sv\u00e9 pov\u011bsti a seri\u00f3znosti.<\/p>\n<p><strong>Jak\u00fd n\u00e1zor v tomto ohledu p\u0159evl\u00e1d\u00e1 v RRTV? M\u00e1 n\u011bjakou pravomoc s t\u00edm n\u011bco d\u011blat?<\/strong><\/p>\n<p>Tak to nem\u00e1. Rada pro vys\u00edl\u00e1n\u00ed se opravdu m\u016f\u017ee zab\u00fdvat jen t\u00edm, co \u201eleze z obrazovky\u201c.<\/p>\n<p><strong>\u010cesk\u00e1 televize odm\u00edtla poskytnout Unii obh\u00e1jc\u016f informace o slo\u017een\u00ed host\u016f po\u0159adu v p\u0159\u00edpad\u011b, \u017ee t\u00e9matem debaty byly ot\u00e1zky t\u00fdkaj\u00edc\u00ed se justice, st\u00e1tn\u00edho zastupitelstv\u00ed, advokacie, trestn\u00edho \u0159\u00edzen\u00ed a trestn\u00edch kauz. N\u00e1sledn\u00fd spor prohr\u00e1la, ale ani pravomocn\u00fd rozsudek M\u011bstsk\u00e9ho soudu v Praze nem\u00ednila respektovat, co\u017e z\u00e1stupce unie V\u00e1clav Vlk ozna\u010dil za ignoraci pr\u00e1vn\u00edch p\u0159edpis\u016f. Lze to ze strany \u010cT ch\u00e1pat jako ochranu jej\u00edch opr\u00e1vn\u011bn\u00fdch z\u00e1jm\u016f a princip\u016f nez\u00e1visl\u00e9 \u017eurnalistiky, jak k tomu uvedla mluv\u010d\u00ed Karol\u00edna Blinkov\u00e1?<\/strong><\/p>\n<p>\u010cT si nem\u016f\u017ee d\u011blat svou politiku. M\u00e1 slou\u017eit. \u017d\u00e1dn\u00fd novin\u00e1\u0159, redaktor \u010di dramaturg si nem\u016f\u017ee d\u011blat, co chce. Leda by mu to m\u00e9dium pat\u0159ilo. Pak by musel dodr\u017eovat jen obecn\u00e9 z\u00e1kony. Ale pokud je to zam\u011bstnanec, dost\u00e1v\u00e1 od sv\u00e9ho zam\u011bstnavatele plat za to, \u017ee pln\u00ed n\u011bjak\u00e9 zad\u00e1n\u00ed. U priv\u00e1tn\u00edch m\u00e9di\u00ed t\u00edm zad\u00e1n\u00edm je co nejlep\u0161\u00ed sledovanost. A kdy\u017e se takov\u00fd novin\u00e1\u0159 sebere a jde pracovat do \u010cesk\u00e9 televize, tak najednou nemus\u00ed dodr\u017eovat nic? Ale mus\u00ed. Mus\u00ed napl\u0148ovat posl\u00e1n\u00ed \u010cT. A na to maj\u00ed dohl\u00ed\u017eet jeho \u0161\u00e9fov\u00e9. A pokud nedohl\u00ed\u017eej\u00ed, mus\u00ed na n\u011b dohl\u00e9dnout Rada \u010cT.<\/p>\n<p>Ostatn\u011b soud\u00edm, \u017ee \u010cesk\u00e1 televize mus\u00ed b\u00fdt zru\u0161ena. Je nereformovateln\u00e1.<\/p>\n<p><a href=\"https:\/\/www.parlamentnilisty.cz\/arena\/rozhovory\/CT-volila-Bidena-zruste-ji-soudi-Jakl-Moravec-168-hodin-Reporteri-Bude-krik-643001\">Zdroj<\/a><\/p>\n","protected":false},"excerpt":{"rendered":"<p>ROZHOVOR N\u011bkte\u0159\u00ed moder\u00e1to\u0159i se p\u0159edv\u00e1d\u011bli jako p\u00e1vi, uchvacovali se sami sebou, neust\u00e1le vkl\u00e1dali do komentov\u00e1n\u00ed v\u00fdroky o tom, kde v\u0161ude byli a s k\u00fdm se potkali. Podle \u010dlena Rady pro rozhlasov\u00e9 a televizn\u00ed vys\u00edl\u00e1n\u00ed Ladislava Jakla se v\u0161ak \u010cesk\u00e1 televize oproti blam\u00e1\u017ei p\u0159i vys\u00edl\u00e1n\u00ed o prezidentsk\u00fdch volb\u00e1ch v USA p\u0159ed \u010dty\u0159mi roky nyn\u00ed trochu pou\u010dila. [&hellip;]<\/p>\n","protected":false},"author":1,"featured_media":0,"comment_status":"open","ping_status":"open","sticky":false,"template":"","format":"standard","meta":{"ngg_post_thumbnail":0,"footnotes":""},"categories":[13],"tags":[],"class_list":["post-11517","post","type-post","status-publish","format-standard","hentry","category-rozhovory"],"_links":{"self":[{"href":"https:\/\/www.ladislavjakl.cz\/index.php?rest_route=\/wp\/v2\/posts\/11517","targetHints":{"allow":["GET"]}}],"collection":[{"href":"https:\/\/www.ladislavjakl.cz\/index.php?rest_route=\/wp\/v2\/posts"}],"about":[{"href":"https:\/\/www.ladislavjakl.cz\/index.php?rest_route=\/wp\/v2\/types\/post"}],"author":[{"embeddable":true,"href":"https:\/\/www.ladislavjakl.cz\/index.php?rest_route=\/wp\/v2\/users\/1"}],"replies":[{"embeddable":true,"href":"https:\/\/www.ladislavjakl.cz\/index.php?rest_route=%2Fwp%2Fv2%2Fcomments&post=11517"}],"version-history":[{"count":1,"href":"https:\/\/www.ladislavjakl.cz\/index.php?rest_route=\/wp\/v2\/posts\/11517\/revisions"}],"predecessor-version":[{"id":11518,"href":"https:\/\/www.ladislavjakl.cz\/index.php?rest_route=\/wp\/v2\/posts\/11517\/revisions\/11518"}],"wp:attachment":[{"href":"https:\/\/www.ladislavjakl.cz\/index.php?rest_route=%2Fwp%2Fv2%2Fmedia&parent=11517"}],"wp:term":[{"taxonomy":"category","embeddable":true,"href":"https:\/\/www.ladislavjakl.cz\/index.php?rest_route=%2Fwp%2Fv2%2Fcategories&post=11517"},{"taxonomy":"post_tag","embeddable":true,"href":"https:\/\/www.ladislavjakl.cz\/index.php?rest_route=%2Fwp%2Fv2%2Ftags&post=11517"}],"curies":[{"name":"wp","href":"https:\/\/api.w.org\/{rel}","templated":true}]}}