{"id":11529,"date":"2020-11-16T12:06:28","date_gmt":"2020-11-16T11:06:28","guid":{"rendered":"http:\/\/www.ladislavjakl.cz\/?p=11529"},"modified":"2020-11-16T12:06:28","modified_gmt":"2020-11-16T11:06:28","slug":"2-semifinale-2020-co-vidi-covidi-konrada-a-pozor-budvar-i-prazdroj-ve-finale","status":"publish","type":"post","link":"https:\/\/www.ladislavjakl.cz\/?p=11529","title":{"rendered":"2. semifin\u00e1le 2020: Co vid\u00ed covidi? Konr\u00e1da! A pozor: Budvar i Prazdroj ve fin\u00e1le!"},"content":{"rendered":"<p>Mysleli jste si \u017ee PPE vym\u0159ela? Nebojte, mil\u00e9 d\u011bti, nevym\u0159ela. Sice jednoho \u010dlena potkala kovid\u00ed negativn\u00ed zpr\u00e1va o pozitivit\u011b, ale ten se stihl pozitivn\u011b znegativnit, a a\u010d pro jistotu nahrazen n\u00e1hradn\u00edkem, prok\u00e1zal v\u011brnost na\u0161\u00ed degusta\u010dn\u00ed skupin\u011b a p\u0159i\u0161el alespo\u0148 jako zan\u00edcen\u00fd div\u00e1k.<\/p>\n<p><!--more--><\/p>\n<p>Kdy\u017e u\u017e jsme u t\u011bch n\u00e1hradn\u00edk\u016f, byli tentokr\u00e1t dva, \u010dlen korespondent PPE Petr M. a poprv\u00e9 v&nbsp;historii p\u0159edseda Sdru\u017een\u00ed p\u0159\u00e1tel piva Tom\u00e1\u0161. Bej\u010dek toti\u017e zaskakoval za nal\u00e9va\u010dku Zuzanu a v\u00fdsledn\u00fdm \u010dasem j\u00ed sm\u011ble konkuroval. Nu\u017e, co kdybychom u\u017e p\u0159ikro\u010dili k&nbsp;v\u00fdsledk\u016fm.<\/p>\n<p>Druh\u00e9 semifin\u00e1le bylo mnohem vyrovnan\u011bj\u0161\u00ed ne\u017e prvn\u00ed, \u017e\u00e1dn\u00fd vysloven\u00fd propad\u00e1k se nekonal. Posledn\u00ed trojice (Bernard, Prim\u00e1tor a Nov\u00e1 Paka) z\u00edskala shodn\u011b po 40 bodech, co\u017e nen\u00ed \u017e\u00e1dn\u00e1 ostuda. Spolu s&nbsp;touto trojic\u00ed z\u016fstaly p\u0159ed branami fin\u00e1le je\u0161t\u011b Z\u00e1vi\u0161 a Pard\u00e1l.<\/p>\n<p>Historickou ud\u00e1lost\u00ed nepochybn\u011b je, \u017ee do fin\u00e1le postoupily ob\u011b ikony \u010desk\u00e9ho pivovarnictv\u00ed: Prazdroj i Budvar. Spolu s&nbsp;nimi se mezi elitou p\u0159edstav\u00ed Poutn\u00edk a Zubr. Ale \u00fapln\u011b nejl\u00e9pe ve druh\u00e9m leto\u0161n\u00edm semifin\u00e1le dopadl vratislavick\u00fd Konrad se skv\u011bl\u00fdm ziskem 27 bod\u016f.<\/p>\n<p>P\u0159ed velk\u00fdm fin\u00e1le se ale v\u0161echny z\u00e1sluhy ma\u017eou, v\u0161ichni finalisti budou za\u010d\u00ednat na stejn\u00e9 startovn\u00ed \u010d\u00e1\u0159e. A k&nbsp;tomu fin\u00e1le: omlouv\u00e1me se zasv\u011bcen\u00e9 pivn\u00ed ve\u0159ejnosti a hlavn\u011b pivovar\u016fm \u2013 \u00fa\u010dastn\u00edk\u016fm fin\u00e1le, ale z&nbsp;pochopiteln\u00fdch d\u016fvod\u016f tentokr\u00e1t poprv\u00e9 prob\u011bhne fin\u00e1le bez \u00fa\u010dasti ve\u0159ejnosti. Ale bu\u010fte si jisti, \u017ee t\u00edm nijak nebude dot\u010dena tradi\u010dn\u00ed korektnost degustace. V\u00fdsledky ozn\u00e1m\u00edme touto cestou.<\/p>\n<p>V\u00fdsledky 2. semifin\u00e1le 11. ro\u010dn\u00edku PPE:<\/p>\n<table width=\"430\">\n<tbody>\n<tr>\n<td width=\"109\">1.<\/td>\n<td width=\"238\">Konrad<\/td>\n<td width=\"83\">27<\/td>\n<\/tr>\n<tr>\n<td>2.<\/td>\n<td>Zubr<\/td>\n<td>29<\/td>\n<\/tr>\n<tr>\n<td>3.<\/td>\n<td>Poutn\u00edk<\/td>\n<td>30<\/td>\n<\/tr>\n<tr>\n<td>4.-5.<\/td>\n<td>Budvar<\/td>\n<td>33<\/td>\n<\/tr>\n<tr>\n<td>5.-4.<\/td>\n<td>Prazdroj<\/td>\n<td>33<\/td>\n<\/tr>\n<tr>\n<td>6.<\/td>\n<td>Z\u00e1vi\u0161<\/td>\n<td>38<\/td>\n<\/tr>\n<tr>\n<td>7.<\/td>\n<td>Pard\u00e1l<\/td>\n<td>39<\/td>\n<\/tr>\n<tr>\n<td>8.-10.<\/td>\n<td>Bernard, Prim\u00e1tor, Nov\u00e1 Paka<\/td>\n<td>40<\/td>\n<\/tr>\n<\/tbody>\n<\/table>\n<p><img loading=\"lazy\" decoding=\"async\" class=\"alignnone wp-image-5128 \" src=\"http:\/\/www.prvnipivniextraliga.cz\/wp-content\/uploads\/2020\/11\/2semi2020.png\" sizes=\"auto, (max-width: 698px) 100vw, 698px\" srcset=\"http:\/\/www.prvnipivniextraliga.cz\/wp-content\/uploads\/2020\/11\/2semi2020.png 875w, http:\/\/www.prvnipivniextraliga.cz\/wp-content\/uploads\/2020\/11\/2semi2020-300x225.png 300w, http:\/\/www.prvnipivniextraliga.cz\/wp-content\/uploads\/2020\/11\/2semi2020-768x577.png 768w\" alt=\"\" width=\"481\" height=\"361\"><\/p>\n<p>L. J.<\/p>\n","protected":false},"excerpt":{"rendered":"<p>Mysleli jste si \u017ee PPE vym\u0159ela? Nebojte, mil\u00e9 d\u011bti, nevym\u0159ela. Sice jednoho \u010dlena potkala kovid\u00ed negativn\u00ed zpr\u00e1va o pozitivit\u011b, ale ten se stihl pozitivn\u011b znegativnit, a a\u010d pro jistotu nahrazen n\u00e1hradn\u00edkem, prok\u00e1zal v\u011brnost na\u0161\u00ed degusta\u010dn\u00ed skupin\u011b a p\u0159i\u0161el alespo\u0148 jako zan\u00edcen\u00fd div\u00e1k.<\/p>\n","protected":false},"author":1,"featured_media":0,"comment_status":"open","ping_status":"open","sticky":false,"template":"","format":"standard","meta":{"ngg_post_thumbnail":0,"footnotes":""},"categories":[20,1],"tags":[],"class_list":["post-11529","post","type-post","status-publish","format-standard","hentry","category-pivo","category-publikovane-clanky"],"_links":{"self":[{"href":"https:\/\/www.ladislavjakl.cz\/index.php?rest_route=\/wp\/v2\/posts\/11529","targetHints":{"allow":["GET"]}}],"collection":[{"href":"https:\/\/www.ladislavjakl.cz\/index.php?rest_route=\/wp\/v2\/posts"}],"about":[{"href":"https:\/\/www.ladislavjakl.cz\/index.php?rest_route=\/wp\/v2\/types\/post"}],"author":[{"embeddable":true,"href":"https:\/\/www.ladislavjakl.cz\/index.php?rest_route=\/wp\/v2\/users\/1"}],"replies":[{"embeddable":true,"href":"https:\/\/www.ladislavjakl.cz\/index.php?rest_route=%2Fwp%2Fv2%2Fcomments&post=11529"}],"version-history":[{"count":1,"href":"https:\/\/www.ladislavjakl.cz\/index.php?rest_route=\/wp\/v2\/posts\/11529\/revisions"}],"predecessor-version":[{"id":11530,"href":"https:\/\/www.ladislavjakl.cz\/index.php?rest_route=\/wp\/v2\/posts\/11529\/revisions\/11530"}],"wp:attachment":[{"href":"https:\/\/www.ladislavjakl.cz\/index.php?rest_route=%2Fwp%2Fv2%2Fmedia&parent=11529"}],"wp:term":[{"taxonomy":"category","embeddable":true,"href":"https:\/\/www.ladislavjakl.cz\/index.php?rest_route=%2Fwp%2Fv2%2Fcategories&post=11529"},{"taxonomy":"post_tag","embeddable":true,"href":"https:\/\/www.ladislavjakl.cz\/index.php?rest_route=%2Fwp%2Fv2%2Ftags&post=11529"}],"curies":[{"name":"wp","href":"https:\/\/api.w.org\/{rel}","templated":true}]}}