{"id":1153,"date":"2011-08-17T13:11:14","date_gmt":"2011-08-17T12:11:14","guid":{"rendered":"http:\/\/www.ladislavjakl.cz\/?p=1153"},"modified":"2011-08-17T13:11:14","modified_gmt":"2011-08-17T12:11:14","slug":"jakl-batora-je-tercem-sprostych-utoku-i-pomluv-a-nesmi-se-branit","status":"publish","type":"post","link":"https:\/\/www.ladislavjakl.cz\/?p=1153","title":{"rendered":"Jakl: B\u00e1tora je ter\u010dem sprost\u00fdch \u00fatok\u016f i pomluv a nesm\u00ed se br\u00e1nit"},"content":{"rendered":"<p>Ladislav Jakl, tajemn\u00edk prezidenta V\u00e1clava Klause, se ve st\u0159edu zapojil  do v\u00fdm\u011bny n\u00e1zor\u016f mezi p\u0159edsedou TOP 09 a ministrem zahrani\u010d\u00ed Karlem  Schwarzenbergem a person\u00e1ln\u00edm \u0161\u00e9fem ministerstva zahrani\u010d\u00ed Ladislavem  B\u00e1torou. Podle Jakla je B\u00e1tora dlouhodob\u011b ter\u010dem \u00fatok\u016f a pomluv, ani\u017e by  se s\u00e1m mohl br\u00e1nit.<\/p>\n<p><!--more--><\/p>\n<p>&#8222;Pan B\u00e1tora je u\u017e p\u016fl roku ter\u010dem sprost\u00fdch \u00fatok\u016f, l\u017e\u00ed, ur\u00e1\u017eek,  zesm\u011b\u0161\u0148ov\u00e1n\u00ed, pomluv a n\u00e1tlaku. S\u00e1m se ale, zd\u00e1 se, br\u00e1nit nesm\u00ed,&#8220; uvedl  Jakl, jeho\u017e n\u00e1zor zve\u0159ejnil na sv\u00fdch str\u00e1nk\u00e1ch prezident <a title=\"http:\/\/tema.novinky.cz\/vaclav-klaus\" href=\"http:\/\/tema.novinky.cz\/vaclav-klaus\">V\u00e1clav Klaus<\/a>.<\/p>\n<p>Nap\u011bt\u00ed mezi <a title=\"http:\/\/tema.novinky.cz\/top-09\" href=\"http:\/\/tema.novinky.cz\/top-09\">TOP 09<\/a> a B\u00e1torou, kter\u00fd je vedle sv\u00e9ho anga\u017em\u00e1 na ministerstvu i p\u0159edsedou  ob\u010dansk\u00e9ho sdru\u017een\u00ed Akce D.O.S.T., eskalovalo ve st\u0159edu pot\u00e9, co vy\u0161lo  najevo, \u017ee B\u00e1tora napsal na sv\u00fdch facebookov\u00fdch str\u00e1nk\u00e1ch text, ve  kter\u00e9m se hrub\u011b dotkl Schwarzenberga, kdy\u017e uvedl: &#8222;Chud\u00e1\u010dek starej, to  se mu to bezosty\u0161n\u011b prsk\u00e1, kdy\u017e ho minim\u00e1ln\u011b ze t\u0159\u00ed d\u016fvod\u016f nemohu vyzvat  na souboj.&#8220;<\/p>\n<p>\u0160lo o reakci na Schwarzenbergova slova, kter\u00fd si v souvislosti s\u00a0B\u00e1torov\u00fdmi koment\u00e1\u0159i k\u00a0pochodu gay\u016f a lesbi\u010dek <a title=\"http:\/\/tema.novinky.cz\/praha\" href=\"http:\/\/tema.novinky.cz\/praha\">Prahou<\/a> post\u011b\u017eoval, \u017ee si na jeho odvol\u00e1n\u00ed nikdo netrouf\u00e1 a dodal: \u201eHod\u00ed se tam s\u00a0odpu\u0161t\u011bn\u00edm jako pazde\u0159\u00ed k\u00a0jist\u00e9 \u010d\u00e1sti t\u011bla\u2026\u201c.<\/p>\n<p><a href=\"http:\/\/www.novinky.cz\/domaci\/242064-jakl-batora-je-tercem-sprostych-utoku-i-pomluv-a-nesmi-se-branit.html?ref=zpravy-dne\" target=\"_blank\">Zdroj<\/a><\/p>\n","protected":false},"excerpt":{"rendered":"<p>Ladislav Jakl, tajemn\u00edk prezidenta V\u00e1clava Klause, se ve st\u0159edu zapojil do v\u00fdm\u011bny n\u00e1zor\u016f mezi p\u0159edsedou TOP 09 a ministrem zahrani\u010d\u00ed Karlem Schwarzenbergem a person\u00e1ln\u00edm \u0161\u00e9fem ministerstva zahrani\u010d\u00ed Ladislavem B\u00e1torou. Podle Jakla je B\u00e1tora dlouhodob\u011b ter\u010dem \u00fatok\u016f a pomluv, ani\u017e by se s\u00e1m mohl br\u00e1nit.<\/p>\n","protected":false},"author":1,"featured_media":0,"comment_status":"open","ping_status":"open","sticky":false,"template":"","format":"standard","meta":{"ngg_post_thumbnail":0,"footnotes":""},"categories":[11],"tags":[],"class_list":["post-1153","post","type-post","status-publish","format-standard","hentry","category-ozvena"],"_links":{"self":[{"href":"https:\/\/www.ladislavjakl.cz\/index.php?rest_route=\/wp\/v2\/posts\/1153","targetHints":{"allow":["GET"]}}],"collection":[{"href":"https:\/\/www.ladislavjakl.cz\/index.php?rest_route=\/wp\/v2\/posts"}],"about":[{"href":"https:\/\/www.ladislavjakl.cz\/index.php?rest_route=\/wp\/v2\/types\/post"}],"author":[{"embeddable":true,"href":"https:\/\/www.ladislavjakl.cz\/index.php?rest_route=\/wp\/v2\/users\/1"}],"replies":[{"embeddable":true,"href":"https:\/\/www.ladislavjakl.cz\/index.php?rest_route=%2Fwp%2Fv2%2Fcomments&post=1153"}],"version-history":[{"count":1,"href":"https:\/\/www.ladislavjakl.cz\/index.php?rest_route=\/wp\/v2\/posts\/1153\/revisions"}],"predecessor-version":[{"id":1154,"href":"https:\/\/www.ladislavjakl.cz\/index.php?rest_route=\/wp\/v2\/posts\/1153\/revisions\/1154"}],"wp:attachment":[{"href":"https:\/\/www.ladislavjakl.cz\/index.php?rest_route=%2Fwp%2Fv2%2Fmedia&parent=1153"}],"wp:term":[{"taxonomy":"category","embeddable":true,"href":"https:\/\/www.ladislavjakl.cz\/index.php?rest_route=%2Fwp%2Fv2%2Fcategories&post=1153"},{"taxonomy":"post_tag","embeddable":true,"href":"https:\/\/www.ladislavjakl.cz\/index.php?rest_route=%2Fwp%2Fv2%2Ftags&post=1153"}],"curies":[{"name":"wp","href":"https:\/\/api.w.org\/{rel}","templated":true}]}}