{"id":11534,"date":"2020-11-16T12:09:54","date_gmt":"2020-11-16T11:09:54","guid":{"rendered":"http:\/\/www.ladislavjakl.cz\/?p=11534"},"modified":"2020-11-16T12:09:54","modified_gmt":"2020-11-16T11:09:54","slug":"veselovsky-koukal-bylo-mi-ho-lito-rekl-xaver-a-koukal-i-on-kdyz-doslo-na-mlade","status":"publish","type":"post","link":"https:\/\/www.ladislavjakl.cz\/?p=11534","title":{"rendered":"Veselovsk\u00fd koukal, bylo mi ho l\u00edto, \u0159ekl Xaver. A koukal i on: Kdy\u017e do\u0161lo na mlad\u00e9"},"content":{"rendered":"<p>Po\u017eadovat, aby se v hospod\u011b nekou\u0159ilo, je jako cht\u00edt v kv\u011btin\u00e1\u0159stv\u00ed p\u00e1rky, \u0159ekl v Xaverov\u011b studiu \u010dlen RRTV a b\u00fdval\u00fd Klaus\u016fv tajemn\u00edk Ladislav Jakl. Podle n\u011bho je probl\u00e9m v tom, kolik lid\u00ed \u017eije v p\u0159esv\u011bd\u010den\u00ed, \u017ee m\u00e1 na n\u011bco n\u00e1rok. Ani politika identit nez\u016fstala u\u0161et\u0159ena. Podle Jakla se n\u011bkter\u00e9 identity hod\u00ed, ale jin\u00e9 ne. \u201eVy o sob\u011b m\u016f\u017eete \u0159\u00edct, \u017ee jste kreveta, ale zkuste \u0159\u00edct, \u017ee jste Goebbels, t\u0159eba?\u201c Reagoval na vystoupen\u00ed \u201enebin\u00e1rn\u00ed Evy\u201c z DVTV. A zhodnotil i v\u00fdsledky voleb v USA. \u017de Biden vyhraje bylo pr\u00fd jasn\u00e9 u\u017e ve st\u0159edu r\u00e1no. Ale \u017ee by m\u011bl Trump odstoupit a uznat por\u00e1\u017eku? Pro\u010d, kdy\u017e protistrana cel\u00e9 4 roky necht\u011bla uznat jeho v\u00edt\u011bzstv\u00ed.<\/p>\n<p><!--more--><\/p>\n<p>Xaver pro za\u010d\u00e1tek uvedl, \u017ee se mu Jakl zapsal do pam\u011bti sv\u00fdm v\u00fdstupem v&nbsp;\u010cT, kde roztrhal v\u00fdtisk protiku\u0159\u00e1ck\u00e9ho z\u00e1kona. Moder\u00e1tor doplnil, \u017ee takov\u00fdch lid\u00ed bylo v\u00edce, ale Jakl je neku\u0159\u00e1k. \u010clen RRTV mu odporoval, \u017ee je mo\u017en\u00e9 ho vid\u011bt n\u011bkolikr\u00e1t do roka s&nbsp;doutn\u00edkem, ale jinak je neku\u0159\u00e1kem. \u201eP\u0159esto\u017ee jsem celo\u017eivotn\u00ed neku\u0159\u00e1k, p\u0159esto\u017ee nemiluji ten od\u00e9r z&nbsp;t\u011bch \u0161at\u016f a p\u0159esto\u017ee jsem nebyl \u00fapln\u011b \u0161\u0165astn\u00fd, \u017ee se kou\u0159\u00ed v&nbsp;kancel\u00e1\u0159i, kde jsem pracoval, tak u t\u011bhle pohnutek a tohohle z\u00e1kona jsem byl v\u017edycky proti tomu z\u00e1kazu,\u201c \u0159ekl Jakl a dodal, \u017ee lid\u00e9 sice bojuj\u00ed za sv\u00e9 principy, ale kdy\u017e jde o jejich z\u00e1jem, tak se zpravidla projev\u00ed, \u017ee ve skute\u010dnosti o \u017e\u00e1dn\u00e9 principy nejde, ale jde jen o jejich vlastn\u00ed z\u00e1jem.<\/p>\n<section class=\"section-brown section-inarticle poll\">\n<div class=\"well well-rounded\">\n<div>Doplnil, \u017ee lid\u00e9 si mysl\u00ed, \u017ee maj\u00ed n\u00e1rok na prost\u0159ed\u00ed, a argumentoval, \u017ee pro neku\u0159\u00e1ka nen\u00ed \u017e\u00e1dn\u00fd rozd\u00edl, pokud na n\u011bjak\u00e9m m\u00edst\u011b nen\u00ed \u017e\u00e1dn\u00e1 hospoda, a pokud je n\u011bkde \u201eku\u0159\u00e1ck\u00e1 \u0161pelu\u0148ka\u201c. \u201eOmezilo v\u00e1s to n\u011bjak? V\u00e1s, neku\u0159\u00e1ky, kter\u00fdm vad\u00ed kou\u0159en\u00ed? Neomezilo, je to \u00fapln\u011b stejn\u00fd. P\u0159edt\u00edm tam pro v\u00e1s nic nebylo, te\u010f tam pro v\u00e1s nic nebude. Slu\u0161n\u00fd \u010dlov\u011bk jde d\u00e1l. Ale ten, kdo m\u00e1 vybudov\u00e1no, \u017ee m\u00e1 na n\u011bco n\u00e1roky, ten \u0159ekne: Ale t\u00edm, \u017ee tam n\u011bkdo otev\u0159el v t\u00e9 budov\u011b hospodu, mn\u011b vznik\u00e1 n\u00e1rok tam p\u0159ij\u00edt, rozkopnout dve\u0159e a \u0159\u00edct: Bude tam slu\u017eba, jakou chci j\u00e1.\u201c Jakl pokra\u010doval, \u017ee to je jako p\u0159ij\u00edt do kv\u011btin\u00e1\u0159stv\u00ed a objednat si p\u00e1rky nebo po\u017eadovat ticho na diskot\u00e9ce \u010di si st\u011b\u017eovat v kv\u011btin\u00e1\u0159stv\u00ed na alergii a po\u017eadovat, aby kv\u011btiny vyhodili.<\/div>\n<\/div>\n<\/section>\n<p>\u201eJsme zodpov\u011bdn\u00ed za sv\u00e9 \u017eivoty, m\u00e1me v\u017edycky mo\u017enost volby,\u201c prohl\u00e1sil b\u00fdval\u00fd Klaus\u016fv tajemn\u00edk a dodal, \u017ee rozhodnut\u00ed, zda se bude \u010di nebude v&nbsp;podniku kou\u0159it m\u00e1 d\u011blat ten, kdo hospodu vlastn\u00ed \u010di provozuje. Podle n\u011bho v&nbsp;mnoha lidech vyhr\u00e1v\u00e1 p\u0159esv\u011bd\u010den\u00ed, \u017ee \u017eivnostn\u00edk m\u00e1 podnik\u00e1n\u00ed p\u016fj\u010den\u00e9 \u010di povolen\u00e9 od st\u00e1tu. \u201e\u017de ten jim milostiv\u011b za sv\u00fdch podm\u00ednek dovol\u00ed nab\u00edzet n\u011bjakou slu\u017ebu. Ne. M\u011bli by si lidi zvyknout na to, \u017ee existuje smlouva. Jeden nab\u00edz\u00ed, druh\u00fd p\u0159ijme nebo nep\u0159ijme,\u201c m\u011bl jasno Jakl.<\/p>\n<p>tli je to v&nbsp;po\u0159\u00e1dku,\u201c \u0159ekl Jakl a dodal, \u017ee je to v\u00fdsledek toho, \u017ee je jedinec za\u0159azen do n\u011bjak\u00e9 skupiny se skupinov\u00fdmi pr\u00e1vy, m\u00edsto aby se hled\u011blo na individu\u00e1ln\u00ed pr\u00e1va. Poznamenal, \u017ee rozd\u011blen\u00ed do kast \u010di skupin nen\u00ed nic nov\u00e9ho, je to podle n\u011bho plodem kolektivistick\u00e9ho my\u0161len\u00ed a soci\u00e1ln\u00edho konstruktivismu. \u201eKdy\u017e si n\u011bkdo mysl\u00ed, \u017ee je mo\u017en\u00e9 spole\u010dnost vybudovat, aby slou\u017eila jeho z\u00e1m\u011bru,\u201c vysv\u011btlil pojmy.<\/p>\n<p>Rozd\u011blil instituce na nab\u00eddkov\u00e9 a popt\u00e1vkov\u00e9. Kdy popt\u00e1vkov\u00e1 instituce naslouch\u00e1, co po n\u00ed lid\u00e9 cht\u011bj\u00ed. Nab\u00eddkov\u00e9 instituce se podle n\u011bj nach\u00e1z\u00ed nap\u0159. v&nbsp;Praze. \u201eMy v\u00e1m nejen nab\u00eddneme, my v\u00e1m vnut\u00edme zp\u016fsob \u017eivota a priority a hodnoty, o kter\u00fdch my si mysl\u00edme, \u017ee jsou dob\u0159e. A my v\u00e1s to nau\u010d\u00edme. To se net\u00fdk\u00e1 jenom instituc\u00ed, to se t\u00fdk\u00e1 um\u011bn\u00ed, \u010dehokoliv jin\u00e9ho. Vid\u00edte nevinn\u00fd, bezstarostn\u00fd film a pak tam vid\u00edte n\u011bkolik v\u011bc\u00ed a konstrukc\u00ed, kter\u00e9 v\u00e1s nut\u00ed, abyste si na n\u011bkter\u00e9 v\u011bci zvykli, nau\u010dili se a postupn\u011b v\u00e1s to vychov\u00e1v\u00e1, jako d\u011bti ve \u0161kole,\u201c vysv\u011btloval Jakl.<\/p>\n<p>Xaver nadhodil p\u0159\u00edklad \u201enebin\u00e1rn\u00ed Evy\u201c z DVTV a dodal, \u017ee mu prvn\u00ed p\u016fli bylo l\u00edto Martina Veselovsk\u00e9ho, kter\u00fd \u201enev\u011b\u0159\u00edcn\u011b koukal\u201c, a v druh\u00e9 doty\u010dn\u00e9 nebin\u00e1rn\u00ed osoby. \u201e\u0158\u00edk\u00e1m si, \u010deho je to d\u016fsledek? Ch\u00e1pu, \u017ee m\u016f\u017ee b\u00fdt n\u011bjak\u00fd defekt, ka\u017ed\u00fd jsme n\u011bjakej, ale te\u010f ona \u0159\u00edk\u00e1, \u017ee spole\u010dnost by m\u011bla p\u0159ijmout lidi, kte\u0159\u00ed necht\u011bj\u00ed b\u00fdt ani \u017eena, ani mu\u017e,\u201c uv\u00e1d\u011bl moder\u00e1tor. \u201eM\u016f\u017eu si myslet, \u017ee jsem \u017eelva, \u017ee jsem \u017eirafa,\u201c za\u010dal Jakl, ale Xaver \u0159ekl, a\u0165 to nezleh\u010duje. Ale b\u00fdval\u00fd tajemn\u00edk prezidenta prohl\u00e1sil, \u017ee to klidn\u011b zleh\u010dovat bude, i kdy\u017e nechce. \u201eBl\u00e1zince jsou pln\u00fd lid\u00ed&#8230; To, \u017ee si n\u011bkdo mysl\u00ed, \u017ee je leti\u0161t\u011b, na tom nen\u00ed nic srandovn\u00edho. To je porucha, regul\u00e9rn\u00ed nemoc. A te\u010f je ot\u00e1zka, jak se s t\u00edm bude zach\u00e1zet,\u201c pravil Jakl a dal na v\u00fdb\u011br mo\u017enosti, \u017ee bu\u010f spole\u010dnost uzn\u00e1 definici doty\u010dn\u00e9ho, nebo se k n\u011bmu bude chovat jak si p\u0159eje, ale bude v\u011bd\u011bt, jak na tom doty\u010dn\u00fd je. A podotkl, \u017ee i mezi identitami jsou rozd\u00edly: \u201eVy o sob\u011b m\u016f\u017eete \u0159\u00edct, \u017ee jste kreveta, ale zkuste \u0159\u00edct, \u017ee jste Goebbels t\u0159eba? A promluvit t\u0159eba k \u010desk\u00fdm kulturn\u00edm intelektu\u00e1l\u016fm, jako Goebbels promlouval, \u017ee je t\u0159eba sjednocen\u00e9 Evropy.\u201c T\u011bmito v\u011bcmi se dle Jakla zaml\u017euje hranice mezi t\u00edm, co je civiliza\u010dn\u011b dob\u0159e a co je civiliza\u010dn\u011b \u0161patn\u011b. A pr\u00e1v\u011b tuto relativizaci pojm\u016f m\u00e1 pr\u00fd za \u00fakol \u00fadajn\u011b prob\u00edhaj\u00edc\u00ed kulturn\u00ed revoluce.<\/p>\n<section class=\"section-brown section-inarticle related-articles\">\n<div class=\"well well-rounded\">\n<h2>&nbsp;<\/h2>\n<\/div>\n<\/section>\n<p>Ale kdy\u017e Xaver nadhazoval dal\u0161\u00ed sc\u00e9n\u00e1\u0159e, Jakl doplnil, \u017ee sta\u010d\u00ed vyjet z&nbsp;m\u011bsta, proto\u017ee tyto z\u00e1le\u017eitosti jsou v\u011bt\u0161inou \u0159e\u0161eny jen v&nbsp;m\u00e9di\u00edch, v&nbsp;politice a na univerzit\u00e1ch. Ale mimo m\u011bsto \u201eje sv\u011bt je\u0161t\u011b v&nbsp;po\u0159\u00e1dku\u201c. A pozn\u00e1mku m\u011bl i o v\u011bku. \u0158ekl, \u017ee jako mlad\u00fd se tak\u00e9 bou\u0159il a tehdej\u0161\u00ed \u0161edes\u00e1tilet\u00ed se chytali za hlavu. \u201eMy jsme se bou\u0159ili, proto\u017ee jsme si cht\u011bli \u017e\u00edt podle sv\u00e9ho. Ti dne\u0161n\u00ed si necht\u011bj\u00ed \u017e\u00edt podle sv\u00e9ho. Ti cht\u011bj\u00ed, aby podle jejich \u017eil cel\u00fd sv\u011bt,\u201c vymezil se Jakl a p\u0159ipodobnil situaci 50. let\u016fm a prov\u011brkov\u00fdm komis\u00edm.<\/p>\n<p>Ladislav Jakl tak\u00e9 dostal ot\u00e1zku na zvolen\u00ed prezidenta Trumpa. Podle n\u011bho bylo jasn\u00e9 u\u017e ve st\u0159edu, kdo volby vyhraje a \u017ee to bude Biden. Odvodil to z&nbsp;trendu koresponden\u010dn\u00edch hlas\u016f. Ale dodal, \u017ee pro Bidena se jedn\u00e1 o Pyrrhovo v\u00edt\u011bzstv\u00ed, vzhledem k&nbsp;tomu, jak\u00e9 budou pochyby o jeho v\u00edt\u011bzstv\u00ed, ale tak\u00e9 s&nbsp;ohledem na to, \u017ee u\u017e nyn\u00ed m\u00e1 proti sob\u011b republik\u00e1ny kontrolovan\u00fd sen\u00e1t a za dva roky mo\u017en\u00e1 cel\u00fd Kongres. A pro Bidena dle Jakla nehovo\u0159\u00ed ani to, \u017ee byl pr\u00fd demokraty nastr\u010den, proto\u017ee se k\u0159\u00eddla ve stran\u011b nemohla dohodnout, tak\u017ee zvolila sp\u00ed\u0161e neutr\u00e1ln\u00edho kandid\u00e1ta, kter\u00fd nereprezentuje progresivisty ve stran\u011b. Doplnil, \u017ee nen\u00ed divu, \u017ee Trump nechce uznat prohru, kdy\u017e po cel\u00e9 4 roky necht\u011bla protistrana uznat jeho v\u00fdhru a neust\u00e1le tvrdila, \u017ee byl dosazen Putinem. \u201eA\u0165 si to te\u010f u\u017eije ta druh\u00e1 strana,\u201c m\u00ednil Ladislav Jakl.<\/p>\n<p><a href=\"https:\/\/www.parlamentnilisty.cz\/arena\/monitor\/Veselovsky-koukal-bylo-mi-ho-lito-rekl-Xaver-A-koukal-i-on-Kdyz-doslo-na-mlade-643335\">Zdroj<\/a><\/p>\n","protected":false},"excerpt":{"rendered":"<p>Po\u017eadovat, aby se v hospod\u011b nekou\u0159ilo, je jako cht\u00edt v kv\u011btin\u00e1\u0159stv\u00ed p\u00e1rky, \u0159ekl v Xaverov\u011b studiu \u010dlen RRTV a b\u00fdval\u00fd Klaus\u016fv tajemn\u00edk Ladislav Jakl. Podle n\u011bho je probl\u00e9m v tom, kolik lid\u00ed \u017eije v p\u0159esv\u011bd\u010den\u00ed, \u017ee m\u00e1 na n\u011bco n\u00e1rok. Ani politika identit nez\u016fstala u\u0161et\u0159ena. Podle Jakla se n\u011bkter\u00e9 identity hod\u00ed, ale jin\u00e9 ne. \u201eVy [&hellip;]<\/p>\n","protected":false},"author":1,"featured_media":0,"comment_status":"open","ping_status":"open","sticky":false,"template":"","format":"standard","meta":{"ngg_post_thumbnail":0,"footnotes":""},"categories":[11],"tags":[],"class_list":["post-11534","post","type-post","status-publish","format-standard","hentry","category-ozvena"],"_links":{"self":[{"href":"https:\/\/www.ladislavjakl.cz\/index.php?rest_route=\/wp\/v2\/posts\/11534","targetHints":{"allow":["GET"]}}],"collection":[{"href":"https:\/\/www.ladislavjakl.cz\/index.php?rest_route=\/wp\/v2\/posts"}],"about":[{"href":"https:\/\/www.ladislavjakl.cz\/index.php?rest_route=\/wp\/v2\/types\/post"}],"author":[{"embeddable":true,"href":"https:\/\/www.ladislavjakl.cz\/index.php?rest_route=\/wp\/v2\/users\/1"}],"replies":[{"embeddable":true,"href":"https:\/\/www.ladislavjakl.cz\/index.php?rest_route=%2Fwp%2Fv2%2Fcomments&post=11534"}],"version-history":[{"count":1,"href":"https:\/\/www.ladislavjakl.cz\/index.php?rest_route=\/wp\/v2\/posts\/11534\/revisions"}],"predecessor-version":[{"id":11535,"href":"https:\/\/www.ladislavjakl.cz\/index.php?rest_route=\/wp\/v2\/posts\/11534\/revisions\/11535"}],"wp:attachment":[{"href":"https:\/\/www.ladislavjakl.cz\/index.php?rest_route=%2Fwp%2Fv2%2Fmedia&parent=11534"}],"wp:term":[{"taxonomy":"category","embeddable":true,"href":"https:\/\/www.ladislavjakl.cz\/index.php?rest_route=%2Fwp%2Fv2%2Fcategories&post=11534"},{"taxonomy":"post_tag","embeddable":true,"href":"https:\/\/www.ladislavjakl.cz\/index.php?rest_route=%2Fwp%2Fv2%2Ftags&post=11534"}],"curies":[{"name":"wp","href":"https:\/\/api.w.org\/{rel}","templated":true}]}}