{"id":11536,"date":"2020-11-18T13:14:44","date_gmt":"2020-11-18T12:14:44","guid":{"rendered":"http:\/\/www.ladislavjakl.cz\/?p=11536"},"modified":"2020-11-18T13:14:44","modified_gmt":"2020-11-18T12:14:44","slug":"rozhovor-mozna-nejhorsi-zemanuv-projev-vubec","status":"publish","type":"post","link":"https:\/\/www.ladislavjakl.cz\/?p=11536","title":{"rendered":"ROZHOVOR: Mo\u017en\u00e1 nejhor\u0161\u00ed Zeman\u016fv projev v\u016fbec"},"content":{"rendered":"<p><b>Pane Jakle, poj\u010fme si pov\u00eddat o dvou d\u016fle\u017eit\u00fdch ud\u00e1lostech. Prvn\u00ed z nich byl 28. \u0159\u00edjen. Den vzniku samostatn\u00e9ho \u010ceskoslovenska, ve kter\u00e9m je prioritou vyzdvihnout jeho v\u00fdznamu, tedy nejen prop\u016fj\u010den\u00ed st\u00e1tn\u00edch vyznamen\u00e1n\u00ed prezidentem republiky. Jak vn\u00edm\u00e1te v sou\u010dasn\u00e9 situaci tento sv\u00e1te\u010dn\u00ed den a m\u011bla se p\u0159edat vyznamen\u00e1n\u00ed osobn\u011b, jako v\u017edy, nebo je dob\u0159e, \u017ee Hrad tuto v\u00fdznamnou ud\u00e1lost posunul?<\/b><\/p>\n<p><!--more--><\/p>\n<p>Z va\u0161\u00ed ot\u00e1zky tak trochu plyne, \u017ee jste podobn\u011b jako velk\u00e1 \u010d\u00e1st \u010desk\u00fdch novin\u00e1\u0159\u016f podlehla bludu, \u017ee ona z\u00e1sadn\u00ed ud\u00e1lost, kter\u00e1 se ka\u017edoro\u010dn\u011b kon\u00e1v\u00e1 na Pra\u017esk\u00e9m hrad\u011b v\u017edy 28. \u0159\u00edjna, se jmenuje Ceremoni\u00e1l slavnostn\u00edho p\u0159ed\u00e1v\u00e1n\u00ed st\u00e1tn\u00edch vyznamen\u00e1n\u00ed nebo tak n\u011bjak. Ale z toho nemus\u00edte zoufat, stejn\u00e9mu bludu podlehl i sou\u010dasn\u00fd prezident republiky Milo\u0161 Zeman. Tak\u017ee bych to r\u00e1d uvedl na pravou m\u00edru.&nbsp;<\/p>\n<p>Vyznamen\u00e1n\u00ed v\u016fbec nejsou hlavn\u00edm t\u00e9matem t\u00e9hle tradi\u010dn\u00ed sv\u00e1te\u010dn\u00ed akce. Je to slavnostn\u00ed shrom\u00e1\u017ed\u011bn\u00ed u p\u0159\u00edle\u017eitosti st\u00e1tn\u00edho sv\u00e1tku \u2013 dne republiky. Jeho hlavn\u00edm bodem je st\u00e1tnick\u00fd projev prezidenta republiky. Cosi jako zpr\u00e1va o stavu Unie, jak to maj\u00ed v Americe. Hlavn\u00ed prezidentsk\u00fd projev v roce. Nejd\u016fle\u017eit\u011bj\u0161\u00ed poselstv\u00ed hlavy st\u00e1tu k n\u00e1rodu. Bilan\u010dn\u00ed projev. Projev, kter\u00fdm hlava st\u00e1tu hodnot\u00ed uplynul\u00fd rok, p\u0159edkl\u00e1d\u00e1 sv\u016fj pohled na hlavn\u00ed spole\u010densk\u00e9 probl\u00e9my, vyjad\u0159uje sv\u016fj postoj k z\u00e1sadn\u00edm t\u00e9mat\u016fm, kter\u00e1 h\u00fdbou zem\u00ed, odpov\u00edd\u00e1 na nevy\u0159\u010den\u00e9 ot\u00e1zky a obavy ve\u0159ejnosti, sna\u017e\u00ed se ze sv\u00e9ho hlediska postihnout nejd\u016fle\u017eit\u011bj\u0161\u00ed spole\u010densk\u00e9 a politick\u00e9 trendy, postihnout mezin\u00e1rodn\u00ed kontext, pokusit se redefinovat st\u00e1tn\u00ed ideu, na kter\u00e9 vznikla na\u0161e republika, s ohledem na soudob\u00e9 civiliza\u010dn\u00ed a kulturn\u00ed pohyby a posuny.<\/p>\n<p>Takov\u00fd projev m\u00e1 p\u0159edev\u0161\u00edm p\u0159in\u00e9st n\u00e1zor prvn\u00edho ob\u010dana st\u00e1tu na \u017eiv\u00e9 probl\u00e9my doby, na to, s \u010d\u00edm se pot\u00fdk\u00e1me nyn\u00ed, a na zasazen\u00ed t\u011bchto probl\u00e9m\u016f do kontextu na\u0161\u00ed n\u00e1rodn\u00ed a st\u00e1tn\u00ed existence. A vyznamen\u00e1n\u00ed? Ano, 28. \u0159\u00edjen je mimo jin\u00e9 \u0159\u00e1dov\u00fdm dnem, kdy je mo\u017en\u00e9 ud\u011blovat st\u00e1tn\u00ed vyznamen\u00e1n\u00ed, ale takov\u00fdm dnem je \u00fapln\u011b stejn\u011b i prvn\u00ed leden. Akt p\u0159ed\u00e1n\u00ed vyznamen\u00e1n\u00ed m\u016f\u017ee, ale tak\u00e9 nemus\u00ed b\u00fdt sou\u010d\u00e1st\u00ed programu tohoto slavnostn\u00edho shrom\u00e1\u017ed\u011bn\u00ed. L\u00edn\u00ed a povrchn\u00ed novin\u00e1\u0159i po cel\u00e1 l\u00e9ta psali o t\u00e9to ud\u00e1losti pr\u00e1v\u011b pouze jako o ceremoni\u00e1lu p\u0159ed\u00e1v\u00e1n\u00ed vyznamen\u00e1n\u00ed. Dokonce to psali i do televizn\u00edch program\u016f. A mnoz\u00ed lid\u00e9 tomu uv\u011b\u0159ili. Bohu\u017eel tomu uv\u011b\u0159il i prezident Zeman. On tomu ale uv\u011b\u0159il velmi r\u00e1d. On se principi\u00e1ln\u011b vyh\u00fdb\u00e1 jedn\u00e9 ze z\u00e1kladn\u00edch povinnost\u00ed hlavy st\u00e1tu: p\u0159edn\u00e9st sv\u016fj z\u00e1sadn\u00ed, p\u0159ipraven\u00fd, postojov\u00fd, n\u00e1zorov\u00fd, bilan\u010dn\u00ed, politick\u00fd a spole\u010densk\u00fd projev. Mo\u017en\u00e1 si nechce p\u0159id\u011bl\u00e1vat pr\u00e1ci, mo\u017en\u00e1 se chce vyhnout anal\u00fdz\u00e1m a pitv\u00e1n\u00ed sv\u00e9ho postoje. A tak za celou dobu sv\u00e9ho prezidentstv\u00ed \u017e\u00e1dn\u00fd takov\u00fd projev nep\u0159ednesl.<\/p>\n<p>Ka\u017ed\u00e9ho 28. \u0159\u00edjna m\u00edsto n\u011bj p\u0159edkl\u00e1d\u00e1 sv\u00e9 vypr\u00e1v\u011bn\u00ed o vyznamenan\u00fdch a m\u00edsto bilan\u010dn\u00edho \u017eiv\u011b p\u0159en\u00e1\u0161en\u00e9ho novoro\u010dn\u00edho projevu pos\u00edl\u00e1 lidem p\u0159edto\u010denou konzervu v\u00e1no\u010dn\u00edho pozdraven\u00ed. Jeho p\u0159edch\u016fdci \u2013 Havel i Klaus \u2013 si takto svou pr\u00e1ci neuleh\u010dovali. C\u00edtili za svou povinnost pravideln\u011b p\u0159edstupovat p\u0159ed sv\u016fj n\u00e1rod a skl\u00e1dat mu sv\u00e9 \u00fa\u010dty, p\u0159edn\u00e9st svou vizi st\u00e1tu a spole\u010dnosti. Nebylo nutn\u00e9 s nimi souhlasit. Bylo mo\u017en\u00e9 jejich projevy cupovat na c\u00e1ry, ale aspo\u0148 bylo co cupovat. Zeman \u2013 a je jedno, zda z pohodlnosti \u010di z alibismu \u2013 se z t\u00e9to \u00fast\u0159edn\u00ed prezidentsk\u00e9 povinnosti ka\u017edoro\u010dn\u011b vyvl\u00e9k\u00e1. Za t\u011bchto okolnost\u00ed pro mne v t\u00e9 va\u0161\u00ed ot\u00e1zce nen\u00ed v\u016fbec podstatn\u00e9, jestli p\u0159ed\u00e1val \u010di nep\u0159ed\u00e1val vyznamen\u00e1n\u00ed. Dokonce ani to, zda mluvil \u017eiv\u011b p\u0159ed vl\u00e1dou, poslanci a diplomaty. Nic mu toti\u017e nebr\u00e1nilo, aby sv\u016fj st\u00e1tnick\u00fd projev p\u0159ednesl alespo\u0148 televizn\u011b, odkudkoli. A on neud\u011blal ani to. Jen zd\u016fvod\u0148oval, pro\u010d neud\u011blal ceremoni\u00e1l, a odkazoval na svou deset dn\u016f starou v\u00fdzvu o rou\u0161k\u00e1ch.<\/p>\n<p><b>A nep\u0159ednesl takov\u00fd projev pr\u00e1v\u011b o t\u011bch deset dn\u016f d\u0159\u00edve? Kdy\u017e promlouval k n\u00e1rodu o nutnosti dodr\u017eovat aktu\u00e1ln\u00ed protiepidemick\u00e1 opat\u0159en\u00ed?<\/b><\/p>\n<p>No to pr\u00e1v\u011b v\u016fbec ne. Nejd\u0159\u00edve se mus\u00edm dotknout toho, jak na onu jeho \u201erou\u0161kovou v\u00fdzvu\u201c reagovala politick\u00e1 sc\u00e9na. Podle mne ostudn\u011b. Opozice v\u016fbec nepochopila, \u017ee prezident republiky se zcela minul s atmosf\u00e9rou doby a podstatou probl\u00e9mu, jak jej c\u00edt\u00ed ve\u0159ejnost. Jej\u00ed p\u0159edstavitel\u00e9 jen pok\u00fdvali hlavou, proto\u017ee je nenapadlo, co by m\u011blo b\u00fdt na rou\u0161kov\u00e9 v\u00fdzv\u011b \u0161patn\u011b. A aby nevypadali najednou n\u00e1padn\u011b prozemanovsky, p\u0159ilepili ke sv\u00e9mu pok\u00fdv\u00e1n\u00ed sv\u00e9 v\u011bty o tom, jak jindy ale mluvil Zeman o\u0161kliv\u011b. A te\u010f \u017ee tedy kone\u010dn\u011b hezky. A pan premi\u00e9r Babi\u0161? Ten dokonce \u0159ekl, \u017ee to byl jeden z nejlep\u0161\u00edch, ne-li nejlep\u0161\u00ed Zeman\u016fv projev v\u016fbec.<\/p>\n<p>V\u00edte, nikdy jsem se ne\u0159adil k protizemanovsk\u00fdm po\u0161t\u011bk\u00e1va\u010d\u016fm. A proto\u017ee jsem s nimi d\u0159\u00edve nepo\u0161t\u011bk\u00e1val, nemus\u00edm te\u010f s nimi radostn\u011b kroutit oc\u00e1skem. A tak mus\u00edm \u0159\u00edci, \u017ee pro mne to bylo \u00fapln\u011b opa\u010dn\u011b, ne\u017e pro Babi\u0161e. Pro mne to byl jeden z nejhor\u0161\u00edch, ba mo\u017en\u00e1 dokonce nejhor\u0161\u00ed Zeman\u016fv projev v\u016fbec. Co v t\u00e9 sv\u00e9 rou\u0161kov\u00e9 v\u00fdzv\u011b \u0159ekl v t\u00e9to t\u011b\u017ek\u00e9 chv\u00edli sv\u00e9mu n\u00e1rodu? Aby dodr\u017eoval stanoven\u00e9 vyhl\u00e1\u0161ky a restrikce. Dobr\u00e1. Aby p\u0159\u00edslu\u0161n\u00e9 org\u00e1ny razantn\u011bji trestaly a pokutovaly \u201enerou\u0161ka\u0159e\u201c. A pak t\u0159ikr\u00e1t, po\u0159\u00e1d dokola mluvil o \u201ep\u00e1r centimetrech l\u00e1tky\u201c, kter\u00e9 n\u00e1s asi podle n\u011bj spas\u00ed. A to bylo v\u0161e. Podle prezidenta republiky je hlavn\u00edm probl\u00e9mem na\u0161eho n\u00e1roda no\u0161en\u00ed nebo neno\u0161en\u00ed rou\u0161ek. To mysl\u00ed v\u00e1\u017en\u011b? Mysl\u00ed. Jinak by o tom nemluvil t\u0159ikr\u00e1t po sob\u011b a jinak by se zm\u00ednil o jin\u00fdch, mnohem podstatn\u011bj\u0161\u00edch tr\u00e1pen\u00edch.<\/p>\n<p>Tak podle prezidenta Zemana je asi no\u0161en\u00ed rou\u0161ky tou hlavn\u00ed bolest\u00ed, kter\u00e1 tr\u00e1p\u00ed na\u0161i ve\u0159ejnost. To nevid\u00ed statis\u00edce lid\u00ed, kte\u0159\u00ed se boj\u00ed o svou existenci? To nevid\u00ed svou zemi jak z n\u011bjak\u00e9 poh\u00e1dky o kr\u00e1lovstv\u00ed pota\u017een\u00e9m \u010dern\u00fdm suknem a zaklet\u00e9m n\u011bjakou zimn\u00ed kr\u00e1lovnou? Nevid\u00ed umrtven\u00e9 ulice? Nevid\u00ed stovky a tis\u00edce zkrachoval\u00fdch \u017eivnostn\u00edk\u016f? Nevid\u00ed miliony lid\u00ed, kte\u0159\u00ed se opr\u00e1vn\u011bn\u011b boj\u00ed o svou budoucnost, o svou pr\u00e1ci, o sv\u00e9 \u00faspory? Nevid\u00ed star\u00e9 lidi zahnan\u00e9 do dom\u00e1c\u00edch v\u011bzen\u00ed bez mo\u017enosti b\u00fdt nav\u0161t\u00edveni sv\u00fdmi bl\u00edzk\u00fdmi? To nevid\u00ed soci\u00e1ln\u00ed katastrofu, kter\u00e1 hroz\u00ed p\u0159\u00ed\u0161t\u00ed m\u011bs\u00edce p\u0159er\u016fst v trag\u00e9dii? K tomu nem\u00e1 co \u0159\u00edct? J\u00e1 jsem byl t\u00edm projevem pobou\u0159en.<\/p>\n<p>Zeman o sob\u011b r\u00e1d \u0159\u00edk\u00e1, \u017ee m\u00e1 soci\u00e1ln\u00ed c\u00edt\u011bn\u00ed a \u017ee vyrostl ze soci\u00e1ln\u011b-demokratick\u00fdch ko\u0159en\u016f. A p\u0159itom je hluch\u00fd a slep\u00fd k tomu, \u017ee se rodiny boj\u00ed, co s nimi bude, \u017ee mnoho z nich ztratilo p\u0159\u00edjmy nebo je to \u010dek\u00e1 v p\u0159\u00ed\u0161t\u00edch t\u00fddnech a m\u011bs\u00edc\u00edch, \u017ee \u017eivnostn\u00edci krv\u00e1cej\u00ed, zaznamen\u00e1vaj\u00ed d\u011bsiv\u00e9 ztr\u00e1ty, \u017ee v\u0161echny vl\u00e1dn\u00ed sanace a st\u00e1tn\u00ed dluhy se nakonec nutn\u011b prom\u00edtnou do inflace a ohroz\u00ed to tak budoucnost lid\u00ed, kte\u0159\u00ed si cel\u00fd \u017eivot spo\u0159ili na st\u00e1\u0159\u00ed? To n\u00e1m v\u00e1\u017en\u011b chce hlava st\u00e1tu tvrdit, \u017ee pro tyto lidi je \u00fast\u0159edn\u00edm probl\u00e9mem dne\u0161ka \u201et\u011bch p\u00e1r centimetr\u016f l\u00e1tky\u201c, \u017ee pro n\u011b je nyn\u00ed t\u00edm, co je nejv\u00edc t\u00ed\u017e\u00ed na srdci, zda nosit nebo nenosit rou\u0161ku?<\/p>\n<p>Lid\u00e9 se hrout\u00ed pod t\u00edhou neuv\u00e1\u017een\u00fdch restrikc\u00ed, je ohro\u017eena v\u00fdchova a vzd\u011bl\u00e1n\u00ed ml\u00e1de\u017ee, lid\u00e9 se boj\u00ed, jestli budou m\u00edt p\u0159\u00ed\u0161t\u00ed rok na z\u00e1kladn\u00ed pot\u0159eby, ale nejv\u00edc ze v\u0161eho \u017ee je tr\u00e1p\u00ed rou\u0161ky? Mus\u00edm \u0159\u00edct, \u017ee to chce u\u017e hodn\u011b velk\u00fd distanc od re\u00e1ln\u00e9ho \u017eivota, aby \u010dlov\u011bk n\u011bco takov\u00e9ho o dne\u0161n\u00ed spole\u010dnosti a jej\u00edch probl\u00e9mech tvrdil.<\/p>\n<p><b>Letos jsme nejen sv\u011bdky, ale i \u00fa\u010dastn\u00edky n\u011b\u010deho, o \u010dem se n\u00e1m ani nesnilo. Nevede toto v\u0161e, pane Jakle, co se d\u011bje a kulminuje \u201ecovidem\u201c ke zm\u011bn\u011b vl\u00e1d, ekonomiky na cel\u00e9m sv\u011bt\u011b a vid\u00edte v tom ur\u010ditou orwellovskou teorii?<\/b><\/p>\n<p>V\u00edte, nikdy jsem nebyl p\u0159\u00edvr\u017eencem spikleneck\u00fdch teori\u00ed v tom nejvulg\u00e1rn\u011bj\u0161\u00edm a nejkarikovan\u011bj\u0161\u00edm smyslu. Nemysl\u00edm, \u017ee se jac\u00edsi velc\u00ed loutkovodi\u010di cel\u00e9 sv\u011btov\u00e9 civilizace sch\u00e1zej\u00ed n\u011bkde pod mostem, aby si rozdali karty a pak ka\u017ed\u00fd dle sv\u011b\u0159en\u00e9ho zad\u00e1n\u00ed pracoval na zni\u010den\u00ed lidstva. Jsem ale p\u0159\u00edvr\u017eencem prost\u00e9 lidsk\u00e9 moudrosti: za v\u0161\u00edm hledej z\u00e1jmy. Krom\u011b \u201etvrd\u00e9 konspirace\u201c, mnohokr\u00e1t a\u017e sekt\u00e1\u0159sky vyzn\u00e1van\u00e9 coby d\u011bjinn\u00fd p\u016fvod v\u0161eho a mnohokr\u00e1t naopak (do zna\u010dn\u00e9 m\u00edry pr\u00e1vem) vysm\u00edvan\u00e9, existuj\u00ed mimo v\u0161\u00ed pochybnost tis\u00edce a tis\u00edce \u201em\u011bkk\u00fdch konspiraci\u201c, prost\u011b domluv, kooperac\u00ed a sou\u010dinnost\u00ed lid\u00ed a z\u00e1jmov\u00fdch skupin, kte\u0159\u00ed si mohou vz\u00e1jemn\u011b vyhov\u011bt a pak na tom v\u0161ichni vyd\u011blaj\u00ed.<\/p>\n<p><b>N\u011bkter\u00e1 m\u00e9dia, politici, l\u00e9ka\u0159i a dal\u0161\u00ed doc\u00edlili toho, \u017ee lid\u00e9 maj\u00ed strach.<\/b><\/p>\n<p>\u00dapln\u011b nejl\u00e9pe se vyd\u011bl\u00e1v\u00e1 na panice, a\u0165 u\u017e se t\u00fdk\u00e1 stra\u0161ideln\u00e9 nemoci, zl\u00fdch mimozem\u0161\u0165an\u016f nebo vra\u017eedn\u00e9ho podneb\u00ed. Pro\u010d? Proto\u017ee v panice lid\u00e9 p\u0159estanou p\u0159em\u00fd\u0161let, kolik co stoj\u00ed. A bez rozmyslu plat\u00ed a plat\u00ed. N\u011bkter\u00e9 v\u011bci opravdu vzniknou t\u0159eba spont\u00e1nn\u011b, ale na takov\u00e9 se okam\u017eit\u011b nalep\u00ed z\u00e1jmov\u00e9 skupiny a ty z nich pak \u017eij\u00ed. Ano, za\u017e\u00edv\u00e1me transformaci sv\u011bta, kter\u00fd jsme znali, do podoby sv\u011bta orwellovsk\u00e9ho, nebo je\u0161t\u011b sp\u00ed\u0161e huxleyovsk\u00e9ho.<\/p>\n<p><b>Dnes p\u0159ijal prezident Milo\u0161 Zeman na Hrad\u011b z rukou ministra zdravotnictv\u00ed Romana Prymuly demisi. Podle n\u011bkter\u00fdch byl jeho no\u010dn\u00ed v\u00fdlet jen strategick\u00e1 chyba, proto\u017ee se neum\u00ed v tomto medi\u00e1ln\u011b-politick\u00e9m sv\u011bt\u011b pohybovat, pro druh\u00e9 neodpustiteln\u00fd proh\u0159e\u0161ek, proto\u017ee pr\u00e1v\u011b on by m\u011bl j\u00edt p\u0159\u00edkladem.<\/b>&nbsp;<b>Jak v\u016fbec vn\u00edm\u00e1te tento post odborn\u00edk\u016f?<\/b><\/p>\n<p>Na t\u00e9to kauze se vy\u0159\u00e1dil u\u017e kdekdo, nebudu se k tomu p\u0159id\u00e1vat. Jen p\u0159ipomenu, co jsem \u0159\u00edkal u\u017e p\u0159i vstupu toho p\u00e1na do vl\u00e1dy: lid\u00e9 propadaj\u00ed klamu, \u017ee vl\u00e1da je n\u011bjak\u00fd soubor specialistu na r\u016fzn\u00e9 resorty. Nikoli. Je to politick\u00fd org\u00e1n. V\u0161ichni \u010dlenov\u00e9 vl\u00e1dy hlasuj\u00ed o v\u0161em. Nejsou to jen spr\u00e1vci sv\u00fdch kapitol. Ka\u017ed\u00fd z nich hlasuje i o zbrojn\u00edch ot\u00e1zk\u00e1ch, rozpo\u010dtu pro zem\u011bd\u011blstv\u00ed, o migra\u010dn\u00ed politice, o trestn\u00edm pr\u00e1vu, prost\u011b o v\u0161em. Ka\u017ed\u00fd z nich je politikem. To p\u0159edev\u0161\u00edm. A\u017e pak je to eventu\u00e1ln\u011b specialista v n\u011bjak\u00e9m oboru.<\/p>\n<p>Proto m\u011b dost j\u00edm\u00e1 hr\u016fza, kdy\u017e se nikdo nezaj\u00edm\u00e1 u nov\u00fdch \u010dlen\u016f vl\u00e1dy o jejich politick\u00e9 n\u00e1zory. O ty jde toti\u017e p\u0159edev\u0161\u00edm. Tu\u0161\u00ed n\u011bkdo, na kterou stranu se nov\u00fd ministr postav\u00ed p\u0159i hlasov\u00e1n\u00ed o superhrub\u00e9 mzd\u011b, o dan\u00edch, o z\u00e1kazu dr\u017een\u00ed zbran\u00ed, o p\u0159id\u011blov\u00e1n\u00ed d\u011bt\u00ed homosexu\u00e1l\u016fm? Netu\u0161\u00ed. A ani se nikdo nept\u00e1. A to je hr\u016fza.<\/p>\n<p><b>V\u00fdznamnou a pe\u010dliv\u011b sledovanou ud\u00e1lost\u00ed pro cel\u00fd sv\u011bt jsou volby v USA. P\u0159ed \u010dty\u0159mi lety jsme se spolu shodli na v\u00edt\u011bzstv\u00ed Donalda Trump a trefili jsme se. Posunul podle v\u00e1s Trump st\u00e1ty a t\u00edm cel\u00fd sv\u011bt n\u011bjak\u00fdm sm\u011brem a jak tentokr\u00e1t odhadujete souboj Biden vs. Trump?<\/b><\/p>\n<p>Odhadovat se mi nic nechce. Jsem zavil\u00fd pesimista. Ale zaj\u00edmav\u011bj\u0161\u00ed je va\u0161e ot\u00e1zka, zda Trump n\u011bkam USA i sv\u011bt posunul.<\/p>\n<p>Ano i ne.<\/p>\n<p><b>Neposunul<\/b>&nbsp;v tom smyslu, \u017ee sv\u011bt, mysl\u00edm hlavn\u011b ten n\u00e1\u0161, ten z\u00e1padn\u00ed, se z\u00e1sadn\u00edm zp\u016fsobem stejn\u011b posouv\u00e1, a to zcela navzdory jednomu \u010di n\u011bkolika politik\u016fm, by\u0165 by tito byli zd\u00e1nliv\u011b nejsiln\u011bj\u0161\u00ed na cel\u00e9 zem\u011bkouli. S\u00edly, kter\u00e9 sv\u011bt posledn\u00edch n\u011bkolik des\u00edtek let m\u011bn\u00ed sm\u011brem od civilizace respektu ke svobod\u011b jednotlivce k civilizaci pokrok\u00e1\u0159sk\u00e9, soci\u00e1ln\u011b in\u017een\u00fdrsk\u00e9, kolektivistick\u00e9 a k civilizaci, kter\u00e1 nev\u00e1h\u00e1 jedince ob\u011btovat \u201evy\u0161\u0161\u00edm\u201c c\u00edl\u016fm, jsou tak ohromn\u00e9, \u017ee prezident i takov\u00e9 mocnosti, jakou jsou USA, m\u016f\u017ee tento pohyb maxim\u00e1ln\u011b trochu zpomalit.<\/p>\n<p><b>A posunul<\/b>&nbsp;v tom smyslu, \u017ee t\u00e9m\u011b\u0159 bezezbytku splnil sv\u016fj program, sv\u00e9 p\u0159edvolebn\u00ed sliby, v \u010dem\u017e je minim\u00e1ln\u011b od Reagana mezi americk\u00fdmi prezidenty jedin\u00fd. Ubral moci st\u00e1tu nad ob\u010danem, sn\u00ed\u017eil dan\u011b a omezil \u00fa\u0159edn\u00ed regulace, \u010d\u00edm\u017e rozh\u00fdbal ekonomiku, sn\u00ed\u017eil nezam\u011bstnanost a dal nad\u011bji mnoha prost\u00fdm Ameri\u010dan\u016fm. Z\u00e1sadn\u011b h\u00e1jil americk\u00e9 z\u00e1jmy v\u0161ude po sv\u011bt\u011b, mo\u017en\u00e1 ne v\u017edy zcela moud\u0159e, ale rozhodn\u011b se vyvaroval hazardn\u00edch dobrodru\u017estv\u00ed, v nich\u017e si libovali zejm\u00e9na jeho dva posledn\u00ed p\u0159edch\u016fdci. Mnoho toho ale nestihl, proto\u017ee jeho \u00fasil\u00ed na ka\u017ed\u00e9m kroku bojkotovala americk\u00e1 byrokracie. Jej\u00ed vliv nelze za jedno volebn\u00ed obdob\u00ed zlomit. Kdyby Trump dostal \u0161anci je\u0161t\u011b na jedno, snad by si s t\u00edmhle nep\u0159\u00edtelem poradil trochu l\u00e9pe, ne\u017e se mu da\u0159ilo dosud.<\/p>\n<p><i>Ptala se Alena H\u00e1jkov\u00e1,VIPosobnosti.cz, 29.10.2020<\/i><\/p>\n","protected":false},"excerpt":{"rendered":"<p>Pane Jakle, poj\u010fme si pov\u00eddat o dvou d\u016fle\u017eit\u00fdch ud\u00e1lostech. Prvn\u00ed z nich byl 28. \u0159\u00edjen. Den vzniku samostatn\u00e9ho \u010ceskoslovenska, ve kter\u00e9m je prioritou vyzdvihnout jeho v\u00fdznamu, tedy nejen prop\u016fj\u010den\u00ed st\u00e1tn\u00edch vyznamen\u00e1n\u00ed prezidentem republiky. Jak vn\u00edm\u00e1te v sou\u010dasn\u00e9 situaci tento sv\u00e1te\u010dn\u00ed den a m\u011bla se p\u0159edat vyznamen\u00e1n\u00ed osobn\u011b, jako v\u017edy, nebo je dob\u0159e, \u017ee Hrad tuto [&hellip;]<\/p>\n","protected":false},"author":1,"featured_media":0,"comment_status":"open","ping_status":"open","sticky":false,"template":"","format":"standard","meta":{"ngg_post_thumbnail":0,"footnotes":""},"categories":[13],"tags":[],"class_list":["post-11536","post","type-post","status-publish","format-standard","hentry","category-rozhovory"],"_links":{"self":[{"href":"https:\/\/www.ladislavjakl.cz\/index.php?rest_route=\/wp\/v2\/posts\/11536","targetHints":{"allow":["GET"]}}],"collection":[{"href":"https:\/\/www.ladislavjakl.cz\/index.php?rest_route=\/wp\/v2\/posts"}],"about":[{"href":"https:\/\/www.ladislavjakl.cz\/index.php?rest_route=\/wp\/v2\/types\/post"}],"author":[{"embeddable":true,"href":"https:\/\/www.ladislavjakl.cz\/index.php?rest_route=\/wp\/v2\/users\/1"}],"replies":[{"embeddable":true,"href":"https:\/\/www.ladislavjakl.cz\/index.php?rest_route=%2Fwp%2Fv2%2Fcomments&post=11536"}],"version-history":[{"count":1,"href":"https:\/\/www.ladislavjakl.cz\/index.php?rest_route=\/wp\/v2\/posts\/11536\/revisions"}],"predecessor-version":[{"id":11537,"href":"https:\/\/www.ladislavjakl.cz\/index.php?rest_route=\/wp\/v2\/posts\/11536\/revisions\/11537"}],"wp:attachment":[{"href":"https:\/\/www.ladislavjakl.cz\/index.php?rest_route=%2Fwp%2Fv2%2Fmedia&parent=11536"}],"wp:term":[{"taxonomy":"category","embeddable":true,"href":"https:\/\/www.ladislavjakl.cz\/index.php?rest_route=%2Fwp%2Fv2%2Fcategories&post=11536"},{"taxonomy":"post_tag","embeddable":true,"href":"https:\/\/www.ladislavjakl.cz\/index.php?rest_route=%2Fwp%2Fv2%2Ftags&post=11536"}],"curies":[{"name":"wp","href":"https:\/\/api.w.org\/{rel}","templated":true}]}}