{"id":1155,"date":"2011-08-17T13:12:20","date_gmt":"2011-08-17T12:12:20","guid":{"rendered":"http:\/\/www.ladislavjakl.cz\/?p=1155"},"modified":"2011-08-17T13:12:20","modified_gmt":"2011-08-17T12:12:20","slug":"top-09-opustila-vladu-chce-hlavu-batory-dobes-a-jakl-jej-naopak-haji","status":"publish","type":"post","link":"https:\/\/www.ladislavjakl.cz\/?p=1155","title":{"rendered":"TOP 09 opustila vl\u00e1du, chce hlavu B\u00e1tory. Dobe\u0161 a Jakl jej naopak h\u00e1j\u00ed"},"content":{"rendered":"<div id=\"lightbox-search\">\n<p>TOP 09 opustila jedn\u00e1n\u00ed vl\u00e1dy a \u017e\u00e1d\u00e1 odchod Ladislava B\u00e1tory z  ministerstva \u0161kolstv\u00ed. D\u016fvodem jsou ur\u00e1\u017eliv\u00e9 v\u00fdroky, kter\u00e9 si \u0161\u00e9f  person\u00e1ln\u00edho odboru ministerstva a p\u0159edseda iniciativy D.O.S.T.  &#8222;pov\u011bsil&#8220; na sv\u016fj facebookov\u00fd profil. O p\u0159edsedovi TOP 09\u00a0a ministru zahrani\u010d\u00ed Karlu Schwarzenbergovi mj. p\u00ed\u0161e jako o &#8222;chud\u00e1\u010dkovi star\u00e9m&#8220;.<\/p>\n<p><!--more--><\/p>\n<p>&#8222;Je netolerovateln\u00e9, aby jak\u00fdkoli \u00fa\u0159edn\u00edk ve\u0159ejn\u011b ur\u00e1\u017eel jak\u00e9hokoli  \u010dlena vl\u00e1dy. Na to m\u016f\u017ee existovat jedin\u00e1 mo\u017en\u00e1 odpov\u011b\u010f a o tu jsem pana  ministra Dobe\u0161e velmi nal\u00e9hav\u011b \u017e\u00e1dal,&#8220; \u0159ekl on-line den\u00edku T\u00ddDEN.CZ  ministr financ\u00ed a m\u00edstop\u0159edseda TOP 09 Miroslav Kalousek. S\u00a0ministrem  \u0161kolstv\u00ed Josefem Dobe\u0161em pr\u00fd o B\u00e1torov\u011b chov\u00e1n\u00ed a jeho dal\u0161\u00edm p\u016fsoben\u00ed  na ministerstvu &#8222;nal\u00e9hav\u011b&#8220; jednal u\u017e v\u00a0pond\u011bl\u00ed i v\u00a0\u00fater\u00fd.<\/p>\n<p>&#8222;Pokud pan ministr Dobe\u0161 poskytuje politick\u00e9 kryt\u00ed \u00fa\u0159edn\u00edkovi, kter\u00fd  sprost\u011b ur\u00e1\u017e\u00ed prvn\u00edho m\u00edstop\u0159edsedu vl\u00e1dy, pak my nebudeme na ve\u0159ejnosti  p\u0159edst\u00edrat, \u017ee pan Dobe\u0161 je n\u00e1\u0161 kolega. K\u00a0jedn\u00e1n\u00ed se vr\u00e1t\u00edme za  p\u0159edpokladu, \u017ee pan ministr Dobe\u0161 zm\u011bn\u00ed sv\u016fj n\u00e1zor, nebo za p\u0159edpokladu,  \u017ee u\u017e tam nebude sed\u011bt,&#8220; dodal Kalousek. Po\u017eadavek\u00a0na B\u00e1torovu, pota\u017emo  Dobe\u0161ovu hlavu je podle n\u011bj zcela opr\u00e1vn\u011bn\u00fd.\u00a0&#8222;Je to naprosto logick\u00fd  automatick\u00fd krok. Kdyby kter\u00fdkoli z\u00a0m\u00fdch \u0159editel\u016f odbor\u016f ve\u0159ejn\u011b urazil  jak\u00e9hokoli \u010dlena vl\u00e1dy, let\u00ed ten den,&#8220; dodal Kalousek.<\/p>\n<p>Premi\u00e9r Petr Ne\u010das po jedn\u00e1n\u00ed vl\u00e1dy ozna\u010dil B\u00e1rtovy v\u00fdroky za  &#8222;buransk\u00e9&#8220; s t\u00edm, \u017ee za n\u011b o\u010dek\u00e1v\u00e1 &#8222;jasnou a z\u0159etelnou omluvu&#8220; ministra  Dobe\u0161e Schwarzenbergovi.<\/p>\n<p>Ministr Dobe\u0161 B\u00e1torovo odvol\u00e1n\u00ed rezolutn\u011b odm\u00edtl s t\u00edm, \u017ee postoj TOP  09 je vytv\u00e1\u0159en\u00edm z\u00e1stupn\u00e9ho probl\u00e9mu v dob\u011b, kdy Kalouskem veden\u00e9  ministerstvo financ\u00ed \u010del\u00ed \u0161patn\u00e9mu v\u00fdb\u011bru dan\u00ed a mus\u00ed obhajovat  problematick\u00e9 zv\u00fd\u0161en\u00ed DPH. B\u00e1torovy v\u00fdroky podle n\u011bho nebyly vhodn\u00e9, ale  st\u00e1tn\u00ed \u00fa\u0159edn\u00edk m\u00e1 pr\u00e1vo sd\u011blovat sv\u016fj n\u00e1zor. &#8222;Jsem za star\u00e9 \u0161koly,  tak\u017ee a\u017e vicepremi\u00e9ra Schwarzenberga po jeho n\u00e1vratu z dovolen\u00e9 potk\u00e1m,  nem\u00e1m probl\u00e9m se mu omluvit,&#8220; \u0159ekl Dobe\u0161. Sou\u010dasn\u011b ov\u0161em vyzval  Kalouska, aby mu nezasahoval do person\u00e1ln\u00ed politiky.<\/p>\n<p>Za B\u00e1toru se\u00a0 postavil tak\u00e9 tajemn\u00edk prezidenta V\u00e1clava Klause  Ladislav Jakl. &#8222;Pan B\u00e1tora je u\u017e p\u016fl roku ter\u010dem sprost\u00fdch \u00fatok\u016f, l\u017e\u00ed,  ur\u00e1\u017eek, zesm\u011b\u0161\u0148ov\u00e1n\u00ed, pomluv a n\u00e1tlaku.\u00a0S\u00e1m se ale, zd\u00e1 se,\u00a0br\u00e1nit  nesm\u00ed,&#8220; uvedl Jakl na webov\u00fdch str\u00e1nk\u00e1ch prezidenta.<\/p>\n<p>Ladislav B\u00e1tora se k zat\u00edm cel\u00e9 z\u00e1le\u017eitosti nevyj\u00e1d\u0159il. &#8222;M\u00e1m jedn\u00e1n\u00ed,&#8220; odv\u011btil na dotaz on-line den\u00edku T\u00ddDEN.CZ.<\/p>\n<p><strong>Chud\u00e1\u010dek starej<\/strong><\/p>\n<p>Jablkem sv\u00e1ru jsou v\u00fdroky na adresu Karla Schwarzenberga, kter\u00fdch se  B\u00e1tora dopustil na sv\u00e9m facebookov\u00e9m profilu. &#8222;Chud\u00e1\u010dek starej\u2026 To se mu  to bezosty\u0161n\u011b prsk\u00e1, kdy\u017e v\u00ed, \u017ee ho p\u0159inejmen\u0161\u00edm ze t\u0159\u00ed d\u016fvod\u016f nemohu  vyzvat na souboj&#8230;&#8220; Reagoval tak na postesknut\u00ed Schwarzenberga, \u017ee se  B\u00e1toru z ministerstva \u0161kolstv\u00ed nikdo neodv\u00e1\u017e\u00ed vyhodit.&#8220;Hod\u00ed se tam s  odpu\u0161t\u011bn\u00edm\u00a0jako pazde\u0159\u00ed k jist\u00e9 \u010d\u00e1sti t\u011bla,&#8220; napsal Schwarzenber o  B\u00e1torovi.<\/p>\n<p><a title=\"Ladislav B\u00e1tora.\" rel=\"lightbox\" href=\"http:\/\/www.tyden.cz\/obrazek\/201108\/4e4b6f29ee005\/batora1-4e4b7c65106f5.jpg\"><img loading=\"lazy\" decoding=\"async\" title=\"Ladislav B\u00e1tora.\" src=\"http:\/\/www.tyden.cz\/obrazek\/201108\/4e4b6f29ee005\/batora1-4e4b7c65106f5_230x341.jpg\" alt=\"Ladislav B\u00e1tora.\" width=\"230\" height=\"341\" \/><\/a>S\u00e1m  Schwarzenberg m\u00e1vl nad B\u00e1torov\u00fdmi slovy rukou. &#8222;Jeho v\u00fdroky m\u011b skute\u010dn\u011b  nezaj\u00edmaj\u00ed, nev\u00edm, co t\u00edm myslel a jestli se t\u00edm\u00a0pova\u017euje za vhodn\u00e9ho  partnera na souboj,&#8220;\u00a0\u0159ekl iDnes.cz\u00a0ministr zahrani\u010d\u00ed.<\/p>\n<p>TOP 09 si v\u0161ak takov\u00e9 chov\u00e1n\u00ed nechce nechat l\u00edbit. &#8222;Pan p\u0159edseda je  velmi skromn\u00fd a velkodu\u0161n\u00fd \u010dlov\u011bk a pan B\u00e1tora ho nem\u016f\u017ee lidsky urazit.  Nicm\u00e9n\u011b n\u00e1s ostatn\u00ed \u010dleny poslaneck\u00e9ho klubu a ministry za TOP 09 tyto  v\u011bci ur\u00e1\u017eej\u00ed,&#8220; \u0159ekl on-line den\u00edku T\u00ddDEN.CZ \u0161\u00e9f poslanc\u016f TOP 09 Petr  Gazd\u00edk.<\/p>\n<p><strong>P\u0159\u00edli\u0161 dlouho klid<\/strong><\/p>\n<p>S t\u00edm, \u017ee B\u00e1torovy v\u00fdroky vy\u017eaduj\u00ed omluvu, souhlas\u00ed i vicepremi\u00e9rka a  m\u00edstop\u0159edsedkyn\u011b VV Karol\u00edna Peake.\u00a0Z\u00e1rove\u0148 si ale neodpustila r\u00fdpnut\u00ed  do Kalouska. &#8222;Ministru Kalouskovi se asi zd\u00e1, \u017ee v koalici je u\u017e p\u0159\u00edli\u0161  dlouho klid a nebezpe\u010dn\u011b d\u011bln\u00e1 atmosf\u00e9ra. Omluva Karlu Schwarzenbergovi  je ale nepochybn\u011b na m\u00edst\u011b.&#8220;<\/p>\n<p>Dal\u0161\u00ed z\u00a0m\u00edstop\u0159edsed\u016f VV Tom\u00e1\u0161 Jarol\u00edm ocenil, \u017ee se do sporu  nenechal zat\u00e1hnout premi\u00e9r Petr Ne\u010das. &#8222;Naopak jsem p\u0159ekvapen, \u017ee  hloupou\u010dk\u00e1 prohl\u00e1\u0161en\u00ed pana B\u00e1tory tak popudila pana ministra Kalouska,  ministra, kter\u00fd zam\u011bstn\u00e1v\u00e1 odsouzen\u00e9ho a trestan\u00e9ho za da\u0148ov\u00fd delikt  Radka \u0160n\u00e1bla a usilovn\u011b h\u00e1jil kontroverzn\u00edho Martina Bart\u00e1ka, proto mu  jeho rozho\u0159\u010den\u00ed p\u0159\u00edli\u0161 nev\u011b\u0159\u00edm.&#8220;<\/p>\n<p>\u0160\u00e9f komunist\u016f Vojt\u011bch Filip pova\u017euje protestn\u00ed odchod ministr\u016f TOP 09  z vl\u00e1dn\u00edho jedn\u00e1n\u00ed za velmi pozdn\u00ed reakci. &#8222;Za zvl\u00e1\u0161t\u011b smutn\u00e9 pova\u017euji,  \u017ee tak jedna z\u00a0vl\u00e1dn\u00edch stran reaguje teprve pot\u00e9, co pan B\u00e1tora sv\u00fdmi  nevyb\u00edrav\u00fdmi v\u00fdroky na Facebooku urazil p\u0159edsedu TOP 09 Karla  Schwarzenberga. Dokud ur\u00e1\u017eel jin\u00e9 ob\u010dany, tak to z\u0159ejm\u011b \u010dlen\u016fm vl\u00e1dy  tolik nevadilo,&#8220; v\u0161\u00edm\u00e1 si Filip.<\/p>\n<p><a href=\"http:\/\/www.tyden.cz\/rubriky\/domaci\/top-09-opustila-jednani-vlady-chce-hlavu-batory-dobes-a-jakl-jej-naopak-haji_209690.html\" target=\"_blank\">Zdroj<\/a><\/div>\n","protected":false},"excerpt":{"rendered":"<p>TOP 09 opustila jedn\u00e1n\u00ed vl\u00e1dy a \u017e\u00e1d\u00e1 odchod Ladislava B\u00e1tory z ministerstva \u0161kolstv\u00ed. D\u016fvodem jsou ur\u00e1\u017eliv\u00e9 v\u00fdroky, kter\u00e9 si \u0161\u00e9f person\u00e1ln\u00edho odboru ministerstva a p\u0159edseda iniciativy D.O.S.T. &#8222;pov\u011bsil&#8220; na sv\u016fj facebookov\u00fd profil. O p\u0159edsedovi TOP 09\u00a0a ministru zahrani\u010d\u00ed Karlu Schwarzenbergovi mj. p\u00ed\u0161e jako o &#8222;chud\u00e1\u010dkovi star\u00e9m&#8220;.<\/p>\n","protected":false},"author":1,"featured_media":0,"comment_status":"open","ping_status":"open","sticky":false,"template":"","format":"standard","meta":{"ngg_post_thumbnail":0,"footnotes":""},"categories":[11],"tags":[],"class_list":["post-1155","post","type-post","status-publish","format-standard","hentry","category-ozvena"],"_links":{"self":[{"href":"https:\/\/www.ladislavjakl.cz\/index.php?rest_route=\/wp\/v2\/posts\/1155","targetHints":{"allow":["GET"]}}],"collection":[{"href":"https:\/\/www.ladislavjakl.cz\/index.php?rest_route=\/wp\/v2\/posts"}],"about":[{"href":"https:\/\/www.ladislavjakl.cz\/index.php?rest_route=\/wp\/v2\/types\/post"}],"author":[{"embeddable":true,"href":"https:\/\/www.ladislavjakl.cz\/index.php?rest_route=\/wp\/v2\/users\/1"}],"replies":[{"embeddable":true,"href":"https:\/\/www.ladislavjakl.cz\/index.php?rest_route=%2Fwp%2Fv2%2Fcomments&post=1155"}],"version-history":[{"count":1,"href":"https:\/\/www.ladislavjakl.cz\/index.php?rest_route=\/wp\/v2\/posts\/1155\/revisions"}],"predecessor-version":[{"id":1156,"href":"https:\/\/www.ladislavjakl.cz\/index.php?rest_route=\/wp\/v2\/posts\/1155\/revisions\/1156"}],"wp:attachment":[{"href":"https:\/\/www.ladislavjakl.cz\/index.php?rest_route=%2Fwp%2Fv2%2Fmedia&parent=1155"}],"wp:term":[{"taxonomy":"category","embeddable":true,"href":"https:\/\/www.ladislavjakl.cz\/index.php?rest_route=%2Fwp%2Fv2%2Fcategories&post=1155"},{"taxonomy":"post_tag","embeddable":true,"href":"https:\/\/www.ladislavjakl.cz\/index.php?rest_route=%2Fwp%2Fv2%2Ftags&post=1155"}],"curies":[{"name":"wp","href":"https:\/\/api.w.org\/{rel}","templated":true}]}}