{"id":1157,"date":"2011-08-17T13:14:11","date_gmt":"2011-08-17T12:14:11","guid":{"rendered":"http:\/\/www.ladislavjakl.cz\/?p=1157"},"modified":"2011-08-17T13:14:11","modified_gmt":"2011-08-17T12:14:11","slug":"batora-viri-politiku-pro-necase-je-buran-jakl-ho-brani-dobes-se-omluvi","status":"publish","type":"post","link":"https:\/\/www.ladislavjakl.cz\/?p=1157","title":{"rendered":"B\u00e1tora v\u00ed\u0159\u00ed politiku. Pro Ne\u010dase je buran, Jakl ho br\u00e1n\u00ed, Dobe\u0161 se omluv\u00ed"},"content":{"rendered":"<p>Ministr \u0161kolstv\u00ed Josef Dobe\u0161 je p\u0159ipraven omluvit se Karlu Schwarzenbergovi za ur\u00e1\u017eliv\u00e1 slova sv\u00e9ho vysok\u00e9ho \u00fa\u0159edn\u00edka Ladislava B\u00e1tory. Vyzval ho k tomu premi\u00e9r Petr Ne\u010das, kter\u00fd ozna\u010dil B\u00e1torova vyj\u00e1d\u0159en\u00ed za buransk\u00e1. B\u00e1toru ale Dobe\u0161 neodvol\u00e1. TOP 09 trv\u00e1 na tom, aby jeden z nich skon\u010dil.<\/p>\n<p><!--more--><\/p>\n<p>&#8222;Jsem \u010dlov\u011bk ze star\u00e9 \u0161koly, nen\u00ed pro m\u011b nejmen\u0161\u00ed probl\u00e9m se panu Schwarzenbergovi omluvit. \u017d\u00e1d\u00e1m pana Kalouska, aby mi nenastavoval mravn\u00ed normy a mluvil mi do m\u00e9 person\u00e1ln\u00ed politiky,&#8220; prohl\u00e1sil Dobe\u0161.<\/p>\n<p>Jde o n\u011bkolik dn\u016f star\u00fd v\u00fdrok Ladislava B\u00e1tory, kter\u00fd zve\u0159ejnil na Facebooku. B\u00e1tora jej adresoval ministrovi zahrani\u010d\u00ed a p\u0159edsedovi TOP 09 Karlu Schwarzenbergovi: &#8222;Chud\u00e1\u010dek starej&#8230; To se mu to bezosty\u0161n\u011b prsk\u00e1, kdy\u017e v\u00ed, \u017ee ho p\u0159inejmen\u0161\u00edm ze t\u0159\u00ed d\u016fvod\u016f nemohu vyzvat na souboj.&#8220;<\/p>\n<p>&#8222;Je to v\u00fdraz krajn\u00edho buranstv\u00ed, jestli\u017ee n\u011bkdo nar\u00e1\u017e\u00ed na jeho (Schwarzenberg\u016fv, pozn. red.) v\u011bk,&#8220; \u0159ekl Petr Ne\u010das po jedn\u00e1n\u00ed vl\u00e1dy, kter\u00e9 hned na za\u010d\u00e1tku opustili \u010dty\u0159i minist\u0159i za TOP 09. Ode\u0161li na protest proti setrv\u00e1v\u00e1n\u00ed Ladislava B\u00e1tory na ministerstvu \u0161kolstv\u00ed a tomu, \u017ee nad n\u00edm Dobe\u0161 dr\u017e\u00ed ochrannou ruku.<\/p>\n<p>&#8222;Kdyby kter\u00fdkoliv z m\u00fdch spolupracovn\u00edk\u016f mluvil podobn\u011b hanliv\u011b o jak\u00e9mkoliv \u010dlenovi vl\u00e1dy, tak by ve funkci skon\u010dil. Pova\u017euji to, \u017ee je pan B\u00e1tora ve sv\u00e9 funkci, za chybu,&#8220; dodal premi\u00e9r s t\u00edm, \u017ee o\u010dek\u00e1v\u00e1 od Dobe\u0161e jasnou, ve\u0159ejnou omluvu a distanc od B\u00e1torov\u00fdch v\u00fdrok\u016f.<\/p>\n<p>&#8222;Distanc od pana B\u00e1tory pova\u017euji za absolutn\u00ed minimum, kter\u00e9 u\u017e d\u00e1vno m\u011blo prob\u011bhnout. Nejpozd\u011bji dnes, ne-li v\u010dera,&#8220; dodal premi\u00e9r.<\/p>\n<p>Naopak Ladislav Jakl, bl\u00edzk\u00fd spolupracovn\u00edk prezidenta V\u00e1clava Klause, se B\u00e1tory zastal. &#8222;Pan B\u00e1tora je u\u017e p\u016fl roku ter\u010dem sprost\u00fdch \u00fatok\u016f, l\u017e\u00ed, ur\u00e1\u017eek, zesm\u011b\u0161\u0148ov\u00e1n\u00ed, pomluv a n\u00e1tlaku. S\u00e1m se ale, zd\u00e1 se, br\u00e1nit nesm\u00ed,&#8220; uvedl.<br \/>\nVV: B\u00e1tora je z\u00e1stupn\u00fd probl\u00e9m, Kalousek chce vyvolat krizi<\/p>\n<p>V\u011bci ve\u0159ejn\u00e9 jsou p\u0159esv\u011bd\u010deny, \u017ee kauza B\u00e1tora je pro Miroslava Kalouska jen z\u00e1stupn\u00fdm argumentem k dal\u0161\u00edmu \u00fatoku na nejmen\u0161\u00ed vl\u00e1dn\u00ed stranu.<\/p>\n<p>Dobe\u0161 \u0159ekl, \u017ee svorn\u00edkem koali\u010dn\u00ed vl\u00e1dy za \u00fa\u010dasti VV jsou premi\u00e9r Ne\u010das a p\u0159edseda TOP 09 Schwarzenberg. Kalouska, kter\u00fd vystoupil proti jeho vysok\u00e9mu st\u00e1tn\u00edmu \u00fa\u0159edn\u00edkovi, za svorn\u00edk vl\u00e1dy nepova\u017euje.<\/p>\n<p>Je\u0161t\u011b d\u00e1l \u0161el p\u0159edseda poslanc\u016f VV V\u00edt B\u00e1rta. &#8222;Kalousek se chyst\u00e1 vyvolat krizi v souvislosti se schvalov\u00e1n\u00edm da\u0148ov\u00e9 reformy ve vl\u00e1d\u011b a s rozpo\u010dtem. Tohle je jen jeho d\u011blost\u0159eleck\u00e1 p\u0159\u00edprava,&#8220; \u0159ekl iDNES.cz B\u00e1rta.<\/p>\n<p>Dobe\u0161 prohl\u00e1sil, \u017ee by si m\u011bl Kalousek nejprve zam\u00e9st p\u0159ed vlastn\u00edm prahem, proto\u017ee na ministerstvu financ\u00ed zam\u011bstn\u00e1v\u00e1 jako \u00fa\u0159edn\u00edka Radka \u0160n\u00e1bla, odsouzen\u00e9ho a trestan\u00e9ho za da\u0148ov\u00fd delikt. Trv\u00e1 na tom, \u017ee st\u00e1tn\u00ed \u00fa\u0159edn\u00edci maj\u00ed pr\u00e1vo vyjad\u0159ovat politick\u00e9 postoje, pokud p\u0159itom nep\u0159ekro\u010d\u00ed hranice slu\u0161nosti.<\/p>\n<p>B\u00e1tora kolem novin\u00e1\u0159\u016f, kte\u0159\u00ed byli na Dobe\u0161ov\u011b tiskovce, pro\u0161el a odm\u00edtl spor o n\u011bj komentovat.<\/p>\n<p><a href=\"http:\/\/zpravy.idnes.cz\/batora-viri-politiku-pro-necase-je-buran-jakl-ho-brani-dobes-se-omluvi-12g-\/domaci.aspx?c=A110817_121425_domaci_hv\" target=\"_blank\">Zdroj<\/a><\/p>\n","protected":false},"excerpt":{"rendered":"<p>Ministr \u0161kolstv\u00ed Josef Dobe\u0161 je p\u0159ipraven omluvit se Karlu Schwarzenbergovi za ur\u00e1\u017eliv\u00e1 slova sv\u00e9ho vysok\u00e9ho \u00fa\u0159edn\u00edka Ladislava B\u00e1tory. Vyzval ho k tomu premi\u00e9r Petr Ne\u010das, kter\u00fd ozna\u010dil B\u00e1torova vyj\u00e1d\u0159en\u00ed za buransk\u00e1. B\u00e1toru ale Dobe\u0161 neodvol\u00e1. TOP 09 trv\u00e1 na tom, aby jeden z nich skon\u010dil.<\/p>\n","protected":false},"author":1,"featured_media":0,"comment_status":"open","ping_status":"open","sticky":false,"template":"","format":"standard","meta":{"ngg_post_thumbnail":0,"footnotes":""},"categories":[11],"tags":[],"class_list":["post-1157","post","type-post","status-publish","format-standard","hentry","category-ozvena"],"_links":{"self":[{"href":"https:\/\/www.ladislavjakl.cz\/index.php?rest_route=\/wp\/v2\/posts\/1157","targetHints":{"allow":["GET"]}}],"collection":[{"href":"https:\/\/www.ladislavjakl.cz\/index.php?rest_route=\/wp\/v2\/posts"}],"about":[{"href":"https:\/\/www.ladislavjakl.cz\/index.php?rest_route=\/wp\/v2\/types\/post"}],"author":[{"embeddable":true,"href":"https:\/\/www.ladislavjakl.cz\/index.php?rest_route=\/wp\/v2\/users\/1"}],"replies":[{"embeddable":true,"href":"https:\/\/www.ladislavjakl.cz\/index.php?rest_route=%2Fwp%2Fv2%2Fcomments&post=1157"}],"version-history":[{"count":1,"href":"https:\/\/www.ladislavjakl.cz\/index.php?rest_route=\/wp\/v2\/posts\/1157\/revisions"}],"predecessor-version":[{"id":1158,"href":"https:\/\/www.ladislavjakl.cz\/index.php?rest_route=\/wp\/v2\/posts\/1157\/revisions\/1158"}],"wp:attachment":[{"href":"https:\/\/www.ladislavjakl.cz\/index.php?rest_route=%2Fwp%2Fv2%2Fmedia&parent=1157"}],"wp:term":[{"taxonomy":"category","embeddable":true,"href":"https:\/\/www.ladislavjakl.cz\/index.php?rest_route=%2Fwp%2Fv2%2Fcategories&post=1157"},{"taxonomy":"post_tag","embeddable":true,"href":"https:\/\/www.ladislavjakl.cz\/index.php?rest_route=%2Fwp%2Fv2%2Ftags&post=1157"}],"curies":[{"name":"wp","href":"https:\/\/api.w.org\/{rel}","templated":true}]}}