{"id":11589,"date":"2020-11-30T15:47:24","date_gmt":"2020-11-30T14:47:24","guid":{"rendered":"http:\/\/www.ladislavjakl.cz\/?p=11589"},"modified":"2020-11-30T15:47:24","modified_gmt":"2020-11-30T14:47:24","slug":"jakl-je-jako-belgicky-kyselac-exministryne-a-extajemnik-napsali-knihu-o-pivu","status":"publish","type":"post","link":"https:\/\/www.ladislavjakl.cz\/?p=11589","title":{"rendered":"\u201eJakl je jako belgick\u00fd kysel\u00e1\u010d.\u201c Exministryn\u011b a extajemn\u00edk napsali knihu o pivu"},"content":{"rendered":"<p>Daniela Kov\u00e1\u0159ov\u00e1 by Ladislava Jakla p\u0159irovnala k belgick\u00e9mu lambicu. A jak to dopadlo naopak? Poslechn\u011bte si nov\u00fd d\u00edl podcastu Jedno procento. Daniela Kov\u00e1\u0159ov\u00e1 a Ladislav Jakl spolu napsali kn\u00ed\u017eku Piva\u0159 a blond\u00fdna. Mluvili jsme spolu proto o&nbsp;pivu. A&nbsp;tak\u00e9 o&nbsp;sv\u011bt\u011b v&nbsp;roce 2020, vid\u011bn\u00e9m v\u0161ak op\u011bt p\u0159ev\u00e1\u017en\u011b p\u0159es pivn\u00ed sklenici.<\/p>\n<p><!--more--><\/p>\n<div class=\"f_c5\">\n<p class=\"e_Q\">Nakonec to samoz\u0159ejm\u011b nebylo jen o&nbsp;pivu, ale tak\u00e9 t\u0159eba o&nbsp;tom, jak se pije, ale hlavn\u011b \u017eije v&nbsp;roce 2020.&nbsp;Co m\u00fdm host\u016fm chyb\u00ed, jak tr\u00e1v\u00ed \u010das, co se o&nbsp;sob\u011b i&nbsp;ostatn\u00edch dozv\u011bd\u011bli a co jim ud\u011blalo radost. T\u00edm kl\u00ed\u010dem k&nbsp;pochopen\u00ed roku 2020&nbsp;ale bylo velmi \u010dasto pr\u00e1v\u011b pivo.<\/p>\n<p>M\u00ed host\u00e9 tentokr\u00e1t pat\u0159\u00ed mezi ty lidi, u&nbsp;jejich\u017e povol\u00e1n\u00ed \u010di profes\u00ed se \u010dasto uv\u00e1d\u00ed slovo \u201eb\u00fdval\u00ed\u201c. Ne snad, \u017ee by pr\u00e1v\u011b te\u010f ned\u011blali nic zaj\u00edmav\u00e9ho. Daniela Kov\u00e1\u0159ov\u00e1 je advok\u00e1tkou a spisovatelkou, ale zn\u00e1mou se stala jako b\u00fdval\u00e1 ministryn\u011b spravedlnosti. Ladislav Jakl je publicista a hudebn\u00edk, ale v\u011bt\u0161ina lid\u00ed si ho pamatuje jako b\u00fdval\u00e9ho \u0159editele politick\u00e9ho odboru prezidentsk\u00e9 kancel\u00e1\u0159e v&nbsp;\u00e9\u0159e V\u00e1clava Klause.<\/p>\n<p>O&nbsp;jejich \u201eex\u017eivotech\u201c jsem v\u0161ak se sv\u00fdmi hosty tentokr\u00e1t nemluvil. Jako obvykle m\u011b ale zaj\u00edmalo, jak vid\u00ed budoucnost. Bude sv\u011bt za deset let lep\u0161\u00ed, anebo hor\u0161\u00ed?<\/p>\n<p>\u010c\u00edm se odli\u0161uje \u010desk\u00e1 hospoda od t\u011bch jinde ve sv\u011bt\u011b? Co vlastn\u011b je pivn\u00ed kultura? K&nbsp;jak\u00e9mu pivu by Daniela Kov\u00e1\u0159ov\u00e1 p\u0159irovnala Ladislava Jakla? A&nbsp;naopak? N\u00e1pov\u011bda: za ob\u011bma pivy bychom museli vyrazit z&nbsp;\u010ceska, sm\u011brem severoz\u00e1padn\u00edm. Celou epizodu Jednoho procenta si poslechn\u011bte v&nbsp;p\u0159ehr\u00e1va\u010di naho\u0159e.<\/p>\n<p><a href=\"https:\/\/www.seznamzpravy.cz\/clanek\/jakl-je-jako-belgicky-kyselac-exministryne-a-exkancler-napsali-knihu-o-pivu-130829\">Zdroj<\/a><\/p>\n<\/div>\n","protected":false},"excerpt":{"rendered":"<p>Daniela Kov\u00e1\u0159ov\u00e1 by Ladislava Jakla p\u0159irovnala k belgick\u00e9mu lambicu. A jak to dopadlo naopak? Poslechn\u011bte si nov\u00fd d\u00edl podcastu Jedno procento. Daniela Kov\u00e1\u0159ov\u00e1 a Ladislav Jakl spolu napsali kn\u00ed\u017eku Piva\u0159 a blond\u00fdna. Mluvili jsme spolu proto o&nbsp;pivu. A&nbsp;tak\u00e9 o&nbsp;sv\u011bt\u011b v&nbsp;roce 2020, vid\u011bn\u00e9m v\u0161ak op\u011bt p\u0159ev\u00e1\u017en\u011b p\u0159es pivn\u00ed sklenici.<\/p>\n","protected":false},"author":1,"featured_media":0,"comment_status":"open","ping_status":"open","sticky":false,"template":"","format":"standard","meta":{"ngg_post_thumbnail":0,"footnotes":""},"categories":[20,13],"tags":[],"class_list":["post-11589","post","type-post","status-publish","format-standard","hentry","category-pivo","category-rozhovory"],"_links":{"self":[{"href":"https:\/\/www.ladislavjakl.cz\/index.php?rest_route=\/wp\/v2\/posts\/11589","targetHints":{"allow":["GET"]}}],"collection":[{"href":"https:\/\/www.ladislavjakl.cz\/index.php?rest_route=\/wp\/v2\/posts"}],"about":[{"href":"https:\/\/www.ladislavjakl.cz\/index.php?rest_route=\/wp\/v2\/types\/post"}],"author":[{"embeddable":true,"href":"https:\/\/www.ladislavjakl.cz\/index.php?rest_route=\/wp\/v2\/users\/1"}],"replies":[{"embeddable":true,"href":"https:\/\/www.ladislavjakl.cz\/index.php?rest_route=%2Fwp%2Fv2%2Fcomments&post=11589"}],"version-history":[{"count":1,"href":"https:\/\/www.ladislavjakl.cz\/index.php?rest_route=\/wp\/v2\/posts\/11589\/revisions"}],"predecessor-version":[{"id":11590,"href":"https:\/\/www.ladislavjakl.cz\/index.php?rest_route=\/wp\/v2\/posts\/11589\/revisions\/11590"}],"wp:attachment":[{"href":"https:\/\/www.ladislavjakl.cz\/index.php?rest_route=%2Fwp%2Fv2%2Fmedia&parent=11589"}],"wp:term":[{"taxonomy":"category","embeddable":true,"href":"https:\/\/www.ladislavjakl.cz\/index.php?rest_route=%2Fwp%2Fv2%2Fcategories&post=11589"},{"taxonomy":"post_tag","embeddable":true,"href":"https:\/\/www.ladislavjakl.cz\/index.php?rest_route=%2Fwp%2Fv2%2Ftags&post=11589"}],"curies":[{"name":"wp","href":"https:\/\/api.w.org\/{rel}","templated":true}]}}