{"id":1159,"date":"2011-08-17T14:55:01","date_gmt":"2011-08-17T13:55:01","guid":{"rendered":"http:\/\/www.ladislavjakl.cz\/?p=1159"},"modified":"2011-08-17T14:56:11","modified_gmt":"2011-08-17T13:56:11","slug":"do-pre-o-batorovo-odvolani-se-vlozil-i-premier-necas-jakl-kontruje-drobnym-prohlasenim","status":"publish","type":"post","link":"https:\/\/www.ladislavjakl.cz\/?p=1159","title":{"rendered":"Do p\u0159e o B\u00e1torovo odvol\u00e1n\u00ed se vlo\u017eil i premi\u00e9r Ne\u010das, Jakl kontruje drobn\u00fdm prohl\u00e1\u0161en\u00edm"},"content":{"rendered":"<p>Spor o odvol\u00e1n\u00ed B\u00e1tory se v\u00fdznamn\u011bji rozpoutal b\u011bhem dne\u0161n\u00edho dopoledne, kdy den\u00edk Pr\u00e1vo zve\u0159ejnil informaci o jeho ur\u00e1\u017eliv\u00e9m vyj\u00e1d\u0159en\u00ed o ministru zahrani\u010dn\u00edch v\u011bc\u00ed.V sou\u010dasn\u00e9 chv\u00edli se k cel\u00e9 z\u00e1le\u017eitosti vyjad\u0159il i samotn\u00fd premi\u00e9r Ne\u010das.<\/p>\n<p><!--more-->&#8222;Pova\u017euji to za absolutn\u011b neakceptovateln\u00e9. Z osobn\u00edho hlediska i krajn\u011b nevkusn\u00e9, buransk\u00e9 chov\u00e1n\u00ed, kdy se n\u011bkdo vyjad\u0159uje na \u00fa\u010det n\u011bkoho jen kv\u016fli v\u011bku,&#8220; poznamenal Ne\u010das. S\u00e1m by pr\u00fd takov\u00e9 chov\u00e1n\u00ed sv\u00fdm \u00fa\u0159edn\u00edk\u016fm netoleroval. &#8222;Kdyby se tak vyj\u00e1d\u0159il n\u011bkter\u00fd z m\u00fdch spolupracovn\u00edk\u016f, tak by ve sv\u00e9 vedouc\u00ed funkci skon\u010dil,&#8220; dodal Ne\u010das.<\/p>\n<p>&#8222;Kdyby kter\u00fdkoliv z m\u00fdch spolupracovn\u00edk\u016f mluvil podobn\u011b hanliv\u011b o jak\u00e9mkoliv \u010dlenovi vl\u00e1dy, tak by ve funkci skon\u010dil. Pova\u017euji to, \u017ee jen pan B\u00e1tora ve sv\u00e9 funkci, za chybu,&#8220; dodal premi\u00e9r s t\u00edm, \u017ee o\u010dek\u00e1v\u00e1 od Josefa Dobe\u0161e jasnou, ve\u0159ejnou omluvu a distanc od B\u00e1torov\u00fdch v\u00fdrok\u016f.<\/p>\n<p>&#8222;Distanc od pana B\u00e1tory pova\u017euji za absolutn\u00ed minimum, kter\u00e9 u\u017e d\u00e1vno m\u011blo prob\u011bhnout. Nejpozd\u011bji dnes, ne-li v\u010dera,&#8220; dodal premi\u00e9r. Zda Josefovi Dobe\u0161ovi hroz\u00ed odvol\u00e1n\u00ed z vl\u00e1dy, ale nekonkretizoval.<\/p>\n<p>Podle 1. m\u00edstop\u0159edsedy Sen\u00e1tu P\u010cR P\u0159emysla Sobotky by m\u011bl B\u00e1tora odstoupit. &#8222;St\u00e1tn\u00ed \u00fa\u0159edn\u00edk pan B\u00e1tora se chov\u00e1 jako opozi\u010dn\u00ed politik a ne jako \u00fa\u0159edn\u00edk. D\u0159\u00edve ne\u017e uraz\u00ed premi\u00e9ra, tak by m\u011bl d\u00e1vno odstoupit. Nech\u00e1pu, pro\u010d jej ministr Dobe\u0161 neodvol\u00e1 minim\u00e1ln\u011b za posledn\u00ed v\u00fdroky o ministru Schwarzenbergovi,&#8220; uvedl Sobotka.<\/p>\n<p>Ladislav Jakl sd\u00edlej\u00edc\u00ed zast\u00e1nce n\u00e1zor\u016f pana B\u00e1tory a tak\u00e9 tajemn\u00edk prezidenta V\u00e1clava Klause, se ve st\u0159edu zapojil do v\u00fdm\u011bny n\u00e1zor\u016f mezi p\u0159edsedou TOP 09 a ministrem zahrani\u010d\u00ed Karlem Schwarzenbergem a person\u00e1ln\u00edm \u0161\u00e9fem ministerstva zahrani\u010d\u00ed Ladislavem B\u00e1torou. Podle Jakla je B\u00e1tora dlouhodob\u011b ter\u010dem \u00fatok\u016f a pomluv, ani\u017e by se s\u00e1m mohl br\u00e1nit.<\/p>\n<p>&#8222;Pan B\u00e1tora je u\u017e p\u016fl roku ter\u010dem sprost\u00fdch \u00fatok\u016f, l\u017e\u00ed, ur\u00e1\u017eek, zesm\u011b\u0161\u0148ov\u00e1n\u00ed, pomluv a n\u00e1tlaku. S\u00e1m se ale, zd\u00e1 se, br\u00e1nit nesm\u00ed,&#8220; uvedl Jakl, jeho\u017e n\u00e1zor zve\u0159ejnil na sv\u00fdch str\u00e1nk\u00e1ch prezident V\u00e1clav Klaus.<\/p>\n<p><a href=\"http:\/\/www.romea.cz\/index.php?id=detail&amp;detail=2007_10467\" target=\"_blank\">Zdroj <\/a><\/p>\n","protected":false},"excerpt":{"rendered":"<p>Spor o odvol\u00e1n\u00ed B\u00e1tory se v\u00fdznamn\u011bji rozpoutal b\u011bhem dne\u0161n\u00edho dopoledne, kdy den\u00edk Pr\u00e1vo zve\u0159ejnil informaci o jeho ur\u00e1\u017eliv\u00e9m vyj\u00e1d\u0159en\u00ed o ministru zahrani\u010dn\u00edch v\u011bc\u00ed.V sou\u010dasn\u00e9 chv\u00edli se k cel\u00e9 z\u00e1le\u017eitosti vyjad\u0159il i samotn\u00fd premi\u00e9r Ne\u010das.<\/p>\n","protected":false},"author":1,"featured_media":0,"comment_status":"open","ping_status":"open","sticky":false,"template":"","format":"standard","meta":{"ngg_post_thumbnail":0,"footnotes":""},"categories":[11],"tags":[],"class_list":["post-1159","post","type-post","status-publish","format-standard","hentry","category-ozvena"],"_links":{"self":[{"href":"https:\/\/www.ladislavjakl.cz\/index.php?rest_route=\/wp\/v2\/posts\/1159","targetHints":{"allow":["GET"]}}],"collection":[{"href":"https:\/\/www.ladislavjakl.cz\/index.php?rest_route=\/wp\/v2\/posts"}],"about":[{"href":"https:\/\/www.ladislavjakl.cz\/index.php?rest_route=\/wp\/v2\/types\/post"}],"author":[{"embeddable":true,"href":"https:\/\/www.ladislavjakl.cz\/index.php?rest_route=\/wp\/v2\/users\/1"}],"replies":[{"embeddable":true,"href":"https:\/\/www.ladislavjakl.cz\/index.php?rest_route=%2Fwp%2Fv2%2Fcomments&post=1159"}],"version-history":[{"count":3,"href":"https:\/\/www.ladislavjakl.cz\/index.php?rest_route=\/wp\/v2\/posts\/1159\/revisions"}],"predecessor-version":[{"id":1161,"href":"https:\/\/www.ladislavjakl.cz\/index.php?rest_route=\/wp\/v2\/posts\/1159\/revisions\/1161"}],"wp:attachment":[{"href":"https:\/\/www.ladislavjakl.cz\/index.php?rest_route=%2Fwp%2Fv2%2Fmedia&parent=1159"}],"wp:term":[{"taxonomy":"category","embeddable":true,"href":"https:\/\/www.ladislavjakl.cz\/index.php?rest_route=%2Fwp%2Fv2%2Fcategories&post=1159"},{"taxonomy":"post_tag","embeddable":true,"href":"https:\/\/www.ladislavjakl.cz\/index.php?rest_route=%2Fwp%2Fv2%2Ftags&post=1159"}],"curies":[{"name":"wp","href":"https:\/\/api.w.org\/{rel}","templated":true}]}}