{"id":11593,"date":"2020-11-30T15:52:50","date_gmt":"2020-11-30T14:52:50","guid":{"rendered":"http:\/\/www.ladislavjakl.cz\/?p=11593"},"modified":"2020-11-30T15:52:50","modified_gmt":"2020-11-30T14:52:50","slug":"vyzva-rady-pro-rozhlasove-a-televizni-vysilani-k-informovani-medii-o-aktualni-epidemii","status":"publish","type":"post","link":"https:\/\/www.ladislavjakl.cz\/?p=11593","title":{"rendered":"V\u00fdzva Rady pro rozhlasov\u00e9 a televizn\u00ed vys\u00edl\u00e1n\u00ed k informov\u00e1n\u00ed m\u00e9di\u00ed o aktu\u00e1ln\u00ed epidemii"},"content":{"rendered":"<p>Rada pro rozhlasov\u00e9 a televizn\u00ed vys\u00edl\u00e1n\u00ed se obrac\u00ed na v\u0161echny provozovatele rozhlasov\u00fdch a televizn\u00edch stanic, aby v\u011bnovali v\u011bt\u0161\u00ed pozornost korektnosti a p\u0159esnosti p\u0159i informov\u00e1n\u00ed ve\u0159ejnosti o pr\u016fb\u011bhu aktu\u00e1ln\u00ed epidemie a o opat\u0159en\u00edch proti n\u00ed.<\/p>\n<p><!--more--><\/p>\n<p>Ned\u016fsledn\u00e1 p\u00e9\u010de o terminologickou a v\u011bcnou spr\u00e1vnost v takto citliv\u00e9m t\u00e9matu vede k informa\u010dn\u00edmu chaosu a p\u0159isp\u00edv\u00e1 tak ke zvy\u0161ov\u00e1n\u00ed paniky a \u00fazkosti s dopady na kvalitu \u017eivota na stran\u011b jedn\u00e9, na stran\u011b druh\u00e9 vede u \u010d\u00e1sti ve\u0159ejnosti k pocitu, \u017ee \u017e\u00e1dn\u00e1 data vlastn\u011b nemaj\u00ed relevanci, a nen\u00ed tedy nutn\u00e9 dodr\u017eovat z\u00e1kladn\u00ed hygienick\u00e1 pravidla.<\/p>\n<p>Nov\u00fd koronavirus, stejn\u011b jako ostatn\u00ed dosud b\u011b\u017en\u00e9 koronaviry, dal\u0161\u00ed viry a tak\u00e9 bakterie mohou b\u00fdt sou\u010d\u00e1st\u00ed p\u0159irozen\u00e9ho prost\u0159ed\u00ed \u010dlov\u011bka a nemoc mohou zp\u016fsobit a\u017e za specifick\u00fdch okolnost\u00ed. Naproti tomu covid-19 je choroba, kter\u00e1 m\u016f\u017ee m\u00edt m\u00edrn\u00fd pr\u016fb\u011bh, ale tak\u00e9 pr\u016fb\u011bh velmi t\u011b\u017ek\u00fd a m\u016f\u017ee b\u00fdt i komplikac\u00ed v\u00e1\u017en\u011b ohro\u017euj\u00edc\u00ed \u017eivot. Ve zpravodajsk\u00fdch a publicistick\u00fdch po\u0159adech se ka\u017ed\u00fd den vyskytuje cel\u00e1 \u0159ada nep\u0159esnost\u00ed. Nejde o malichern\u00e9 trv\u00e1n\u00ed na detailech, ale o apel na odpov\u011bdnost p\u0159i informov\u00e1n\u00ed o mimo\u0159\u00e1dn\u011b citliv\u00e9 oblasti. V\u011bt\u0161\u00ed pozornost m\u00e9di\u00ed korektn\u00edmu informov\u00e1n\u00ed o epidemii pom\u016f\u017ee lep\u0161\u00edmu pov\u011bdom\u00ed ve\u0159ejnosti o pr\u016fb\u011bhu a dopadech epidemie a umo\u017en\u00ed tak lidem p\u0159ij\u00edmat spr\u00e1vn\u00e1 a p\u0159im\u011b\u0159en\u00e1 rozhodnut\u00ed a chovat se odpov\u011bdn\u011b.<\/p>\n<p>V Praze dne 24. 11. 2020<br \/>\nBc. Ivan Krej\u010d\u00ed<br \/>\np\u0159edseda Rady pro rozhlasov\u00e9<br \/>\na televizn\u00ed vys\u00edl\u00e1n\u00ed<br \/>\nkontakt: podatelna@rrtv.cz<br \/>\n274 813 830<\/p>\n","protected":false},"excerpt":{"rendered":"<p>Rada pro rozhlasov\u00e9 a televizn\u00ed vys\u00edl\u00e1n\u00ed se obrac\u00ed na v\u0161echny provozovatele rozhlasov\u00fdch a televizn\u00edch stanic, aby v\u011bnovali v\u011bt\u0161\u00ed pozornost korektnosti a p\u0159esnosti p\u0159i informov\u00e1n\u00ed ve\u0159ejnosti o pr\u016fb\u011bhu aktu\u00e1ln\u00ed epidemie a o opat\u0159en\u00edch proti n\u00ed.<\/p>\n","protected":false},"author":1,"featured_media":0,"comment_status":"open","ping_status":"open","sticky":false,"template":"","format":"standard","meta":{"ngg_post_thumbnail":0,"footnotes":""},"categories":[11],"tags":[],"class_list":["post-11593","post","type-post","status-publish","format-standard","hentry","category-ozvena"],"_links":{"self":[{"href":"https:\/\/www.ladislavjakl.cz\/index.php?rest_route=\/wp\/v2\/posts\/11593","targetHints":{"allow":["GET"]}}],"collection":[{"href":"https:\/\/www.ladislavjakl.cz\/index.php?rest_route=\/wp\/v2\/posts"}],"about":[{"href":"https:\/\/www.ladislavjakl.cz\/index.php?rest_route=\/wp\/v2\/types\/post"}],"author":[{"embeddable":true,"href":"https:\/\/www.ladislavjakl.cz\/index.php?rest_route=\/wp\/v2\/users\/1"}],"replies":[{"embeddable":true,"href":"https:\/\/www.ladislavjakl.cz\/index.php?rest_route=%2Fwp%2Fv2%2Fcomments&post=11593"}],"version-history":[{"count":1,"href":"https:\/\/www.ladislavjakl.cz\/index.php?rest_route=\/wp\/v2\/posts\/11593\/revisions"}],"predecessor-version":[{"id":11594,"href":"https:\/\/www.ladislavjakl.cz\/index.php?rest_route=\/wp\/v2\/posts\/11593\/revisions\/11594"}],"wp:attachment":[{"href":"https:\/\/www.ladislavjakl.cz\/index.php?rest_route=%2Fwp%2Fv2%2Fmedia&parent=11593"}],"wp:term":[{"taxonomy":"category","embeddable":true,"href":"https:\/\/www.ladislavjakl.cz\/index.php?rest_route=%2Fwp%2Fv2%2Fcategories&post=11593"},{"taxonomy":"post_tag","embeddable":true,"href":"https:\/\/www.ladislavjakl.cz\/index.php?rest_route=%2Fwp%2Fv2%2Ftags&post=11593"}],"curies":[{"name":"wp","href":"https:\/\/api.w.org\/{rel}","templated":true}]}}