{"id":11606,"date":"2020-12-03T14:46:33","date_gmt":"2020-12-03T13:46:33","guid":{"rendered":"http:\/\/www.ladislavjakl.cz\/?p=11606"},"modified":"2020-12-03T14:46:57","modified_gmt":"2020-12-03T13:46:57","slug":"slavnostni-narazeni-knihy-pivar-a-blondyna","status":"publish","type":"post","link":"https:\/\/www.ladislavjakl.cz\/?p=11606","title":{"rendered":"Slavnostn\u00ed Nar\u00e1\u017een\u00ed knihy Piva\u0159 a Blond\u00fdna"},"content":{"rendered":"<p>Pr\u00e1v\u011b vych\u00e1z\u00ed kniha Ladislava Jakla a Daniely Kov\u00e1\u0159ov\u00e9 <strong>Piva\u0159 a Blond\u00fdna<\/strong>. Kniha d\u00e1v\u00e1 v\u011bcnou i z\u00e1bavnou formou nahl\u00e9dnout do bohat\u00e9ho a pestr\u00e9ho sv\u011bta v\u0161emo\u017en\u00fdch pivn\u00edch styl\u016f, p\u0159edstavuje pivo jako u\u0161lechtil\u00fd produkt a sna\u017e\u00ed se vyvracet obecnou p\u0159edstavu o pivu jako o n\u00e1poji oby\u010dejn\u00e9m, kter\u00fd si nezasluhuje spole\u010denskou presti\u017e.<\/p>\n<p><!--more--><\/p>\n<p>Slavnostn\u00ed uveden\u00ed na trh bude m\u00edt formu \u201enar\u00e1\u017een\u00ed\u201c knihy a uskute\u010dn\u00ed se ve \u010dtvrtek 10. prosince v&nbsp;15 hodin v&nbsp;pivot\u00e9ce Pivn\u00ed Mozaika v&nbsp;K\u0159i\u017e\u00edkov\u011b ulici v&nbsp;Karl\u00edn\u011b. P\u0159edstaven\u00ed knihy bude t\u00fd\u017e den pokra\u010dovat autogrami\u00e1dami v Kwaku na Sm\u00edchov\u011b (16.30), ve spo\u0159ilovsk\u00e9 Prvn\u00ed Pivn\u00ed Tramwayi (18.00) a u Magistera Kelleyho na Folimance (19.30).<\/p>\n<p><em>Informace: <a href=\"mailto:daniela.kovarova@gmail.com\">daniela.kovarova@gmail.com<\/a><\/em><\/p>\n<p><a href=\"https:\/\/www.ladislavjakl.cz\/wp-content\/uploads\/2020\/12\/pivarAblondyna3.png\"><img loading=\"lazy\" decoding=\"async\" class=\"alignnone wp-image-11607 size-full\" src=\"https:\/\/www.ladislavjakl.cz\/wp-content\/uploads\/2020\/12\/pivarAblondyna3.png\" alt=\"\" width=\"570\" height=\"814\" srcset=\"https:\/\/www.ladislavjakl.cz\/wp-content\/uploads\/2020\/12\/pivarAblondyna3.png 570w, https:\/\/www.ladislavjakl.cz\/wp-content\/uploads\/2020\/12\/pivarAblondyna3-217x310.png 217w, https:\/\/www.ladislavjakl.cz\/wp-content\/uploads\/2020\/12\/pivarAblondyna3-490x700.png 490w\" sizes=\"auto, (max-width: 570px) 100vw, 570px\" \/><\/a><\/p>\n<p>&nbsp;<\/p>\n","protected":false},"excerpt":{"rendered":"<p>Pr\u00e1v\u011b vych\u00e1z\u00ed kniha Ladislava Jakla a Daniely Kov\u00e1\u0159ov\u00e9 Piva\u0159 a Blond\u00fdna. Kniha d\u00e1v\u00e1 v\u011bcnou i z\u00e1bavnou formou nahl\u00e9dnout do bohat\u00e9ho a pestr\u00e9ho sv\u011bta v\u0161emo\u017en\u00fdch pivn\u00edch styl\u016f, p\u0159edstavuje pivo jako u\u0161lechtil\u00fd produkt a sna\u017e\u00ed se vyvracet obecnou p\u0159edstavu o pivu jako o n\u00e1poji oby\u010dejn\u00e9m, kter\u00fd si nezasluhuje spole\u010denskou presti\u017e.<\/p>\n","protected":false},"author":1,"featured_media":0,"comment_status":"open","ping_status":"open","sticky":false,"template":"","format":"standard","meta":{"ngg_post_thumbnail":0,"footnotes":""},"categories":[20],"tags":[],"class_list":["post-11606","post","type-post","status-publish","format-standard","hentry","category-pivo"],"_links":{"self":[{"href":"https:\/\/www.ladislavjakl.cz\/index.php?rest_route=\/wp\/v2\/posts\/11606","targetHints":{"allow":["GET"]}}],"collection":[{"href":"https:\/\/www.ladislavjakl.cz\/index.php?rest_route=\/wp\/v2\/posts"}],"about":[{"href":"https:\/\/www.ladislavjakl.cz\/index.php?rest_route=\/wp\/v2\/types\/post"}],"author":[{"embeddable":true,"href":"https:\/\/www.ladislavjakl.cz\/index.php?rest_route=\/wp\/v2\/users\/1"}],"replies":[{"embeddable":true,"href":"https:\/\/www.ladislavjakl.cz\/index.php?rest_route=%2Fwp%2Fv2%2Fcomments&post=11606"}],"version-history":[{"count":2,"href":"https:\/\/www.ladislavjakl.cz\/index.php?rest_route=\/wp\/v2\/posts\/11606\/revisions"}],"predecessor-version":[{"id":11609,"href":"https:\/\/www.ladislavjakl.cz\/index.php?rest_route=\/wp\/v2\/posts\/11606\/revisions\/11609"}],"wp:attachment":[{"href":"https:\/\/www.ladislavjakl.cz\/index.php?rest_route=%2Fwp%2Fv2%2Fmedia&parent=11606"}],"wp:term":[{"taxonomy":"category","embeddable":true,"href":"https:\/\/www.ladislavjakl.cz\/index.php?rest_route=%2Fwp%2Fv2%2Fcategories&post=11606"},{"taxonomy":"post_tag","embeddable":true,"href":"https:\/\/www.ladislavjakl.cz\/index.php?rest_route=%2Fwp%2Fv2%2Ftags&post=11606"}],"curies":[{"name":"wp","href":"https:\/\/api.w.org\/{rel}","templated":true}]}}