{"id":11622,"date":"2020-12-15T11:21:06","date_gmt":"2020-12-15T10:21:06","guid":{"rendered":"http:\/\/www.ladislavjakl.cz\/?p=11622"},"modified":"2020-12-15T11:21:06","modified_gmt":"2020-12-15T10:21:06","slug":"pivar-a-blondyna-2","status":"publish","type":"post","link":"https:\/\/www.ladislavjakl.cz\/?p=11622","title":{"rendered":"Piva\u0159 a blond\u00fdna"},"content":{"rendered":"<p class=\"intro summary\">Nehledejte v nadpisu \u017e\u00e1dn\u00fd skryt\u00fd v\u00fdznam. Je to n\u00e1zev knihy autor\u016f Daniely Kov\u00e1\u0159ov\u00e9 a Ladislava Jakla, knihy, kter\u00e1 byla ve \u010dtvrtek 10. prosince slavnostn\u011b pok\u0159t\u011bna. A to dokonce na \u010dty\u0159ech m\u00edstech, m\u00edstech pivn\u011b v\u00fdznamn\u00fdch: Pivn\u00ed mozaika v Karl\u00edn\u011b, origin\u00e1ln\u00ed belgick\u00fd pivn\u00ed bar Kwak na Sm\u00edchov\u011b, kultovn\u00ed Prvn\u00ed pivn\u00ed tramway na Spo\u0159ilov\u011b a Magister Kelley na Vinohradech. Vlastn\u011b takov\u00e9 pivn\u00ed turn\u00e9, pro autory asi dost n\u00e1ro\u010dn\u00e9.<\/p>\n<p><!--more--><\/p>\n<p><center><a class=\"ltb swipebox\" title=\"Auto\u0159i\" href=\"https:\/\/pivni.info\/foto\/galery1458\/pab-autori.jpg\" rel=\"lightbox\"><img decoding=\"async\" src=\"https:\/\/pivni.info\/foto\/galery1458\/b_pab-autori.jpg\" alt=\"Auto\u0159i\" width=\"370\" height=\"277.5\"><br \/>\nAuto\u0159i<\/a><\/center>Byla jsem p\u0159\u00edtomna na 3. \u0161taci, kde k\u0159est pod sv\u00e1 k\u0159\u00eddla vzala legenda Prvn\u00ed pivn\u00ed tramwaye Jirka Bej\u010dek Stehl\u00ed\u010dek. Ten taky d\u011blal jednu ze sudi\u010dek (kmotry pr\u00fd auto\u0159i necht\u011bli) k\u0159t\u011bn\u00e9 knihy. Dal\u0161\u00ed ze sudi\u010dek pak byl prezident \u010ceskomoravsk\u00e9ho svazu minipivovar\u016f, Ing. Jan \u0160ur\u00e1\u0148. Ale to p\u0159edb\u00edh\u00e1m, sudi\u010dky k\u0159tily, vlastn\u011b nek\u0159tily, ale poslaly knihu do sv\u011bta a\u017e na z\u00e1v\u011br.<\/p>\n<p><center><a class=\"ltb swipebox\" title=\"Podepisov\u00e1n\u00ed knihy\" href=\"https:\/\/pivni.info\/foto\/galery1458\/pab-podepisovani-knihy.jpg\" rel=\"lightbox\"><img decoding=\"async\" src=\"https:\/\/pivni.info\/foto\/galery1458\/b_pab-podepisovani-knihy.jpg\" alt=\"Podepisov\u00e1n\u00ed knihy\" width=\"370\" height=\"277.5\"><br \/>\nPodepisov\u00e1n\u00ed knihy<\/a><\/center><center><a class=\"ltb swipebox\" title=\"P\u0159\u00edpitek se sudi\u010dkami\" href=\"https:\/\/pivni.info\/foto\/galery1458\/pab-pripitek-se-sudickami.jpg\" rel=\"lightbox\"><img decoding=\"async\" src=\"https:\/\/pivni.info\/foto\/galery1458\/b_pab-pripitek-se-sudickami.jpg\" alt=\"P\u0159\u00edpitek se sudi\u010dkami\" width=\"370\" height=\"277.5\"><br \/>\nP\u0159\u00edpitek se sudi\u010dkami<\/a><\/center>Nejprve samoz\u0159ejm\u011b oba auto\u0159i knihu p\u0159edstavili, vysv\u011btlili genezi jej\u00edho vzniku, i komu je kniha ur\u010dena. Pochopiteln\u011b, n\u00e1m v\u0161em, co pivo nepova\u017eujeme za n\u00e1poj pod\u0159adn\u00fd, ale naopak u\u0161lechtil\u00fd. Ale tak\u00e9 t\u011bm, co se dosud na pivo d\u00edvaj\u00ed svrchu, jako na n\u00e1poj tak maxim\u00e1ln\u011b dobr\u00fd k uha\u0161en\u00ed \u017e\u00edzn\u011b po ob\u011bd\u011b. &#8222;<em>Je t\u0159eba nov\u00fdch du\u0161i\u010dek do pivn\u00edch hrn\u00ed\u010dk\u016f<\/em>&#8222;. I to zazn\u011blo z \u00fast autor\u016f. Sudi\u010dky pak pop\u0159\u00e1ly knize, aby p\u0159isp\u011bla ke zvednut\u00ed pivn\u00ed kultury a podpo\u0159ila tradici pivovarstv\u00ed u n\u00e1s.<\/p>\n<p><center><a class=\"ltb swipebox\" title=\"Pos\u00edl\u00e1me knihu do sv\u011bta\" href=\"https:\/\/pivni.info\/foto\/galery1458\/pab-posilame-knihu-do-sveta.jpg\" rel=\"lightbox\"><img decoding=\"async\" src=\"https:\/\/pivni.info\/foto\/galery1458\/b_pab-posilame-knihu-do-sveta.jpg\" alt=\"Pos\u00edl\u00e1me knihu do sv\u011bta\" width=\"370\" height=\"277.5\"><br \/>\nPos\u00edl\u00e1me knihu do sv\u011bta<\/a><\/center>Tak\u017ee: &#8222;<strong>Lid\u00e9 \u010dt\u011bte!<\/strong>&#8220; A j\u00e1 k tomu dod\u00e1v\u00e1m: &#8222;<em>Lid\u00e9, bd\u011bte nad pivn\u00ed kulturou.<\/em>&#8220;<\/p>\n<p><a href=\"https:\/\/pivni.info\/udalosti\/2438-pivar-a-blondyna.html\">Zdroj<\/a><\/p>\n","protected":false},"excerpt":{"rendered":"<p>Nehledejte v nadpisu \u017e\u00e1dn\u00fd skryt\u00fd v\u00fdznam. Je to n\u00e1zev knihy autor\u016f Daniely Kov\u00e1\u0159ov\u00e9 a Ladislava Jakla, knihy, kter\u00e1 byla ve \u010dtvrtek 10. prosince slavnostn\u011b pok\u0159t\u011bna. A to dokonce na \u010dty\u0159ech m\u00edstech, m\u00edstech pivn\u011b v\u00fdznamn\u00fdch: Pivn\u00ed mozaika v Karl\u00edn\u011b, origin\u00e1ln\u00ed belgick\u00fd pivn\u00ed bar Kwak na Sm\u00edchov\u011b, kultovn\u00ed Prvn\u00ed pivn\u00ed tramway na Spo\u0159ilov\u011b a Magister Kelley na [&hellip;]<\/p>\n","protected":false},"author":1,"featured_media":0,"comment_status":"open","ping_status":"open","sticky":false,"template":"","format":"standard","meta":{"ngg_post_thumbnail":0,"footnotes":""},"categories":[11,20],"tags":[],"class_list":["post-11622","post","type-post","status-publish","format-standard","hentry","category-ozvena","category-pivo"],"_links":{"self":[{"href":"https:\/\/www.ladislavjakl.cz\/index.php?rest_route=\/wp\/v2\/posts\/11622","targetHints":{"allow":["GET"]}}],"collection":[{"href":"https:\/\/www.ladislavjakl.cz\/index.php?rest_route=\/wp\/v2\/posts"}],"about":[{"href":"https:\/\/www.ladislavjakl.cz\/index.php?rest_route=\/wp\/v2\/types\/post"}],"author":[{"embeddable":true,"href":"https:\/\/www.ladislavjakl.cz\/index.php?rest_route=\/wp\/v2\/users\/1"}],"replies":[{"embeddable":true,"href":"https:\/\/www.ladislavjakl.cz\/index.php?rest_route=%2Fwp%2Fv2%2Fcomments&post=11622"}],"version-history":[{"count":1,"href":"https:\/\/www.ladislavjakl.cz\/index.php?rest_route=\/wp\/v2\/posts\/11622\/revisions"}],"predecessor-version":[{"id":11623,"href":"https:\/\/www.ladislavjakl.cz\/index.php?rest_route=\/wp\/v2\/posts\/11622\/revisions\/11623"}],"wp:attachment":[{"href":"https:\/\/www.ladislavjakl.cz\/index.php?rest_route=%2Fwp%2Fv2%2Fmedia&parent=11622"}],"wp:term":[{"taxonomy":"category","embeddable":true,"href":"https:\/\/www.ladislavjakl.cz\/index.php?rest_route=%2Fwp%2Fv2%2Fcategories&post=11622"},{"taxonomy":"post_tag","embeddable":true,"href":"https:\/\/www.ladislavjakl.cz\/index.php?rest_route=%2Fwp%2Fv2%2Ftags&post=11622"}],"curies":[{"name":"wp","href":"https:\/\/api.w.org\/{rel}","templated":true}]}}