{"id":11624,"date":"2020-12-15T11:22:38","date_gmt":"2020-12-15T10:22:38","guid":{"rendered":"http:\/\/www.ladislavjakl.cz\/?p=11624"},"modified":"2020-12-15T11:22:38","modified_gmt":"2020-12-15T10:22:38","slug":"krest-nove-knihy-pivar-a-blondyna-narazela-se-ctyrikrat","status":"publish","type":"post","link":"https:\/\/www.ladislavjakl.cz\/?p=11624","title":{"rendered":"K\u0159est nov\u00e9 knihy Piva\u0159 a Blond\u00fdna. Nar\u00e1\u017eela se \u010dty\u0159ikr\u00e1t"},"content":{"rendered":"<p>Spole\u010dn\u00e1 kniha pivn\u00edch konfrontac\u00ed Piva\u0159 a Blond\u00fdna, kterou napsali Daniela Kov\u00e1\u0159ov\u00e1 a Ladislav Jakl, byla ve \u010dtvrtek 4x nara\u017eena na 4 m\u00edstech neodmysliteln\u011b spojen\u00fdch s pivem.<\/p>\n<p><!--more--><\/p>\n<p><a title=\"\" href=\"https:\/\/www.vecerni-praha.cz\/wp-content\/uploads\/2020\/12\/pivo-blondyna-6.jpg\" data-rel=\"lightbox-image-0\" data-rl_title=\"\" data-rl_caption=\"\"><img loading=\"lazy\" decoding=\"async\" class=\" wp-image-27136 alignnone\" src=\"https:\/\/www.vecerni-praha.cz\/wp-content\/uploads\/2020\/12\/pivo-blondyna-6-300x169.jpg\" sizes=\"auto, (max-width: 300px) 100vw, 300px\" srcset=\"https:\/\/www.vecerni-praha.cz\/wp-content\/uploads\/2020\/12\/pivo-blondyna-6-300x169.jpg 300w, https:\/\/www.vecerni-praha.cz\/wp-content\/uploads\/2020\/12\/pivo-blondyna-6-768x432.jpg 768w, https:\/\/www.vecerni-praha.cz\/wp-content\/uploads\/2020\/12\/pivo-blondyna-6.jpg 1000w\" alt=\"\" width=\"394\" height=\"222\"><\/a><\/p>\n<p>Prvn\u00ed nar\u00e1\u017een\u00ed prob\u011bhlo v&nbsp;Pivn\u00ed mozaice v&nbsp;Karl\u00edn\u011b, kde knihu uv\u00edtala na sv\u011bt\u011b prvn\u00ed sudi\u010dka \u2013 p\u0159edseda Sdru\u017een\u00ed p\u0159\u00e1tel piva Tom\u00e1\u0161 Erlich. Druh\u00e9 nar\u00e1\u017een\u00ed se konalo v&nbsp;belgick\u00e9m pivn\u00edm multitapu Kwak na Sm\u00edchov\u011b. Tentokr\u00e1t byli sudi\u010dkami Marcela&nbsp;Titzlov\u00e1&nbsp;a Pavel Borowiec (\u010dasopis Pivo, Bier and Ale). Pot\u0159et\u00ed auto\u0159i narazili Piva\u0159e a Blond\u00fdnu v&nbsp;Prvn\u00ed pivn\u00ed tramwayi na Spo\u0159ilov\u011b.<\/p>\n<p><a title=\"\" href=\"https:\/\/www.vecerni-praha.cz\/wp-content\/uploads\/2020\/12\/pivo-blondyna-7.jpg\" data-rel=\"lightbox-image-1\" data-rl_title=\"\" data-rl_caption=\"\"><img loading=\"lazy\" decoding=\"async\" class=\" wp-image-27137 alignnone\" src=\"https:\/\/www.vecerni-praha.cz\/wp-content\/uploads\/2020\/12\/pivo-blondyna-7-300x169.jpg\" sizes=\"auto, (max-width: 300px) 100vw, 300px\" srcset=\"https:\/\/www.vecerni-praha.cz\/wp-content\/uploads\/2020\/12\/pivo-blondyna-7-300x169.jpg 300w, https:\/\/www.vecerni-praha.cz\/wp-content\/uploads\/2020\/12\/pivo-blondyna-7-768x432.jpg 768w, https:\/\/www.vecerni-praha.cz\/wp-content\/uploads\/2020\/12\/pivo-blondyna-7.jpg 1000w\" alt=\"\" width=\"394\" height=\"222\"><\/a><\/p>\n<p>\u201e<em>Pivo nen\u00ed jen chlast, ale i pivn\u00ed kultura a tradice a zaslou\u017e\u00ed si na\u0161i pozornost<\/em>,\u201c \u0159ekl p\u0159i t\u00e9to p\u0159\u00edle\u017eitosti&nbsp;<strong>Jan \u0160ur\u00e1\u0148<\/strong>, prezident \u010ceskomoravsk\u00e9ho svazu minipivovar\u016f, kter\u00fd se spolu s&nbsp;Jirkou Bej\u010dkem Stehl\u00ed\u010dkem, provozovatelem Prvn\u00ed pivn\u00ed tramwaye, ujali odpov\u011bdn\u00e9 role dal\u0161\u00edch sudi\u010dek.<\/p>\n<p>Zb\u011bsil\u00e1 j\u00edzda knihy po Praze skon\u010dila v&nbsp;kultovn\u00edm podniku Magister Kelley na Folimance, kde se z\u00e1v\u011bre\u010dn\u00e9ho nar\u00e1\u017een\u00ed zhostila posledn\u00ed sudi\u010dka \u2013 Monika Linkov\u00e1 (Pivovar Trilobit).<\/p>\n<p>Kniha, kter\u00e1 pr\u00e1v\u011b vy\u0161la v&nbsp;nakladatelstv\u00ed Bondy, skon\u010dila sv\u00e9 p\u0159edstaven\u00ed v&nbsp;posledn\u00ed minut\u011b policejn\u00ed hodiny, p\u0159esn\u011b ve 20,00 hod. Z\u00e1jemci si ji od v\u010derej\u0161ka mohou zakoupit nap\u0159\u00edklad zde:&nbsp;<a href=\"https:\/\/www.knizniklub.cz\/knihy\/521430-pivar-a-blondyna.html\" target=\"_blank\" rel=\"noopener noreferrer\">https:\/\/www.knizniklub.cz\/knihy\/521430-pivar-a-blondyna.html<\/a><\/p>\n<p>Komu je kniha ur\u010dena? \u201e<em>Nejen milovn\u00edk\u016fm piva, ale i opatrn\u00fdm ochutnava\u010d\u016fm a zdr\u017eenliv\u00fdm pusink\u00e1m, kter\u00e9 dosud neobjevily to sv\u00e9,\u201c<\/em>&nbsp;\u0159\u00edk\u00e1 autorka&nbsp;<strong>Daniela Kov\u00e1\u0159ov\u00e1<\/strong>.&nbsp;<em>\u201eJe\u0161t\u011b p\u0159ed rokem jsem se pivu vyh\u00fdbala, zat\u00edmco dnes je to m\u00e1 velk\u00e1 v\u00e1\u0161e\u0148 a radost.<\/em>\u201c<\/p>\n<p>Co v&nbsp;knize najdete?&nbsp;<em>\u201ePopularizuju pivo u\u017e dvacet let,<\/em>\u201c tvrd\u00ed autor&nbsp;<strong>Ladislav Jakl<\/strong>. \u201e<em>Ale teprve p\u0159i psan\u00ed Piva\u0159e a Blond\u00fdny jsem objevil spr\u00e1vn\u00fd kl\u00ed\u010d. Kniha kombinuje rozumnou d\u00e1vku informac\u00ed o v\u00fdrob\u011b piva s&nbsp;pivn\u00edmi zaj\u00edmavostmi, cestami za pivem a&nbsp;nad\u0161en\u00fdm pohledem pivn\u00edho za\u010d\u00e1te\u010dn\u00edka.\u201c<\/em><\/p>\n<p>O pivu si v&nbsp;knize Piva\u0159 a Blond\u00fdna pov\u00eddaj\u00ed advok\u00e1tka, spisovatelka a kdysi tak\u00e9 ministryn\u011b Daniela Kov\u00e1\u0159ov\u00e1 a vypelichan\u00fd rocker, publicista, \u010dlen Rady pro rozhlasov\u00e9 a televizn\u00ed vys\u00edl\u00e1n\u00ed, politick\u00fd analytik a prezident Prvn\u00ed pivn\u00ed extraligy Ladislav Jakl.<\/p>\n<p>Kontakt pro objedn\u00e1vky:&nbsp;<a href=\"https:\/\/www.knihcentrum.cz\/pivar-a-blondyna\" target=\"_blank\" rel=\"noopener noreferrer\">https:\/\/www.knihcentrum.cz\/pivar-a-blondyna<\/a><\/p>\n<p><a href=\"https:\/\/www.vecerni-praha.cz\/krest-nove-knihy-pivar-a-blondyna-narazela-se-ctyrikrat\/\">Zdroj<\/a><\/p>\n","protected":false},"excerpt":{"rendered":"<p>Spole\u010dn\u00e1 kniha pivn\u00edch konfrontac\u00ed Piva\u0159 a Blond\u00fdna, kterou napsali Daniela Kov\u00e1\u0159ov\u00e1 a Ladislav Jakl, byla ve \u010dtvrtek 4x nara\u017eena na 4 m\u00edstech neodmysliteln\u011b spojen\u00fdch s pivem.<\/p>\n","protected":false},"author":1,"featured_media":0,"comment_status":"open","ping_status":"open","sticky":false,"template":"","format":"standard","meta":{"ngg_post_thumbnail":0,"footnotes":""},"categories":[11,20],"tags":[],"class_list":["post-11624","post","type-post","status-publish","format-standard","hentry","category-ozvena","category-pivo"],"_links":{"self":[{"href":"https:\/\/www.ladislavjakl.cz\/index.php?rest_route=\/wp\/v2\/posts\/11624","targetHints":{"allow":["GET"]}}],"collection":[{"href":"https:\/\/www.ladislavjakl.cz\/index.php?rest_route=\/wp\/v2\/posts"}],"about":[{"href":"https:\/\/www.ladislavjakl.cz\/index.php?rest_route=\/wp\/v2\/types\/post"}],"author":[{"embeddable":true,"href":"https:\/\/www.ladislavjakl.cz\/index.php?rest_route=\/wp\/v2\/users\/1"}],"replies":[{"embeddable":true,"href":"https:\/\/www.ladislavjakl.cz\/index.php?rest_route=%2Fwp%2Fv2%2Fcomments&post=11624"}],"version-history":[{"count":1,"href":"https:\/\/www.ladislavjakl.cz\/index.php?rest_route=\/wp\/v2\/posts\/11624\/revisions"}],"predecessor-version":[{"id":11625,"href":"https:\/\/www.ladislavjakl.cz\/index.php?rest_route=\/wp\/v2\/posts\/11624\/revisions\/11625"}],"wp:attachment":[{"href":"https:\/\/www.ladislavjakl.cz\/index.php?rest_route=%2Fwp%2Fv2%2Fmedia&parent=11624"}],"wp:term":[{"taxonomy":"category","embeddable":true,"href":"https:\/\/www.ladislavjakl.cz\/index.php?rest_route=%2Fwp%2Fv2%2Fcategories&post=11624"},{"taxonomy":"post_tag","embeddable":true,"href":"https:\/\/www.ladislavjakl.cz\/index.php?rest_route=%2Fwp%2Fv2%2Ftags&post=11624"}],"curies":[{"name":"wp","href":"https:\/\/api.w.org\/{rel}","templated":true}]}}