{"id":11627,"date":"2020-12-16T13:43:58","date_gmt":"2020-12-16T12:43:58","guid":{"rendered":"http:\/\/www.ladislavjakl.cz\/?p=11627"},"modified":"2020-12-16T13:44:54","modified_gmt":"2020-12-16T12:44:54","slug":"ladislav-jakl-a-lukas-kovanda-o-nejen-ekonomickych-dopadech-epidemie-a-vladnich-restrikci","status":"publish","type":"post","link":"https:\/\/www.ladislavjakl.cz\/?p=11627","title":{"rendered":"Ladislav Jakl a Luk\u00e1\u0161 Kovanda o (nejen) ekonomick\u00fdch dopadech epidemie a vl\u00e1dn\u00edch restrikc\u00ed"},"content":{"rendered":"<p>Problematika spojen\u00e1 s virem COVID-19 je hlavn\u00edm t\u00e9matem debaty tajemn\u00edka prezidenta V\u00e1clava Klause Ladislava Jakla a hlavn\u00edho ekonoma Trinity Bank Luk\u00e1\u0161e Kovandy. V \u010cesk\u00e9 republice byly prvn\u00ed t\u0159i p\u0159\u00edpady n\u00e1kazy nov\u00fdm koronavirem prok\u00e1z\u00e1ny 1. b\u0159ezna 2020.<\/p>\n<p><!--more--><\/p>\n<p>Od t\u00e9 doby do\u0161lo k citeln\u00e9mu z\u00e1sahu do chodu cel\u00e9 na\u0161\u00ed spole\u010dnosti. V\u0161e postupn\u011b p\u0159erostlo do krize prov\u00e1zen\u00e9 uzav\u00edr\u00e1n\u00edm nebo omezov\u00e1n\u00edm v\u00fdrobn\u00edch provoz\u016f, \u0161kol, br\u00e1n\u011bn\u00ed v pohybu obyvatel, stoupaj\u00edc\u00ed nemocnost\u00ed a \u00famrtnost\u00ed. Ekonomick\u00e1 str\u00e1nka krize se projevila na rostouc\u00edm deficitu st\u00e1tn\u00ed rozpo\u010dtu a hlavn\u011b na ekonomick\u00e9 situaci prakticky v\u0161ech obyvatel \u010cR. Etika, na kterou by na\u0161e spole\u010dnost m\u011bla kl\u00e1st velk\u00fd akcent, je prakticky upozad\u011bn\u00e1. Nikdo za nic nechce n\u00e9st zodpov\u011bdnost, politick\u00e1 reprezentace se chov\u00e1 stejn\u011b jako p\u0159ed po\u010d\u00e1tkem krize, tedy tak, aby ztratila co nejm\u00e9n\u011b politick\u00fdch bod\u016f, sp\u00ed\u0161e aby n\u011bjak\u00e9 z\u00edskala.<\/p>\n<p>&nbsp;<\/p>\n<p><iframe loading=\"lazy\" title=\"Ladislav Jakl \/ Luk\u00e1\u0161 Kovanda - Covid vs ekonomika, politika a etika - Debatn\u00ed klub\" width=\"500\" height=\"281\" src=\"https:\/\/www.youtube.com\/embed\/JoVl3Kmzp9E?feature=oembed\" frameborder=\"0\" allow=\"accelerometer; autoplay; clipboard-write; encrypted-media; gyroscope; picture-in-picture; web-share\" referrerpolicy=\"strict-origin-when-cross-origin\" allowfullscreen><\/iframe><\/p>\n","protected":false},"excerpt":{"rendered":"<p>Problematika spojen\u00e1 s virem COVID-19 je hlavn\u00edm t\u00e9matem debaty tajemn\u00edka prezidenta V\u00e1clava Klause Ladislava Jakla a hlavn\u00edho ekonoma Trinity Bank Luk\u00e1\u0161e Kovandy. V \u010cesk\u00e9 republice byly prvn\u00ed t\u0159i p\u0159\u00edpady n\u00e1kazy nov\u00fdm koronavirem prok\u00e1z\u00e1ny 1. b\u0159ezna 2020.<\/p>\n","protected":false},"author":1,"featured_media":0,"comment_status":"open","ping_status":"open","sticky":false,"template":"","format":"standard","meta":{"ngg_post_thumbnail":0,"footnotes":""},"categories":[13,12],"tags":[],"class_list":["post-11627","post","type-post","status-publish","format-standard","hentry","category-rozhovory","category-video"],"_links":{"self":[{"href":"https:\/\/www.ladislavjakl.cz\/index.php?rest_route=\/wp\/v2\/posts\/11627","targetHints":{"allow":["GET"]}}],"collection":[{"href":"https:\/\/www.ladislavjakl.cz\/index.php?rest_route=\/wp\/v2\/posts"}],"about":[{"href":"https:\/\/www.ladislavjakl.cz\/index.php?rest_route=\/wp\/v2\/types\/post"}],"author":[{"embeddable":true,"href":"https:\/\/www.ladislavjakl.cz\/index.php?rest_route=\/wp\/v2\/users\/1"}],"replies":[{"embeddable":true,"href":"https:\/\/www.ladislavjakl.cz\/index.php?rest_route=%2Fwp%2Fv2%2Fcomments&post=11627"}],"version-history":[{"count":1,"href":"https:\/\/www.ladislavjakl.cz\/index.php?rest_route=\/wp\/v2\/posts\/11627\/revisions"}],"predecessor-version":[{"id":11628,"href":"https:\/\/www.ladislavjakl.cz\/index.php?rest_route=\/wp\/v2\/posts\/11627\/revisions\/11628"}],"wp:attachment":[{"href":"https:\/\/www.ladislavjakl.cz\/index.php?rest_route=%2Fwp%2Fv2%2Fmedia&parent=11627"}],"wp:term":[{"taxonomy":"category","embeddable":true,"href":"https:\/\/www.ladislavjakl.cz\/index.php?rest_route=%2Fwp%2Fv2%2Fcategories&post=11627"},{"taxonomy":"post_tag","embeddable":true,"href":"https:\/\/www.ladislavjakl.cz\/index.php?rest_route=%2Fwp%2Fv2%2Ftags&post=11627"}],"curies":[{"name":"wp","href":"https:\/\/api.w.org\/{rel}","templated":true}]}}