{"id":1163,"date":"2011-08-17T14:57:10","date_gmt":"2011-08-17T13:57:10","guid":{"rendered":"http:\/\/www.ladislavjakl.cz\/?p=1163"},"modified":"2011-08-17T14:57:10","modified_gmt":"2011-08-17T13:57:10","slug":"jakl-batora-je-tercem-sprostych-utoku-ma-pravo-se-branit","status":"publish","type":"post","link":"https:\/\/www.ladislavjakl.cz\/?p=1163","title":{"rendered":"Jakl: B\u00e1tora je ter\u010dem sprost\u00fdch \u00fatok\u016f, m\u00e1 pr\u00e1vo se br\u00e1nit"},"content":{"rendered":"<p><span>Praha &#8211; P\u0159edseda  iniciativy D.O.S.T. Ladislav B\u00e1tora je u\u017e p\u016fl roku ter\u010dem sprost\u00fdch  \u00fatok\u016f a m\u011bl by m\u00edt pr\u00e1vo se s\u00e1m br\u00e1nit. Tajemn\u00edk prezidenta Ladislav  Jakl to uvedl ve stru\u010dn\u00e9m koment\u00e1\u0159i ke koali\u010dn\u00edmu sporu kolem  person\u00e1ln\u00edho \u0161\u00e9fa ministerstva \u0161kolstv\u00ed B\u00e1tory, kter\u00fd zve\u0159ejnil na  webov\u00e9 str\u00e1nce prezidenta V\u00e1clava Klause.<\/p>\n<p><\/span><\/p>\n<p><!--more--><\/p>\n<p>&#8222;Pan B\u00e1tora je u\u017e p\u016fl roku ter\u010dem sprost\u00fdch  \u00fatok\u016f, l\u017e\u00ed, ur\u00e1\u017eek, zesm\u011b\u0161\u0148ov\u00e1n\u00ed, pomluv a n\u00e1tlaku. S\u00e1m se ale, zd\u00e1 se,  br\u00e1nit nesm\u00ed,&#8220; uvedl Jakl.<\/p>\n<p>Konzervativn\u00ed iniciativa D.O.S.T.  podporovala Klause v odporu proti lisabonsk\u00e9 smlouv\u011b a Evropsk\u00e9 unii.  B\u00e1tora se s Klausem pravideln\u011b sch\u00e1z\u00ed. Prezident se za n\u011bj postavil v  dob\u011b, kdy n\u011bkte\u0159\u00ed politici a organizace protestovali proti tomu, aby  B\u00e1tora jako n\u011bkdej\u0161\u00ed kandid\u00e1t nacionalistick\u00e9 N\u00e1rodn\u00ed strany z\u00edskal  funkci na ministerstvu \u0161kolstv\u00ed. Klaus tehdy ozna\u010dil kauzu za &#8222;diktaturu  politick\u00e9 korektnosti&#8220; a postavil se za n\u011bkter\u00e9 B\u00e1torovy konzervativn\u00ed  n\u00e1zory. M\u00e9dia spekulovala tak\u00e9 o tom, \u017ee m\u00edsto na ministerstvu vyjednal  B\u00e1torovi Hrad.<\/p>\n<p>TOP 09 dnes kv\u016fli setrv\u00e1n\u00ed B\u00e1tory na ministerstvu \u0161kolstv\u00ed ode\u0161la  z jedn\u00e1n\u00ed vl\u00e1dy. Vysok\u00fd \u00fa\u0159edn\u00edk ministerstva podle n\u00ed ve\u0159ejn\u011b urazil  prvn\u00edho m\u00edstop\u0159edsedu kabinetu a p\u0159edsedu koali\u010dn\u00ed strany Karla  Schwarzenberga, nelze proto tolerovat jeho p\u016fsoben\u00ed ve st\u00e1tn\u00ed spr\u00e1v\u011b.<\/p>\n<p>B\u00e1tora  na sv\u00e9m facebookov\u00e9m profilu minul\u00fd t\u00fdden ozna\u010dil ministra zahrani\u010d\u00ed a  p\u0159edsedu TOP 09 za &#8222;chud\u00e1\u010dka star\u00e9ho&#8220;. &#8222;To se mu to prsk\u00e1, kdy\u017e v\u00ed, \u017ee  ho p\u0159inejmen\u0161\u00edm ze t\u0159\u00ed d\u016fvod\u016f nem\u016f\u017eu vyzvat na souboj,&#8220; citovalo jeho  slova dne\u0161n\u00ed Pr\u00e1vo. Schwarzenberg minul\u00fd t\u00fdden v rozhovoru s  Hospod\u00e1\u0159sk\u00fdmi novinami poznamenal v souvislosti s B\u00e1torov\u00fdm p\u016fsoben\u00edm na  ministerstvu \u0161kolstv\u00ed, \u017ee se tam hod\u00ed &#8222;s odpu\u0161t\u011bn\u00edm jako pazde\u0159\u00ed k  jist\u00e9 \u010d\u00e1sti t\u011bla&#8220;.<\/p>\n<p>Ministr \u0161kolstv\u00ed Josef Dobe\u0161 (VV) nab\u00eddl  Schwarzenbergovi omluvu za slova sv\u00e9ho pod\u0159\u00edzen\u00e9ho, v pozici \u0161\u00e9fa  person\u00e1ln\u00edho odboru ministerstva ho ale ponechal. TOP 09 po\u017eadovala, aby  ministr \u0161kolstv\u00ed B\u00e1toru odvolal z funkce, nebo s\u00e1m ode\u0161el z vl\u00e1dy.  Premi\u00e9r Petr Ne\u010das (ODS) tak\u00e9 B\u00e1toru zkritizoval, \u017e\u00e1dal jasnou Dobe\u0161ovu  omluvu.<\/p>\n<p><a href=\"http:\/\/www.ceskenoviny.cz\/domov\/zpravy\/jakl-batora-je-tercem-sprostych-utoku-ma-pravo-se-branit\/675960\" target=\"_blank\">Zdroj<\/a><\/p>\n","protected":false},"excerpt":{"rendered":"<p>Praha &#8211; P\u0159edseda iniciativy D.O.S.T. Ladislav B\u00e1tora je u\u017e p\u016fl roku ter\u010dem sprost\u00fdch \u00fatok\u016f a m\u011bl by m\u00edt pr\u00e1vo se s\u00e1m br\u00e1nit. Tajemn\u00edk prezidenta Ladislav Jakl to uvedl ve stru\u010dn\u00e9m koment\u00e1\u0159i ke koali\u010dn\u00edmu sporu kolem person\u00e1ln\u00edho \u0161\u00e9fa ministerstva \u0161kolstv\u00ed B\u00e1tory, kter\u00fd zve\u0159ejnil na webov\u00e9 str\u00e1nce prezidenta V\u00e1clava Klause.<\/p>\n","protected":false},"author":1,"featured_media":0,"comment_status":"open","ping_status":"open","sticky":false,"template":"","format":"standard","meta":{"ngg_post_thumbnail":0,"footnotes":""},"categories":[11],"tags":[],"class_list":["post-1163","post","type-post","status-publish","format-standard","hentry","category-ozvena"],"_links":{"self":[{"href":"https:\/\/www.ladislavjakl.cz\/index.php?rest_route=\/wp\/v2\/posts\/1163","targetHints":{"allow":["GET"]}}],"collection":[{"href":"https:\/\/www.ladislavjakl.cz\/index.php?rest_route=\/wp\/v2\/posts"}],"about":[{"href":"https:\/\/www.ladislavjakl.cz\/index.php?rest_route=\/wp\/v2\/types\/post"}],"author":[{"embeddable":true,"href":"https:\/\/www.ladislavjakl.cz\/index.php?rest_route=\/wp\/v2\/users\/1"}],"replies":[{"embeddable":true,"href":"https:\/\/www.ladislavjakl.cz\/index.php?rest_route=%2Fwp%2Fv2%2Fcomments&post=1163"}],"version-history":[{"count":1,"href":"https:\/\/www.ladislavjakl.cz\/index.php?rest_route=\/wp\/v2\/posts\/1163\/revisions"}],"predecessor-version":[{"id":1164,"href":"https:\/\/www.ladislavjakl.cz\/index.php?rest_route=\/wp\/v2\/posts\/1163\/revisions\/1164"}],"wp:attachment":[{"href":"https:\/\/www.ladislavjakl.cz\/index.php?rest_route=%2Fwp%2Fv2%2Fmedia&parent=1163"}],"wp:term":[{"taxonomy":"category","embeddable":true,"href":"https:\/\/www.ladislavjakl.cz\/index.php?rest_route=%2Fwp%2Fv2%2Fcategories&post=1163"},{"taxonomy":"post_tag","embeddable":true,"href":"https:\/\/www.ladislavjakl.cz\/index.php?rest_route=%2Fwp%2Fv2%2Ftags&post=1163"}],"curies":[{"name":"wp","href":"https:\/\/api.w.org\/{rel}","templated":true}]}}