{"id":11640,"date":"2020-12-21T10:53:48","date_gmt":"2020-12-21T09:53:48","guid":{"rendered":"http:\/\/www.ladislavjakl.cz\/?p=11640"},"modified":"2020-12-21T10:53:48","modified_gmt":"2020-12-21T09:53:48","slug":"5-let-vakcin-7-milionu-cechu-az-pak-navrat-k-normalu-jakl-pochybuje-to-nepujde","status":"publish","type":"post","link":"https:\/\/www.ladislavjakl.cz\/?p=11640","title":{"rendered":"5 let vakc\u00edn, 7 milion\u016f \u010cech\u016f. A\u017e pak n\u00e1vrat k norm\u00e1lu? Jakl pochybuje. To nep\u016fjde&#8230;"},"content":{"rendered":"<p>\u017dijeme ve sv\u011bt\u011b zprost\u0159edkovan\u00e9 zku\u0161enosti? Skrze sklo medi\u00e1ln\u00edho sv\u011bta a soci\u00e1ln\u00edch s\u00edt\u00ed? Um\u011bl\u00e9 udr\u017eov\u00e1n\u00ed pracovn\u00edch m\u00edst, naru\u0161en\u00ed ekonomiky, \u00fa\u010dinnost o\u010dkovac\u00ed vakc\u00edny i vliv m\u00e9di\u00ed a m\u00edru manipulace v koronavirov\u00e9 dob\u011b. To v\u0161e prob\u00edral v po\u0159adu Debatn\u00ed klub na serveru YouTube muzikant, spisovatel a \u010dlen Rady pro rozhlasov\u00e9 a televizn\u00ed vys\u00edl\u00e1n\u00ed Ladislav Jakl s ekonomem a spisovatelem Luk\u00e1\u0161em Kovandou.<\/p>\n<p><!--more--><\/p>\n<p>Luk\u00e1\u0161 Kovanda douf\u00e1, \u017ee pot\u00e9, co bude \u00fa\u010dinnou vakc\u00ednou proo\u010dkov\u00e1no v \u010cesk\u00e9 republice dostate\u010dn\u00e9 procento populace \u2013 zhruba sedm milion\u016f lid\u00ed \u2013, tak se ekonomika za\u010dne vracet do norm\u00e1ln\u00edch kolej\u00ed. A ruku v ruce s t\u00edm souvis\u00ed i spole\u010densk\u00e1 n\u00e1lada. \u201eLid\u00e9 p\u0159estanou poci\u0165ovat ur\u010ditou t\u00edse\u0148, kterou nyn\u00ed vn\u00edmaj\u00ed, a za\u010dnou se chovat b\u011b\u017en\u011bj\u0161\u00edm zp\u016fsobem, alespo\u0148 jako p\u0159ed pandemi\u00ed. Nev\u00edm, jak\u00e9 budou dlouhodob\u00e9 konsekvence, proto\u017ee jsem m\u011bl doned\u00e1vna pocit, \u017ee situaci p\u0159ejdeme a za dva t\u0159i roky si na koronavirus nikdo nevzpomene. Nyn\u00ed si nejsem tak jist\u00fd,\u201c \u0159ekl ekonom.<\/p>\n<section class=\"section-brown section-inarticle poll\">\n<div class=\"well well-rounded\">\n<div>Ladislav Jakl na to reagoval s t\u00edm, \u017ee \u017eijeme ve sv\u011bt\u011b zprost\u0159edkovan\u00e9 zku\u0161enosti, kterou n\u00e1m n\u011bkdo p\u0159ed\u00e1v\u00e1 v proporc\u00edch, jak\u00e9 s\u00e1m uzn\u00e1 za vhodn\u00e9. Tedy skrze sklo zprost\u0159edkovan\u00e9 medi\u00e1ln\u00edm sv\u011btem a soci\u00e1ln\u00edmi s\u00edt\u011bmi. Podle n\u011bj nyn\u00ed nejsme schopn\u00ed pom\u011b\u0159ovat z\u00e1va\u017enost spole\u010densk\u00fdch, ekonomick\u00fdch a jin\u00fdch dopad\u016f na \u017eivot lid\u00ed. \u201eNemysl\u00edm, \u017ee epizoda s touto nemoc\u00ed bude s odstupem tak marginalizovan\u00e1 jako \u0161pan\u011blsk\u00e1 ch\u0159ipka, kter\u00e1 byla pro\u017e\u00edvan\u00e1 re\u00e1ln\u011b nejen poz\u016fstal\u00fdmi a bl\u00edzk\u00fdmi, ale tak\u00e9 lidmi, kter\u00fdch se to net\u00fdk\u00e1. Ur\u010dit\u011b zn\u00e1te efekt, kdy p\u0159ijedete na venkov a zept\u00e1te se, co pova\u017euj\u00ed za nejv\u011bt\u0161\u00ed probl\u00e9m doby. Bude to kriminalita a zlo\u010dinnost,\u201c uvedl Jakl. A jedn\u00edm dechem dodal, \u017ee na ot\u00e1zku, kdy se jim samotn\u00fdm n\u011bjak\u00fd zlo\u010din stal, \u0159eknou, \u017ee jim n\u011bkdo ukradl kolo. Ale proto\u017ee ka\u017ed\u00fd den koukaj\u00ed na televizi, maj\u00ed i vn\u00edm\u00e1n\u00ed jinak propor\u010dn\u011b nastaven\u00e9, ne\u017e kdyby se \u0159\u00eddili pouze vlastn\u00ed zku\u0161enost\u00ed.<\/div>\n<\/div>\n<\/section>\n<h4>Jakl: Jak\u00fdkoliv podobn\u00fd virus jsme nevym\u00fdtili nikdy v d\u011bjin\u00e1ch lidstva<\/h4>\n<p>Optimismus Luk\u00e1\u0161e Kovandy pr\u00fd Jakl nesd\u00edl\u00ed ani z jednoho procenta: \u201eMysl\u00edm, \u017ee vakcina\u010dn\u00ed akce bude trvat tak p\u011bt let, ne\u017e ji vyst\u0159\u00edd\u00e1 dal\u0161\u00ed vakcina\u010dn\u00ed akce, kter\u00e1 bude m\u00edt jinou z\u00e1minku, jinou iniciaci, jin\u00fd impulz. Pro\u010d si to mysl\u00edm? My jsme dennodenn\u011b z\u00e1sobov\u00e1ni \u010d\u00edsly pozitivn\u011b testovan\u00fdch a m\u00e1me pocit, \u017ee i s t\u00edm m\u00e1me bojovat. Po\u010det naka\u017een\u00fdch je irelevantn\u00ed hodnota, kter\u00e1 se v\u011bt\u0161iny lid\u00ed v\u016fbec net\u00fdk\u00e1. Co se jich z\u00e1sadn\u011b t\u00fdk\u00e1, jsou nemocn\u00ed lid\u00e9, kter\u00fdch je o dva \u0159\u00e1dy m\u00e9n\u011b. T\u011bch z\u00e1va\u017en\u011bji nemocn\u00fdch je\u0161t\u011b o dal\u0161\u00ed \u0159\u00e1d m\u00e9n\u011b,\u201c \u0159ekl Ladislav Jakl. Podle jeho slov lze po\u010d\u00edtat s t\u00edm, \u017ee tento koronavirus SARS-CoV-2 v sob\u011b podle seri\u00f3zn\u00edch odhad\u016f nos\u00ed mo\u017en\u00e1 na 40 procent populace, a je t\u00e9m\u011b\u0159 irelevantn\u00ed, kolik z nich pozitivn\u011b otestuj\u00ed. Podotkl, \u017ee famili\u00e1rn\u011b se \u0159\u00edk\u00e1 korona a mysl\u00ed se t\u00edm tato vlna, ale koronavirus je fenom\u00e9n, kter\u00fd za\u017eilo na 80 procent lid\u00ed.<\/p>\n<p>\u201eJestli\u017ee smyslem vakc\u00edny je tuto nemoc vym\u00fdtit, tak nebude \u00fa\u010dinn\u00e1 nikdy. Jak\u00fdkoliv podobn\u00fd virus jsme nevym\u00fdtili nikdy v d\u011bjin\u00e1ch lidstva. Z\u016fstane tady s n\u00e1mi, dokud se nepos\u00edl\u00ed imunita \u010dlov\u011bka, aby se sn\u00ed\u017eila z\u00e1va\u017enost chorob z d\u0159\u00edv\u011bj\u0161ka, kdy byla smrt\u00edc\u00ed ve velk\u00e9m po\u010dtu. To je jedna z cest, jakou se utlum\u00ed negativn\u00ed dopad t\u00e9to konkr\u00e9tn\u00ed n\u00e1kazy. Druh\u00e1 v\u011bc je \u0159ada mutac\u00ed, proto\u017ee koronavirus nen\u00ed blbec, ze \u017eiv\u00fdch lid\u00ed \u017eije a z mrtv\u00fdch ne\u017eije. \u00dakol ka\u017ed\u00e9ho mikroba je nau\u010dit se \u017e\u00edt se sv\u00fdm hostitelem a takov\u00e9 p\u0159\u00edklady existuj\u00ed v na\u0161\u00ed mikrofl\u00f3\u0159e, kde bydl\u00ed spousta mikroorganism\u016f, kter\u00e9 jsou schopn\u00e9 zab\u00edjet, dokonce ve velk\u00e9m po\u010dtu,\u201c vysv\u011btloval Jakl sv\u016fj pohled.<\/p>\n<div id=\"carodaOutstream149804Container\" class=\"carodaContainer\">\n<div id=\"carodaTeadsContainer802407595\" class=\"carodaOutstream fs-caroda-container-273316 fs-caroda-container-800912\">\n<div class=\"teads-inread\">\n<div>\n<div class=\"teads-ui-components-label\">Z\u00e1rove\u0148 dodal, \u017ee u \u017e\u00e1dn\u00e9 vakc\u00edny dosud nelze \u0159\u00edci, na jak dlouhou dobu funguje. Zda na t\u00fddny, m\u011bs\u00edce, roky, nebo do\u017eivotn\u011b. I proto mu p\u0159edstava, \u017ee nao\u010dkov\u00e1n\u00edm sedmi milion\u016f lid\u00ed zam\u00e1v\u00e1me koronaviru na rozlou\u010denou, p\u0159ijde nere\u00e1ln\u00e1. \u201eNem\u00e1me \u0161anci dnes v\u011bd\u011bt, kolikr\u00e1t budeme muset vyv\u00edjet dal\u0161\u00ed f\u00e1zi vakc\u00edny s del\u0161\u00ed \u00fa\u010dinnost\u00ed. My to opravdu nev\u00edme, proto si mysl\u00edm, \u017ee budeme vakcinovat roky, ne\u017e dos\u00e1hneme p\u0159\u00edm\u011b\u0159\u00ed. Koronavirus nezlikvidujeme nikdy a snaha ho restrikcemi a vakc\u00ednami odstranit je naivn\u00ed a nese s sebou gigantick\u00e9 n\u00e1klady,\u201c podotkl Jakl.<\/div>\n<\/div>\n<\/div>\n<\/div>\n<\/div>\n<h4>Na um\u011bl\u00e9 udr\u017eov\u00e1n\u00ed pracovn\u00edch sil lid\u00e9 doplat\u00ed<\/h4>\n<section class=\"section-brown section-inarticle poll\">\n<div class=\"well well-rounded\">\n<div class=\"row\">\n<div class=\"col-md-9\">&nbsp;<\/div>\n<\/div>\n<div>V debat\u011b d\u00e1le \u0159ekl, \u017ee v jist\u00e9m smyslu existuje dlouhodob\u00e1 ztr\u00e1ta dechu ekonomiky cel\u00e9ho sv\u011bta, z toho nejv\u00edce Evropy a z Evropy nejv\u00edce Evropsk\u00e9 unie. \u010c\u00edsla pr\u00fd klesaj\u00ed od \u0161edes\u00e1t\u00fdch let a klesala i ekonomika n\u011bmeck\u00e1, do \u010deho\u017e nav\u00edc vstoupila sou\u010dasn\u00e1 krize. Jakl tvrd\u00ed, \u017ee ekonomika m\u00e1 k poklesu mnoho d\u016fvod\u016f, ale t\u00edm nejv\u011bt\u0161\u00edm jsou regulace v\u0161emo\u017en\u00e9ho typu \u2013 od souboru obrovsk\u00fdch regulac\u00ed, kter\u00e9 vy\u0159adily ze sv\u011btov\u00e9 konkurence cel\u00fd chemick\u00fd pr\u016fmysl evropsk\u00fdch zem\u00ed, a\u017e po zelen\u00e9 regulace. P\u0159\u00e1tel\u00e9 regulac\u00ed a soci\u00e1ln\u00ed in\u017een\u00fd\u0159i m\u011bli podle Jakla \u0159\u00edci: te\u010f m\u00e1me jin\u00e9 starosti, pot\u0159ebujeme p\u0159e\u017e\u00edt dopady aktu\u00e1ln\u00edch restrikc\u00ed. Jen\u017ee uta\u017een\u00e9 \u0161rouby, Green deal a podobn\u00e9 kroky zadr\u00e1tovaly ekonomiku je\u0161t\u011b v\u00edce, co\u017e vid\u00ed Jakl jako dal\u0161\u00ed efekt, kter\u00fd mu br\u00e1n\u00ed v optimismu do budoucna.<\/div>\n<\/div>\n<\/section>\n<p>Krom\u011b toho kritizoval, \u017ee vl\u00e1da znemo\u017enila lidem podnikat a sna\u017e\u00ed se to kompenzovat pen\u011bzi, kter\u00e9 um\u011ble udr\u017euj\u00ed velk\u00e9 mno\u017estv\u00ed pracovn\u00edch sil. Nakonec na to v\u0161ak doplat\u00ed, proto\u017ee p\u0159ijdou o kupn\u00ed s\u00edlu, kter\u00e1 by poskytla pot\u0159ebnou popt\u00e1vku. Jako je\u0161t\u011b hor\u0161\u00ed variantu ozna\u010dil pokra\u010dov\u00e1n\u00ed restrikc\u00ed, kter\u00e9 nedaj\u00ed ekonomice mo\u017enost pl\u00e1nov\u00e1n\u00ed a rozumn\u00e9 investi\u010dn\u00ed p\u0159edpoklady. Zm\u00ednil rovn\u011b\u017e, \u017ee na regulac\u00edch n\u011bkdo obrovsky vyd\u011blal, ale krize nakonec dopadne i na n\u011b, proto\u017ee jsou z\u00e1visl\u00ed na z\u00e1kazn\u00edc\u00edch. \u201eVid\u00edm to \u0161patn\u011b a vakc\u00edna pro m\u011b nen\u00ed velk\u00e9 t\u011b\u0161\u00edtko,\u201c uzav\u0159el Jakl.<\/p>\n<h4>Kovanda: Vliv m\u00e9di\u00ed a soci\u00e1ln\u00edch s\u00edt\u00ed otev\u00edr\u00e1 prostor pro manipulaci<\/h4>\n<p>Luk\u00e1\u0161 Kovanda nav\u00e1zal vlivem m\u00e9di\u00ed a soci\u00e1ln\u00edch s\u00edt\u00ed, kter\u00fd je s dobou p\u0159ed sto lety neporovnateln\u00fd, z \u010deho\u017e m\u016f\u017ee pramenit medi\u00e1ln\u00ed otisk do budoucna siln\u011bj\u0161\u00ed ne\u017e medi\u00e1ln\u00ed ozv\u011bna \u0161pan\u011blsk\u00e9 ch\u0159ipky p\u0159ed sto lety. A to i p\u0159esto, \u017ee z hlediska po\u010dtu zem\u0159el\u00fdch v\u016f\u010di mno\u017estv\u00ed obyvatel planety byla mnohem hor\u0161\u00ed. Podle ekonoma nav\u00edc vede prezentace situace k tomu, \u017ee se otev\u00edr\u00e1 prostor pro manipulaci: \u201eTo, \u017ee ne\u017eijeme zku\u0161enost\u00ed p\u0159\u00edmou, ale zprost\u0159edkovanou v m\u00ed\u0159e, kter\u00e1 v historii d\u0159\u00edve neexistovala, otev\u00edr\u00e1 velk\u00e9 pole pro manipulaci.\u201c Do toho vstoupil Ladislav Jakl s p\u0159ipom\u00ednkou, \u017ee manipulace existuje u\u017e od dob \u0161aman\u016f, ale jej\u00ed medi\u00e1ln\u00ed zes\u00edlen\u00ed p\u016fsob\u00ed i na kvalitu \u017eivota, n\u00e1ladu lid\u00ed, na \u017eivotn\u00ed pohodu a na jejich rozhodov\u00e1n\u00ed, co\u017e m\u00e1 rovn\u011b\u017e ekonomick\u00e9 dopady. Ovliv\u0148uje to jejich spot\u0159ebitelsk\u00e9 zvyky, zda n\u011bkam chod\u00ed, nechod\u00ed, nakupuj\u00ed, nenakupuj\u00ed.<\/p>\n<p>\u201eDruh\u00fd efekt, kter\u00fd soused\u00ed s politikou, je, \u017ee mezi lidmi, kte\u0159\u00ed se d\u00edvaj\u00ed na z\u00e1le\u017eitosti zv\u011bt\u0161ovac\u00edm medi\u00e1ln\u00edm sklem a sklem soci\u00e1ln\u00edch s\u00edt\u00ed, vznikaj\u00ed n\u00e1lady, z nich\u017e plyne popt\u00e1vka po politick\u00fdch kroc\u00edch, \u010dili lid\u00e9 si objedn\u00e1vaj\u00ed kroky, kter\u00e9 jim budou \u0161kodit. Je to, jako by sv\u011bdek nehody s d\u00edt\u011btem cht\u011bl zak\u00e1zat automobily,\u201c srovn\u00e1val Jakl. Na upozorn\u011bn\u00ed, jak\u00fd dopad by m\u011bl z\u00e1kaz aut, sv\u011bdek uk\u00e1\u017ee fotku mrtv\u00e9ho d\u00edt\u011bte a zept\u00e1 se: vy chcete dal\u0161\u00ed takov\u00e9 d\u011bti? \u201eV takov\u00e9m sv\u011bt\u011b \u017eijeme, proto je dnes nesnadn\u00e9 rozumn\u00fdmi argumenty zchladit atmosf\u00e9ru, proto\u017ee jsou tu p\u0159\u00edtomny emoce v m\u00ed\u0159e v\u011bt\u0161\u00ed ne\u017e u jin\u00e9ho t\u00e9matu,\u201c domn\u00edv\u00e1 se Jakl.<\/p>\n<h4>Stav po krizi, co se t\u00fdk\u00e1 restrikc\u00ed a regulac\u00ed, se prakticky nikdy nevrac\u00ed na \u00farove\u0148 p\u0159ed kriz\u00ed<\/h4>\n<p>A na to zase nav\u00e1zal Luk\u00e1\u0161 Kovanda: \u201eT\u00edm, \u017ee je v\u0161e o dva \u0159\u00e1dy umocn\u011bno m\u00e9dii, je pochopiteln\u011b siln\u011bj\u0161\u00ed popt\u00e1vka ve\u0159ejnosti, aby politik s tou hr\u016fzou n\u011bco d\u011blal. St\u00e1le v\u011b\u0159\u00edm, \u017ee se \u010d\u00e1st novin\u00e1\u0159\u016f sna\u017e\u00ed o objektivn\u00ed zachycen\u00ed pravdy, ale negativn\u00ed zpr\u00e1vy jsou klikan\u011bj\u0161\u00ed, co\u017e souvis\u00ed s p\u0159irozen\u00fdm j\u00e1, proto\u017ee pozitivn\u00ed zpr\u00e1va n\u00e1s nem\u016f\u017ee zab\u00edt,\u201c popsal. Prohl\u00e1\u0161en\u00ed o mraz\u00e1c\u00edch s mrtvolami na ulic\u00edch \u010dten\u00e1\u0159e vyd\u011bs\u00ed, m\u00e9dia dos\u00e1hnou vysok\u00e9 \u010dtenosti, ve\u0159ejnost je vystra\u0161en\u011bj\u0161\u00ed, vznik\u00e1 politick\u00e1 popt\u00e1vka a politici se sna\u017e\u00ed zavd\u011b\u010dit. Nouzov\u00fd stav jim umo\u017e\u0148uje snaz\u0161\u00ed rozhodov\u00e1n\u00ed, proto\u017ee mohou prosadit v\u011bci, kter\u00e9 nemohou prosadit jinak, a je\u0161t\u011b vypadaj\u00ed jako zachr\u00e1nci. \u201eA nezapome\u0148me na prok\u00e1zan\u00fd efekt z\u00e1padky, kdy se stav po krizi, co se t\u00fdk\u00e1 restrikc\u00ed a regulac\u00ed, prakticky nikdy nevrac\u00ed na \u00farove\u0148 p\u0159ed kriz\u00ed. Nakonec vznik\u00e1 situace, kdy m\u00e9dia dos\u00e1hla c\u00edle, politici tak\u00e9, maj\u00ed vystra\u0161enou ve\u0159ejnost, kter\u00e9 lze sn\u00e1ze naordinovat regulace, restrikce, a lobbistick\u00e9 kruhy mohou ze situace profitovat,\u201c dodal ekonom.<\/p>\n<section class=\"section-brown section-inarticle poll\">\n<div class=\"well well-rounded\">\n<div>S\u00e1m se ob\u00e1v\u00e1 i zvy\u0161ov\u00e1n\u00ed bari\u00e9r dotov\u00e1n\u00edm ekonomiky, kter\u00e1 je zat\u00ed\u017een\u00e1 regulacemi, nedostatkem konkurence, levn\u00fdmi \u00fav\u011bry a pen\u011bzi, co\u017e z dlouhodob\u00e9ho hlediska vede ke zhoub\u011b, proto\u017ee nen\u00ed vytv\u00e1\u0159en objem hodnot, kter\u00e9 by to ospravedlnily. Zachra\u0148ov\u00e1n\u00ed pracovn\u00edch m\u00edst podle Kovandy dlouhodob\u011b nefunguje. Firmy toti\u017e nekrachuj\u00ed, tak\u017ee neuvol\u0148uj\u00ed m\u00edsto n\u00e1stupc\u016fm, \u010d\u00edm\u017e se zadrhl proces kreativn\u00ed destrukce, tvo\u0159iv\u00e9ho ni\u010den\u00ed, kter\u00e9 je motorem civiliza\u010dn\u00edho vzestupu. A to je pr\u00fd element\u00e1rn\u00edm d\u016fvodem ur\u010dit\u00e9ho \u00fapadku sou\u010dasn\u00e9ho ekonomick\u00e9ho syst\u00e9mu. Tedy kapitalismus nahrazujeme socialismem, p\u0159estane fungovat trh, a t\u00edm i rozhodov\u00e1n\u00ed lid\u00ed prost\u0159ednictv\u00edm pen\u011bz, co m\u00e1 p\u0159e\u017e\u00edt a co zkrachovat. Podle Kovandy nen\u00ed spr\u00e1vn\u00e9 nechat ur\u010dovat st\u00e1t, kdo p\u0159e\u017eije a kdo zkrachuje.<\/div>\n<\/div>\n<\/section>\n<h4>Co se zd\u011bd\u011bn\u00fdm dluhem?<\/h4>\n<p>Debata se dotkla i toho, jak postupovat se zd\u011bd\u011bn\u00fdm dluhem, zm\u00edn\u011bnou z\u00e1padkou i n\u00e1vykem na z\u00e1chrann\u00e1 opat\u0159en\u00ed. Kovanda prohl\u00e1sil, \u017ee to vrac\u00ed diskusi k vakc\u00edn\u011b. Jej\u00edm v\u00fdznamem podle n\u011bj je tak\u00e9 zajistit, aby nehrozilo p\u0159et\u00ed\u017een\u00ed zdravotnick\u00fdch za\u0159\u00edzen\u00ed, co\u017e povede k \u00falev\u011b lid\u00ed v jejich ekonomick\u00e9m chov\u00e1n\u00ed.<\/p>\n<p>Ladislav Jakl je\u0161t\u011b zauva\u017eoval, \u017ee mu nap\u0159\u00edklad v opa\u0159en\u00edch a protiepidemick\u00e9m syst\u00e9mu PES chyb\u00ed smysl a c\u00edl, a polo\u017eil ot\u00e1zku, jak\u00e1 je p\u0159ijateln\u00e1 m\u00edra \u00famrtnosti. Mimo jin\u00e9 mu nehraje ani souvislost mezi restrikcemi, uvoln\u011bn\u00edm a \u010d\u00edsly, kdy\u017e \u0161kol\u00e1ci nastoupili do \u0161koly. Pozitivn\u011b naka\u017een\u00fdch nep\u0159ibylo tak, jak se p\u0159edpokl\u00e1dalo. Zapochyboval tak\u00e9, zda vysok\u00e1 \u010d\u00edsla v listopadu zp\u016fsobilo uvoln\u011bn\u00ed, kdy\u017e p\u0159edchoz\u00ed bylo dlouhou dobu p\u0159edt\u00edm, a to n\u00e1sleduj\u00edc\u00ed se nesta\u010dilo projevit.<\/p>\n<p>Kovanda na to reagoval upozorn\u011bn\u00edm, \u017ee se situace stav\u00ed do pozice pen\u00edze versus zdrav\u00ed, na co\u017e podle n\u011bj neexistuje spr\u00e1vn\u00fd n\u00e1zor, stejn\u011b jako na vkus v hudb\u011b. Jde o to, kdo, co a do jak\u00e9 m\u00edry up\u0159ednost\u0148uje. St\u00e1le v\u0161ak podle n\u011bj nejsme v situaci, kdy m\u00e1me d\u00e1t p\u0159ednost ekonomice: \u201eSt\u00e1le existuj\u00ed zdravotn\u00ed rizika a opat\u0159en\u00ed, kter\u00e1 z ekonomick\u00e9ho pohledu ch\u00e1pu jako zni\u010duj\u00edc\u00ed, maj\u00ed sv\u016fj smysl. Nejsou to jen n\u00e1pady vl\u00e1dy, kter\u00e1 chce restrikcemi prokazovat svoji moc,\u201c uvedl. Jakl dodal, \u017ee by nerad stav\u011bl dilema pen\u00edze proti zdrav\u00ed, a Kovanda sd\u011blil, \u017ee by na t\u00e9to \u0161k\u00e1le r\u00e1d na\u0161el optim\u00e1ln\u00ed cestu.<\/p>\n<p><iframe loading=\"lazy\" src=\"https:\/\/www.youtube.com\/embed\/JoVl3Kmzp9E\" width=\"560\" height=\"315\" frameborder=\"0\" allowfullscreen=\"allowfullscreen\" data-mce-fragment=\"1\"><\/iframe><br \/>\n<a href=\"https:\/\/www.parlamentnilisty.cz\/arena\/rozhovory\/5-let-vakcin-7-milionu-Cechu-Az-pak-navrat-k-normalu-Jakl-pochybuje-To-nepujde-647549\">Zdroj<\/a><\/p>\n","protected":false},"excerpt":{"rendered":"<p>\u017dijeme ve sv\u011bt\u011b zprost\u0159edkovan\u00e9 zku\u0161enosti? Skrze sklo medi\u00e1ln\u00edho sv\u011bta a soci\u00e1ln\u00edch s\u00edt\u00ed? Um\u011bl\u00e9 udr\u017eov\u00e1n\u00ed pracovn\u00edch m\u00edst, naru\u0161en\u00ed ekonomiky, \u00fa\u010dinnost o\u010dkovac\u00ed vakc\u00edny i vliv m\u00e9di\u00ed a m\u00edru manipulace v koronavirov\u00e9 dob\u011b. To v\u0161e prob\u00edral v po\u0159adu Debatn\u00ed klub na serveru YouTube muzikant, spisovatel a \u010dlen Rady pro rozhlasov\u00e9 a televizn\u00ed vys\u00edl\u00e1n\u00ed Ladislav Jakl s ekonomem a [&hellip;]<\/p>\n","protected":false},"author":1,"featured_media":0,"comment_status":"open","ping_status":"open","sticky":false,"template":"","format":"standard","meta":{"ngg_post_thumbnail":0,"footnotes":""},"categories":[11],"tags":[],"class_list":["post-11640","post","type-post","status-publish","format-standard","hentry","category-ozvena"],"_links":{"self":[{"href":"https:\/\/www.ladislavjakl.cz\/index.php?rest_route=\/wp\/v2\/posts\/11640","targetHints":{"allow":["GET"]}}],"collection":[{"href":"https:\/\/www.ladislavjakl.cz\/index.php?rest_route=\/wp\/v2\/posts"}],"about":[{"href":"https:\/\/www.ladislavjakl.cz\/index.php?rest_route=\/wp\/v2\/types\/post"}],"author":[{"embeddable":true,"href":"https:\/\/www.ladislavjakl.cz\/index.php?rest_route=\/wp\/v2\/users\/1"}],"replies":[{"embeddable":true,"href":"https:\/\/www.ladislavjakl.cz\/index.php?rest_route=%2Fwp%2Fv2%2Fcomments&post=11640"}],"version-history":[{"count":1,"href":"https:\/\/www.ladislavjakl.cz\/index.php?rest_route=\/wp\/v2\/posts\/11640\/revisions"}],"predecessor-version":[{"id":11641,"href":"https:\/\/www.ladislavjakl.cz\/index.php?rest_route=\/wp\/v2\/posts\/11640\/revisions\/11641"}],"wp:attachment":[{"href":"https:\/\/www.ladislavjakl.cz\/index.php?rest_route=%2Fwp%2Fv2%2Fmedia&parent=11640"}],"wp:term":[{"taxonomy":"category","embeddable":true,"href":"https:\/\/www.ladislavjakl.cz\/index.php?rest_route=%2Fwp%2Fv2%2Fcategories&post=11640"},{"taxonomy":"post_tag","embeddable":true,"href":"https:\/\/www.ladislavjakl.cz\/index.php?rest_route=%2Fwp%2Fv2%2Ftags&post=11640"}],"curies":[{"name":"wp","href":"https:\/\/api.w.org\/{rel}","templated":true}]}}