{"id":11667,"date":"2021-01-08T11:40:47","date_gmt":"2021-01-08T10:40:47","guid":{"rendered":"http:\/\/www.ladislavjakl.cz\/?p=11667"},"modified":"2021-01-08T11:40:47","modified_gmt":"2021-01-08T10:40:47","slug":"koronavirus-nadesla-doba-ockovaci","status":"publish","type":"post","link":"https:\/\/www.ladislavjakl.cz\/?p=11667","title":{"rendered":"KORONAVIRUS: Nade\u0161la doba o\u010dkovac\u00ed"},"content":{"rendered":"<p>V t\u011bchto chv\u00edl\u00edch je do sval\u016f vst\u0159ikov\u00e1na o\u010dkovac\u00ed d\u00e1vka proti viru SARS-CoV-2 prvn\u00edm obyvatel\u016fm \u010cesk\u00e9 republiky. Za\u010dala tak nov\u00e1 \u00e9ra. \u00c9ra, kter\u00e1 hned tak neskon\u010d\u00ed.<\/p>\n<p><!--more--><\/p>\n<p>Po dob\u011b kamenn\u011b, bronzov\u00e9, \u017eelezn\u00e9, po \u00e9\u0159e p\u00e1ry, elekt\u0159iny, \u00e9\u0159e boje s podneb\u00edm, po operaci s multikulturn\u00edm obohacen\u00edm \u010di po leto\u0161n\u00ed dob\u011b rou\u0161kov\u00e9 p\u0159ich\u00e1z\u00ed nov\u00e1, kvalitativn\u011b op\u011bt o n\u011bco vy\u0161\u0161\u00ed etapa lidsk\u00e9ho sna\u017een\u00ed o lep\u0161\u00ed sv\u011bt.<\/p>\n<p>Co tato doba p\u0159inese? Podle t\u011bch, kdo v\u011b\u0159\u00ed, \u017ee masivn\u00ed plo\u0161n\u00e9 o\u010dkov\u00e1n\u00ed obyvatelstva zato\u010d\u00ed s nemoc\u00ed, kv\u016fli kter\u00e9 se letos zastavil sv\u011bt, to nebude \u017e\u00e1dn\u00e1 \u00e9ra, ale jednor\u00e1zov\u00e1 operace. Operace, kter\u00e1 p\u0159inese konec v\u0161ech \u00fatrap jak pro potenci\u00e1ln\u011b nemocn\u00e9, tak i pro restrikcemi su\u017eovan\u00e9 obyvatelstvo. Je mnoho d\u016fvod\u016f k n\u00e1zoru, \u017ee takov\u00fd obrat nenastane a \u017ee n\u00e1s opravdu \u010dek\u00e1 cel\u00e1 nov\u00e1 \u00e9ra. Zde jsou alespo\u0148 dva.<\/p>\n<p>O\u010dkovac\u00ed s\u00e9rum dosud nepro\u0161lo klinickou prax\u00ed. \u017d\u00e1dn\u00e9. Nikde. Nikdo tedy nem\u016f\u017ee zn\u00e1t nejen p\u0159\u00edpadn\u00e9 dlouhodob\u00e9 nezam\u00fd\u0161len\u00e9 ne\u017e\u00e1douc\u00ed efekty, ale p\u0159edev\u0161\u00edm dobu \u00fa\u010dinnosti o\u010dkovac\u00ed d\u00e1vky. O\u010dkov\u00e1n\u00ed je v\u00fdborn\u00fd n\u00e1stroj k boji s nemocemi \u2013 p\u0159edev\u0161\u00edm d\u011btsk\u00fdmi \u2013, kter\u00e9 \u010dlov\u011bk m\u016f\u017ee prod\u011blat jen jednou za \u017eivot. Po prod\u011bl\u00e1n\u00ed takov\u00e9 nemoci z\u00edsk\u00e1 do\u017eivotn\u00ed imunitu. A proto\u017ee princip o\u010dkov\u00e1n\u00ed je v tom, \u017ee d\u00edky n\u011bmu organismus vlastn\u011b prod\u011bl\u00e1 samu nemoc, p\u0159i kter\u00e9 absolvuje n\u00e1kazu natolik slabou, aby ho neohrozila, ale natolik silnou, aby zp\u016fsobila tvorbu protil\u00e1tek, je tu p\u0159edpoklad, \u017ee takov\u00e9 o\u010dkov\u00e1n\u00ed bude m\u00edt stejn\u00fd imuniza\u010dn\u00ed n\u00e1sledek, jako m\u00edv\u00e1 prod\u011bl\u00e1n\u00ed samotn\u00e9 nemoci. Jen\u017ee covid-19 je nemoc\u00ed natolik mladou, \u017ee trv\u00e1n\u00ed imunity po jej\u00edm prod\u011bl\u00e1n\u00ed nemohlo b\u00fdt dosud zji\u0161t\u011bno. Nato\u017e po pou\u017eit\u00ed s\u00e9ra, kter\u00e9 existuje jen n\u011bkolik t\u00fddn\u016f. Nikdo tak nev\u00ed, kolik o\u010dkovac\u00edch d\u00e1vek bude ka\u017ed\u00fd pot\u0159ebovat, jak \u010dasto a jak dlouho bude muset o\u010dkovac\u00ed proceduru absolvovat. Nep\u016fjde tedy o jednor\u00e1zovou akci, po kter\u00e9 bude nav\u017edy klid. Daleko sp\u00ed\u0161e p\u016fjde o akci na n\u011bkolik p\u0159\u00ed\u0161t\u00edch let.<\/p>\n<p>Druh\u00fdm d\u016fvodem jsou p\u0159edpokl\u00e1dan\u00e9 mutace. U\u017e dnes jsou hl\u00e1\u0161eny nejen z Brit\u00e1nie, ale i z jin\u00fdch zem\u00ed sv\u011bta. Nikdo nev\u00ed, zda tyto zmutovan\u00e9 viry nebudu v\u016f\u010di nyn\u00ed \u010derstv\u011b vyvinut\u00fdm vakc\u00edn\u00e1m odoln\u00e9. Vakcinace m\u016f\u017ee (jako se v historii u\u017e v\u00edcekr\u00e1t stalo) proces mutac\u00ed dokonce urychlit, proto\u017ee virus si bude hledat cestu jinudy, jako si hlodavci mockr\u00e1t na\u0161li odolnost proti p\u0159\u00edli\u0161 dlouho aplikovan\u00fdm deratiza\u010dn\u00edm p\u0159\u00edpravk\u016fm. Je velmi pravd\u011bpodobn\u00e9, \u017ee ka\u017ed\u00e1 nov\u00e1 mutace si vynut\u00ed v\u00fdvoj a aplikaci nov\u00fdch o\u010dkovac\u00edch l\u00e1tek. \u017d\u00e1dn\u00e9 sv\u011btlo na konci tunelu tedy dosud vid\u011bt nen\u00ed.<\/p>\n<p>To v\u0161ak mnoh\u00e9 hr\u00e1\u010de na poli ekonomick\u00e9m, mocensk\u00e9m, spole\u010densk\u00e9m a politick\u00e9m nijak netr\u00e1p\u00ed. Naopak, pro n\u011b nade\u0161la \u00e9ra sv\u011btla. Vl\u00e1dy z\u00edskaly v historii zcela nev\u00eddan\u00e9 kompetence a mo\u017enosti, jak \u0159\u00eddit b\u011bh spole\u010dnosti, jak si pohr\u00e1vat se stovkami miliard, soci\u00e1ln\u00ed in\u017een\u00fd\u0159i z\u00e1minku k zasahov\u00e1n\u00ed do \u017eivot\u016f lid\u00ed, n\u011bkter\u00e9 ekonomick\u00e9 subjekty p\u0159\u00edle\u017eitost, kterou by jinak v b\u011b\u017en\u00e9 konkuren\u010dn\u00ed sout\u011b\u017ei nikdy nez\u00edskaly. V prost\u0159ed\u00ed vl\u00e1dn\u00edch restrikc\u00ed to v\u0161e jde mnohem sn\u00e1z. A v nadch\u00e1zej\u00edc\u00ed \u00e9\u0159e o\u010dkovac\u00ed to p\u016fjde je\u0161t\u011b snadn\u011bji, proto\u017ee ta d\u00e1 restrikc\u00edm nov\u00fd impuls.<\/p>\n<p>V situaci, kdy jde (\u00fadajn\u011b nebo skute\u010dn\u011b) o \u017eivot, na v\u011bcn\u00fdch argumentech nez\u00e1le\u017e\u00ed. Je to stejn\u00e9, jako kdy\u017e n\u011bkomu auto p\u0159ejede jeho jedin\u00e9 d\u00edt\u011b a on pak po\u017eaduje zastaven\u00ed ve\u0161ker\u00e9 automobilov\u00e9 dopravy v zemi na p\u016fl roku. Kdy\u017e mu n\u011bkdo bude oponovat, \u017ee to milion\u016fm lid\u00ed rozvr\u00e1t\u00ed \u017eivoty, str\u010d\u00ed takov\u00e9mu pochybova\u010di p\u0159ed o\u010di fotografii s rozdrcen\u00fdm t\u011bl\u00ed\u010dkem a obvin\u00ed ho, \u017ee p\u0159esn\u011b toto si odp\u016frce z\u00e1kazu p\u0159eje. Argumentujte pak nad takovou fotkou\u2026<\/p>\n<p>P\u0159esto je nutn\u00e9 i tak absolutn\u00ed v\u011bci, jako jsou \u017eivoty lid\u00ed, oprostit na chv\u00edli od emoc\u00ed a argumentovat jimi v\u011bcn\u011b. Zkusme to, jakkoli se to bude zd\u00e1t cynick\u00e9. Vezm\u011bme si v na\u0161\u00ed republice vzorek obyvatel \u010d\u00edtaj\u00edc\u00ed tis\u00edc lid\u00ed. Z t\u00e9to tis\u00edcovky jich ro\u010dn\u011b zem\u0159e obvykle deset (\u0159\u00e1dov\u011b). Letos, tedy v dob\u011b, o kter\u00e9 se mluv\u00ed jako o epidemii, jich m\u00edsto on\u011bch deseti zem\u0159e asi jeden\u00e1ct. O jednoho na tis\u00edc obyvatel v\u00edce. Ano, takov\u00fd je leto\u0161n\u00ed dopad viru SARS-CoV-2 u n\u00e1s. A velmi podobn\u00fd je i v mnoha dal\u0161\u00edch zem\u00edch v\u010detn\u011b t\u011bch nejmedializovan\u011bj\u0161\u00edch, jako jsou USA, \u0160pan\u011blsko \u010di It\u00e1lie. Ano, i tam je to m\u00edsto b\u011b\u017en\u00fdch deseti letos asi jeden\u00e1ct zem\u0159el\u00fdch z tis\u00edce za rok 2020.<\/p>\n<p>Lze nam\u00edtat, \u017ee \u201ejen\u201c jeden\u00e1ct je to pr\u00e1v\u011b d\u00edky restrikc\u00edm. Srovn\u00e1vac\u00ed studie jednotliv\u00fdch zem\u00ed to v\u0161ak nepotvrzuj\u00ed. Ano, n\u011bkde byly zachyceny odchylky v \u0159\u00e1du i des\u00edtek procent. To by u na\u0161\u00ed tis\u00edcovky znamenalo, \u017ee m\u00edsto jeden\u00e1cti zem\u0159el\u00fdch by to bylo 11,2 nebo t\u0159eba 11,4 zem\u0159el\u00e9ho \u010dlov\u011bka. Nejsou zn\u00e1my p\u0159\u00edklady (a to ani z rozvojov\u00fdch chud\u00fdch zem\u00ed se slabou discipl\u00ednou obyvatelstva, s vl\u00e1dami, kter\u00e9 v obav\u011b p\u0159ed zchudnut\u00edm nes\u00e1hly k restrikc\u00edm, \u010di v zem\u00edch s mnohem hor\u0161\u00ed \u00farovn\u00ed zdravotn\u00ed p\u00e9\u010de), \u017ee by n\u011bkde do\u0161lo k odchylk\u00e1m n\u00e1sobn\u00fdm, tedy v \u0159\u00e1du stovek procent (tak, aby ono \u010d\u00edslo zem\u0159el\u00fdch ne\u010dinilo 11, ale t\u0159eba 13 nebo 14).<\/p>\n<p>Ano, o to se v restrikc\u00edch hraje. Jestli bude ono \u010d\u00edslo zem\u0159el\u00fdch 11, nebo t\u0159eba 11,3 z tis\u00edce. Jist\u011b, za ka\u017edou setinou je nutno vid\u011bt neopakovateln\u00fd a jedine\u010dn\u00fd lidsk\u00fd osud. Ale lidsk\u00e9 osudy je nutno vid\u011bt i mezi osmi stovkami z on\u00e9 tis\u00edcovky lid\u00ed. Mezi osmi stovkami lid\u00ed, kter\u00fdm se kv\u016fli restrikc\u00edm hrout\u00ed sv\u011bt, soci\u00e1ln\u00ed existence, s\u00e1m smysl \u017eivota.<\/p>\n<p>Je klidn\u011b mo\u017en\u00e9, \u017ee i v r\u00e1mci t\u00e9to chladn\u00e9 kalkulace n\u011bkdo z obh\u00e1jc\u016f plo\u0161n\u00fdch restrikc\u00ed a plo\u0161n\u00e9 vakcinace dojde k jin\u00fdm \u010d\u00edsl\u016fm, t\u0159eba v horizontu p\u0159\u00ed\u0161t\u00edch let. Ale toto uva\u017eov\u00e1n\u00ed a poctiv\u00e9 porovn\u00e1v\u00e1n\u00ed v\u00fdnos\u016f a n\u00e1klad\u016f o\u010dkovac\u00ed operace bychom si m\u011bli dovolit. O\u010dkov\u00e1n\u00ed nebude jednor\u00e1zov\u00e9. O tom si ti, kdo se na vakc\u00edny tolik t\u011b\u0161ili, mohou nechat sn\u00edt. Cel\u00e1 spole\u010dnost bude na n\u011bkolik let pod\u0159\u00edzena t\u011bmto vakcina\u010dn\u00edm, a tedy i restrik\u010dn\u00edm man\u00e9vr\u016fm. N\u00e1klady ekonomick\u00e9, mor\u00e1ln\u00ed a spole\u010densk\u00e9 budou ohromn\u00e9. I ty jednotliv\u00e9, v \u017eivot\u011b ka\u017ed\u00e9ho z n\u00e1s. U\u017e proto si debatu o postoji st\u00e1tu k nov\u00e9mu viru nezakazujme. Nenad\u00e1vejme nikomu do \u201epop\u00edra\u010d\u016f spojen\u00fdch s neonacistickou sc\u00e9nou\u201c, jak jsem na vlastn\u00ed u\u0161i sly\u0161el v jednom z na\u0161ich televizn\u00edch zpravodajsk\u00fdch po\u0159ad\u016f.<\/p>\n<p>Nikdo netu\u0161\u00ed, do \u010deho se te\u010f bezhlav\u011b \u0159\u00edt\u00edme. V\u00edtejme ka\u017ed\u00fd hlas, kter\u00fd v\u0161echna hroz\u00edc\u00ed rizika zasad\u00ed do celistv\u00e9ho kontextu.<\/p>\n<p><a href=\"https:\/\/neviditelnypes.lidovky.cz\/politika\/koronavirus-nadesla-doba-ockovaci.A201223_161740_p_politika_wag\">Zdroj<\/a><\/p>\n","protected":false},"excerpt":{"rendered":"<p>V t\u011bchto chv\u00edl\u00edch je do sval\u016f vst\u0159ikov\u00e1na o\u010dkovac\u00ed d\u00e1vka proti viru SARS-CoV-2 prvn\u00edm obyvatel\u016fm \u010cesk\u00e9 republiky. Za\u010dala tak nov\u00e1 \u00e9ra. \u00c9ra, kter\u00e1 hned tak neskon\u010d\u00ed.<\/p>\n","protected":false},"author":1,"featured_media":0,"comment_status":"open","ping_status":"open","sticky":false,"template":"","format":"standard","meta":{"ngg_post_thumbnail":0,"footnotes":""},"categories":[1],"tags":[],"class_list":["post-11667","post","type-post","status-publish","format-standard","hentry","category-publikovane-clanky"],"_links":{"self":[{"href":"https:\/\/www.ladislavjakl.cz\/index.php?rest_route=\/wp\/v2\/posts\/11667","targetHints":{"allow":["GET"]}}],"collection":[{"href":"https:\/\/www.ladislavjakl.cz\/index.php?rest_route=\/wp\/v2\/posts"}],"about":[{"href":"https:\/\/www.ladislavjakl.cz\/index.php?rest_route=\/wp\/v2\/types\/post"}],"author":[{"embeddable":true,"href":"https:\/\/www.ladislavjakl.cz\/index.php?rest_route=\/wp\/v2\/users\/1"}],"replies":[{"embeddable":true,"href":"https:\/\/www.ladislavjakl.cz\/index.php?rest_route=%2Fwp%2Fv2%2Fcomments&post=11667"}],"version-history":[{"count":1,"href":"https:\/\/www.ladislavjakl.cz\/index.php?rest_route=\/wp\/v2\/posts\/11667\/revisions"}],"predecessor-version":[{"id":11668,"href":"https:\/\/www.ladislavjakl.cz\/index.php?rest_route=\/wp\/v2\/posts\/11667\/revisions\/11668"}],"wp:attachment":[{"href":"https:\/\/www.ladislavjakl.cz\/index.php?rest_route=%2Fwp%2Fv2%2Fmedia&parent=11667"}],"wp:term":[{"taxonomy":"category","embeddable":true,"href":"https:\/\/www.ladislavjakl.cz\/index.php?rest_route=%2Fwp%2Fv2%2Fcategories&post=11667"},{"taxonomy":"post_tag","embeddable":true,"href":"https:\/\/www.ladislavjakl.cz\/index.php?rest_route=%2Fwp%2Fv2%2Ftags&post=11667"}],"curies":[{"name":"wp","href":"https:\/\/api.w.org\/{rel}","templated":true}]}}