{"id":11669,"date":"2021-01-08T11:42:45","date_gmt":"2021-01-08T10:42:45","guid":{"rendered":"http:\/\/www.ladislavjakl.cz\/?p=11669"},"modified":"2021-01-08T11:42:45","modified_gmt":"2021-01-08T10:42:45","slug":"ladislav-jakl-podle-me-neni-pochyb-ze-prezident-zeman-zakon-vetoval","status":"publish","type":"post","link":"https:\/\/www.ladislavjakl.cz\/?p=11669","title":{"rendered":"Ladislav Jakl: Podle m\u011b nen\u00ed pochyb, \u017ee prezident Zeman z\u00e1kon vetoval"},"content":{"rendered":"<div class=\"zpravy_image_big\">\n<p>Prezident Milo\u0161 Zeman, kter\u00fd nesouhlasil s da\u0148ov\u00fdm bal\u00ed\u010dkem, nepodepsal a ani nevetoval upraven\u00fd z\u00e1kon a vr\u00e1til ho nepodepsan\u00fd p\u0159edsedovi Poslaneck\u00e9 sn\u011bmovny, pr\u00e1vn\u00edci se nyn\u00ed p\u0159ou, zda t\u00edm z\u00e1kon vetoval nebo nevetoval.<\/p>\n<\/div>\n<p><!--more--><\/p>\n<div id=\"zprava_text\" class=\"\">\n<div class=\"banner_content\">\n<div class=\"\">Redakce Prvnizpravy.cz po\u017e\u00e1dala v t\u00e9to v\u011bci o vyj\u00e1d\u0159en\u00ed n\u011bkdej\u0161\u00edho tajemn\u00edka prezidenta V\u00e1clava Klause a b\u00fdval\u00e9ho \u0159editele Odboru Politick\u00e9ho kancel\u00e1\u0159e prezidenta republiky Ladislava Jakla, kter\u00fd n\u00e1m sd\u011blil n\u00e1sleduj\u00edc\u00ed.<\/div>\n<\/div>\n<div align=\"justify\">\n<i><b>\u201ePodle m\u011b nen\u00ed pochyb, \u017ee prezident Zeman z\u00e1kon vetoval,\u201c<\/b><\/i>&nbsp;tvrd\u00ed Ladislav Jakl a pokra\u010duje ve zd\u016fvodn\u011bn\u00ed.<\/p>\n<p>A probl\u00e9m prim\u00e1rn\u011b nespo\u010d\u00edv\u00e1 v onom slov\u011b \u201evrac\u00edm\u201c, ale ve lh\u016ft\u011b.<\/p>\n<p><b>Prezident republiky m\u00e1 t\u0159i mo\u017enosti.<\/b><\/p>\n<ol>\n<li>Z\u00e1kon podep\u00ed\u0161e. Kdykoli. Ve lh\u016ft\u011b \u010di po n\u00ed. Vyjde to nastejno.<\/li>\n<li>Vyu\u017eije 15denn\u00ed lh\u016ftu na vr\u00e1cen\u00ed a b\u011bhem t\u00e9to lh\u016fty z\u00e1kon vr\u00e1t\u00ed. Tomu se u n\u00e1s \u0159\u00edk\u00e1 veto a takov\u00fd akt mus\u00ed sn\u011bmovna p\u0159ehlasovat, jinak z\u00e1kon neplat\u00ed.<\/li>\n<li>Lh\u016ftu nech\u00e1 marn\u011b prob\u011bhnout. Vznik\u00e1 t\u00edm fikce souhlasu (ml\u010den\u00ed je souhlas). Prost\u011b t\u00edm v o\u010d\u00edch z\u00e1konod\u00e1rce prezident nevyu\u017eil svou mo\u017enost z\u00e1kon vr\u00e1tit, \u201em\u00e1 sm\u016flu\u201c, a z\u00e1kon lze bez ohledu na absenci prezidentova podpisu vyhl\u00e1sit. Prezident t\u00edm \u0159\u00edk\u00e1: budi\u017e, ale ne s m\u00fdm explicitn\u00edm souhlasem. Ml\u010den\u00ed je souhlasem implicitn\u00edm.<\/li>\n<\/ol>\n<p>To t\u0159et\u00ed cht\u011bl \u0159\u00edci i prezident Zeman. Ale m\u011bl probl\u00e9m: Lh\u016fta by uplynula a\u017e v dob\u011b, kdy u\u017e by z\u00e1kon nestihl vyj\u00edt ve Sb\u00edrce do konce roku. Tak ud\u011blal dosti krkolomnou v\u011bc. Myslel si, \u017ee z\u00e1kon nech\u00e1v\u00e1 bez podpisu. To lze ale jen a pouze promarn\u011bn\u00edm lh\u016fty na vr\u00e1cen\u00ed. On ale ten z\u00e1kon vr\u00e1til bez podpisu je\u0161t\u011b v t\u00e9to lh\u016ft\u011b. V tom p\u0159\u00edpad\u011b nejde jen o vr\u00e1cen\u00ed p\u016fj\u010den\u00e9ho kusu pap\u00edru, ale o \u00fastavn\u00ed akt vr\u00e1cen\u00ed z\u00e1kona.<\/p>\n<p>Prezident republiky nem\u00e1 kolem sebe nikoho, kdo by ho varoval. Rozum\u00edm z\u00e1jmu na z\u00e1konu. J\u00e1 bych pro n\u011bj ruku zvedl. Ale ka\u017ed\u00fd nestrann\u00fd soudn\u00fd \u00fastavn\u00ed soudce to nem\u016f\u017ee vid\u011bt jinak, ne\u017e jako vr\u00e1cen\u00ed. Kdo situaci znal, sledoval ji celou dobu a po\u010d\u00edtal ony dny. A v jistou chv\u00edli bylo jasn\u00e9, \u017ee prezident z\u00e1kon mus\u00ed podepsat, pokud ho nechce vr\u00e1tit. Ale Zeman cht\u011bl chytra\u010dit. V moment\u011b, kdy se hraje o hodiny a u\u017e nen\u00ed \u010das.<\/p>\n<p>Lid\u00e9 na Hrad\u011b a dal\u0161\u00ed lid\u00e9 pozorovatel\u00e9 mezi pr\u00e1vn\u00edky si mysl\u00ed, \u017ee on\u00edm \u201enepodpisem\u201c z\u00e1kona je dopis, kter\u00fdm prezident informuje o sv\u00e9m \u201enepodpisu\u201c. To je ale jen zd\u016fvodn\u011bn\u00ed, kter\u00e9 nem\u00e1 \u00fastavn\u00ed relevanci.&nbsp; Stejn\u011b tak nen\u00ed \u201evetem\u201c dopis o vr\u00e1cen\u00ed z\u00e1kona (to je jen zd\u016fvodn\u011bn\u00ed), ale ono samo vr\u00e1cen\u00ed, kon\u010d\u00ed koment\u00e1\u0159 Ladislav Jakl<\/p><\/div>\n<div align=\"justify\"><a href=\"https:\/\/www.prvnizpravy.cz\/zpravy\/politika\/ladislav-jakl-podle-me-neni-pochyb-ze-prezident-zeman-zakon-vetoval\/\">Zdroj<\/a><\/div>\n<\/div>\n","protected":false},"excerpt":{"rendered":"<p>Prezident Milo\u0161 Zeman, kter\u00fd nesouhlasil s da\u0148ov\u00fdm bal\u00ed\u010dkem, nepodepsal a ani nevetoval upraven\u00fd z\u00e1kon a vr\u00e1til ho nepodepsan\u00fd p\u0159edsedovi Poslaneck\u00e9 sn\u011bmovny, pr\u00e1vn\u00edci se nyn\u00ed p\u0159ou, zda t\u00edm z\u00e1kon vetoval nebo nevetoval.<\/p>\n","protected":false},"author":1,"featured_media":0,"comment_status":"open","ping_status":"open","sticky":false,"template":"","format":"standard","meta":{"ngg_post_thumbnail":0,"footnotes":""},"categories":[13],"tags":[],"class_list":["post-11669","post","type-post","status-publish","format-standard","hentry","category-rozhovory"],"_links":{"self":[{"href":"https:\/\/www.ladislavjakl.cz\/index.php?rest_route=\/wp\/v2\/posts\/11669","targetHints":{"allow":["GET"]}}],"collection":[{"href":"https:\/\/www.ladislavjakl.cz\/index.php?rest_route=\/wp\/v2\/posts"}],"about":[{"href":"https:\/\/www.ladislavjakl.cz\/index.php?rest_route=\/wp\/v2\/types\/post"}],"author":[{"embeddable":true,"href":"https:\/\/www.ladislavjakl.cz\/index.php?rest_route=\/wp\/v2\/users\/1"}],"replies":[{"embeddable":true,"href":"https:\/\/www.ladislavjakl.cz\/index.php?rest_route=%2Fwp%2Fv2%2Fcomments&post=11669"}],"version-history":[{"count":1,"href":"https:\/\/www.ladislavjakl.cz\/index.php?rest_route=\/wp\/v2\/posts\/11669\/revisions"}],"predecessor-version":[{"id":11670,"href":"https:\/\/www.ladislavjakl.cz\/index.php?rest_route=\/wp\/v2\/posts\/11669\/revisions\/11670"}],"wp:attachment":[{"href":"https:\/\/www.ladislavjakl.cz\/index.php?rest_route=%2Fwp%2Fv2%2Fmedia&parent=11669"}],"wp:term":[{"taxonomy":"category","embeddable":true,"href":"https:\/\/www.ladislavjakl.cz\/index.php?rest_route=%2Fwp%2Fv2%2Fcategories&post=11669"},{"taxonomy":"post_tag","embeddable":true,"href":"https:\/\/www.ladislavjakl.cz\/index.php?rest_route=%2Fwp%2Fv2%2Ftags&post=11669"}],"curies":[{"name":"wp","href":"https:\/\/api.w.org\/{rel}","templated":true}]}}