{"id":11673,"date":"2021-01-11T15:04:43","date_gmt":"2021-01-11T14:04:43","guid":{"rendered":"http:\/\/www.ladislavjakl.cz\/?p=11673"},"modified":"2021-01-11T15:04:43","modified_gmt":"2021-01-11T14:04:43","slug":"polemika-kaminek-v-bote","status":"publish","type":"post","link":"https:\/\/www.ladislavjakl.cz\/?p=11673","title":{"rendered":"POLEMIKA: Kam\u00ednek v bot\u011b"},"content":{"rendered":"<p>P\u0159ed V\u00e1noci jsem napsal&nbsp;<a class=\"text-link\" href=\"https:\/\/neviditelnypes.lidovky.cz\/politika\/koronavirus-nadesla-doba-ockovaci.A201223_161740_p_politika_wag\">\u010dl\u00e1nek o o\u010dkov\u00e1n\u00ed<\/a>. Jeho hlavn\u00edm sd\u011blen\u00edm bylo, \u017ee vakcinace proti SARS CoV-2 podle m\u00e9ho n\u00e1zoru nebude jednor\u00e1zovou akc\u00ed, po kter\u00e9 bude nav\u017edy pokoj od kovidu i od restrikc\u00ed a karant\u00e9n, ale dlouh\u00fdm, nejsp\u00ed\u0161 n\u011bkolikalet\u00fdm procesem, b\u011bhem n\u011bho\u017e rozhodn\u011b nebudeme sm\u011bt \u017e\u00edt norm\u00e1ln\u00edm \u017eivotem.<\/p>\n<p><!--more--><\/p>\n<p>Coby argument jsem pou\u017eil konstatov\u00e1n\u00ed prost\u00e9ho a nezpochybniteln\u00e9ho faktu, \u017ee v\u0161echna dosud existuj\u00edc\u00ed s\u00e9ra jsou nov\u00e1, nevyzkou\u0161en\u00e1, nikdo nezn\u00e1 p\u0159\u00edpadn\u00e9 vedlej\u0161\u00ed \u00fa\u010dinky a tak\u00e9 nikdo nezn\u00e1 dobu \u00fa\u010dinnosti, a to prost\u011b proto, jeliko\u017e je brzo a nem\u00e1me a ani nem\u016f\u017eeme m\u00edt \u017e\u00e1dn\u00e9 zku\u0161enosti s dlouhodob\u00fdm \u00fa\u010dinkem vakc\u00edn. Mo\u017en\u00e1 bude nutno obyvatelstvo o\u010dkovat opakovan\u011b, mo\u017en\u00e1 bude nutno vakcinaci je\u0161t\u011b doladit, mo\u017en\u00e1 do v\u011bci zas\u00e1hnou p\u0159\u00edpadn\u00e9 mutace, kter\u00e9 si vy\u017e\u00e1daj\u00ed v\u00fdvoj nov\u00fdch generac\u00ed vakc\u00edn. Dosud p\u0159esv\u011bd\u010div\u011b a autoritativn\u011b nezazn\u011bla ani tak principi\u00e1ln\u00ed informace jako to, jestli o\u010dkovan\u00fd \u010dlov\u011bk bude, nebo nebude infek\u010dn\u00edm.<\/p>\n<p>Pro\u010d jsem n\u011bco takov\u00e9ho psal? Proto\u017ee \u00favaha o tom, \u017ee o\u010dkovac\u00ed operace m\u016f\u017ee b\u00fdt dlouhodob\u00fdm spole\u010densk\u00fdm fenom\u00e9nem, dosud nezazn\u011bla. U\u017e od l\u00e9ta sl\u00fdch\u00e1me implicitn\u00ed, ale mnohdy i explicitn\u00ed predikce, nad\u011bje \u010di o\u010dek\u00e1v\u00e1n\u00ed, \u017ee brzy p\u0159ijde vakc\u00edna, tu si nap\u00edch\u00e1me, a v\u0161e bude jako d\u0159\u00edv. Mo\u017en\u00e1 ano, \u0159\u00edk\u00e1m si. K\u00e9\u017e by, p\u0159eju si. Ale co kdy\u017e ne?<\/p>\n<p>Pro\u010d mi stoj\u00ed za to vzn\u00e1\u0161et obdobn\u00e9 ot\u00e1zky a pochybnosti? Proto\u017ee p\u0159em\u00fd\u0161len\u00ed o d\u00e9lce o\u010dkovac\u00ed \u00e9ry je z\u00e1sadn\u011b nutn\u00e9 pro dne\u0161n\u00ed rozhodov\u00e1n\u00ed ka\u017ed\u00e9ho z n\u00e1s. Jinak se budeme chovat za situace, kdy uv\u011b\u0159\u00edme, \u017ee sp\u00e1sa u\u017e je za dve\u0159mi, te\u010f jen chv\u00edli zatneme zuby a z\u00e1hy budeme vysvobozeni, a jinak za situace, kdy m\u016f\u017eeme p\u0159edpokl\u00e1dat, \u017ee se sp\u00e1sou to nebude tak hork\u00e9, a \u017ee je tedy nutno nikoli jen sed\u011bt se zatnut\u00fdmi zuby, ale p\u0159izp\u016fsobit sv\u00e9 chov\u00e1n\u00ed, rozhodov\u00e1n\u00ed a pl\u00e1nov\u00e1n\u00ed tomu, \u017ee nenorm\u00e1ln\u00ed situace bude po n\u011bjakou chv\u00edli normou.<\/p>\n<p>Je snadn\u00e9 n\u011bkter\u00e9 v\u011bci odlo\u017eit o p\u00e1r t\u00fddn\u016f. Je t\u011b\u017ek\u00e9, ale mo\u017en\u00e9 zakonzervovat n\u011bkter\u00e9 aktivity, vztahy, podnik\u00e1n\u00ed \u010di osobn\u00ed projekty i na n\u011bkolik m\u011bs\u00edc\u016f. Ud\u011blat toto v\u0161e na n\u011bkolik let ale nelze, s vidinou n\u011bkolikalet\u00fdch restrikc\u00ed u\u017e je nutno p\u0159ijmout n\u011bkter\u00e1 opat\u0159en\u00ed a v mez\u00edch mo\u017enost\u00ed prost\u011b fungovat hned, by\u0165 v n\u011bjak\u00e9m n\u00e1hradn\u00edm re\u017eimu. Firmy, rodiny i jednotlivci.<\/p>\n<p>Je to jako s kam\u00ednkem v bot\u011b. Tla\u010d\u00ed, bol\u00ed, ale komu by se cht\u011blo roz\u0161n\u011brov\u00e1vat pohorky, zouvat se, vyt\u0159ep\u00e1vat, kdy\u017e c\u00edl cesty je pr\u00fd u\u017e za rohem. Ale za rohem n\u00e1m pak \u0159eknou, \u017ee a\u017e za t\u00edm druh\u00fdm rohem. Tak se zase nezujeme. A pak se t\u011b\u0161\u00edme na dal\u0161\u00ed nejbli\u017e\u0161\u00ed roh, zat\u00edmco bota je pln\u00e1 krve. Kdybychom od za\u010d\u00e1tku p\u0159ipou\u0161t\u011bli mo\u017enost, \u017ee cesta je\u0161t\u011b asi chv\u00edli potrv\u00e1, d\u00e1me si tu pr\u00e1ci se \u0161n\u011brov\u00e1n\u00edm a kam\u00ednku se zbav\u00edme v\u010das. U\u017e tomu rozum\u00edte, pane Neffe?<\/p>\n<p>Ano, Ond\u0159eji Neffovi st\u00e1lo za to, aby se na Neviditeln\u00e9m psu o tento m\u016fj jedin\u00fd \u010dl\u00e1nek dokonce u\u017e t\u0159ikr\u00e1t ot\u0159el. Vol\u00ed siln\u00e1 a hrub\u00e1 slova, ale nemysl\u00edm, \u017ee mu do\u0161lo, o \u010dem vlastn\u011b p\u00ed\u0161i. U\u017e titulkem prvn\u00ed sv\u00e9 polemiky (<a class=\"text-link\" href=\"https:\/\/neviditelnypes.lidovky.cz\/cirkus\/dobre-ze-nadesla-doba-ockovaci.A201228_214327_p_cirkus_nef\">Dob\u0159e, \u017ee nade\u0161la doba o\u010dkovac\u00ed<\/a>) mi vlastn\u011b d\u00e1v\u00e1 zapravdu, kdy\u017e tak\u00e9 mluv\u00ed o \u201edob\u011b\u201c nikoli o akci, nebo operaci, jak se dosud o\u010dkovac\u00ed man\u00e9vry b\u011b\u017en\u011b ozna\u010duj\u00ed. Neff pova\u017euje za \u201eabsurditu\u201c, \u017ee se o vakcinaci \u2013 o kter\u00e9 mysl\u00ed, mluv\u00ed a p\u00ed\u0161e v na\u0161\u00ed zemi skoro ka\u017ed\u00fd \u2013 vyjad\u0159uje \u201eodborn\u00edk ve v\u011bci pivovar\u016f a piva\u201c. Mil\u00fd pane Neffe, a kdy\u017e budu publikovat fejetony nikoli o pivu, ale t\u0159eba o chovu pejsk\u016f nebo o fotbale, to u\u017e o vakcinaci budu sm\u011bt ps\u00e1t?<\/p>\n<p>A co mi pan Neff vy\u010d\u00edt\u00e1? \u017de jsem snesl argumenty \u201ezpochyb\u0148uj\u00edc\u00ed\u201c aktu\u00e1ln\u011b aplikovanou vakc\u00ednu. No, j\u00e1 ji nijak nezpochyb\u0148uji (ale ani neadoruji coby z\u00e1zra\u010dnou sp\u00e1su), jen konstatuji v\u0161em zn\u00e1m\u00e1 fakta, p\u0159edev\u0161\u00edm to, \u017ee nebyl \u010das zjistit, jak dlouho vakc\u00edna bude zp\u016fsobit. Nicm\u00e9n\u011b m\u00fdm h\u0159\u00edchem u Neffa je ono \u201ezpochyb\u0148ov\u00e1n\u00ed\u201c. U\u017e o p\u00e1r \u0159\u00e1dek n\u00ed\u017ee ale vyst\u0159ihne uk\u00e1zkov\u00fd kotrmelec a vy\u010d\u00edt\u00e1 mi naprost\u00fd opak, a to nedostatek \u201est\u00ednu pochybnosti\u201c. To je v\u011bru vesel\u00e9. Pr\u00fd by se on br\u00e1nil p\u0159\u00edkr\u00e9mu odsudku. Jak\u00e9mu, kde ho v m\u00e9m textu na\u0161el? Vzn\u00e1\u0161\u00ed dotaz: \u201eJe vakc\u00edna opravdu takov\u00e1 ni\u010demnost?\u201c A to v m\u00e9m \u010dl\u00e1nku na\u0161el kde? J\u00e1 nev\u00edm, jak se vakc\u00edny projev\u00ed v dlouhodob\u00e9m a masov\u00e9m u\u017eit\u00ed, pan Neff to nev\u00ed tak\u00e9, proto bych si o \u017e\u00e1dn\u00e9 jejich ni\u010demnosti, jak mi po\u0165ouchle Neff podsouv\u00e1, ps\u00e1t nedovolil. Neff na m\u011b \u00fato\u010d\u00ed, \u017ee pr\u00fd n\u011bco zpochyb\u0148uji, a vz\u00e1p\u011bt\u00ed mi vy\u010d\u00edt\u00e1, \u017ee na sv\u00e9 \u00fadajn\u00e9 barik\u00e1d\u011b pochybnosti m\u00edt pr\u00fd nesm\u00edm. A \u017ee pochybova\u010di na (\u00fadajn\u011b m\u00e9) barik\u00e1dy nepat\u0159\u00ed. Aby se v tom \u010dten\u00e1\u0159 neztr\u00e1cel: nejd\u0159\u00edv jsem byl \u0161patn\u00fd, proto\u017ee zpochyb\u0148uji, pak jsem \u0161patn\u00fd, proto\u017e pr\u00fd nepochybuji, zat\u00edmco pro Neffa je lidsk\u00e9 pochybovat. Aha, tak\u017ee pochybovat se m\u00e1, zpochyb\u0148ovat se nem\u00e1.<\/p>\n<p>To se panu Neffovi n\u011bjak vymklo. Nejd\u0159\u00edv nepochopil, \u017ee varuji p\u0159ed naivn\u00ed v\u00edrou, jak d\u00edky vakc\u00edn\u011b v\u0161e rychle pomine, pak mi podsune, \u017ee pr\u00fd o\u010der\u0148uji vakc\u00ednu coby \u201eni\u010demnost\u201c, a nakonec se zamot\u00e1 v tom, jestli zpochyb\u0148uji \u010di naopak nezpochyb\u0148uji, a zda pochybovat je dob\u0159e, nebo \u0161patn\u011b.<\/p>\n<p>Aby bylo v\u0161em \u010dten\u00e1\u0159\u016fm jasn\u00e9, z \u010deho pana Neffa bol\u00ed \u017ealudek, za\u0161ermuje n\u011bkolikr\u00e1t jm\u00e9nem V\u00e1clava Klause a jeho Institutu. P\u0159itom \u0161lo o text, o kter\u00e9m nikdo z m\u00fdch koleg\u016f v IVK nev\u011bd\u011bl, vy\u0161el v IVK a\u017e 10 dn\u016f po publikov\u00e1n\u00ed na Neviditeln\u00e9m psu a o d\u00e9lce vakcina\u010dn\u00ed operace jsme v IVK nikdy nemluvili. Balastu je v Neffov\u011b \u010dl\u00e1nku dost, ale pokud cht\u011bl opravdu polemizovat, musel by napsat: \u201eJakl nem\u00e1 pravdu, \u017e\u00e1dn\u00e1 dlouh\u00e1 \u00e9ra o\u010dkov\u00e1n\u00ed n\u00e1s ne\u010dek\u00e1, p\u016fjde o jednor\u00e1zovou akci, po kter\u00e9 bude pokoj, m\u00e1m pro to tyto a tyto argumenty, a kdo o tom pochybuje, \u010din\u00ed zlo.\u201c To bych bral. Ale to by musel Neff pochopit, \u017ee m\u016fj \u010dl\u00e1nek nen\u00ed proti vakcinaci, ale proti v\u00ed\u0159e na velmi vratk\u00fdch z\u00e1kladech postaven\u00e9, \u017ee c\u00edl u\u017e je za rohem.<\/p>\n<p>Klausov\u00e1n\u00edm a institutov\u00e1n\u00edm z nedostatku jin\u00fdch zbran\u00ed \u0161ermuje i ve sv\u00e9m&nbsp;<a class=\"text-link\" href=\"https:\/\/neviditelnypes.lidovky.cz\/spolecnost\/polemika-astonovo-neuklouznuti-na-vakcine.A210101_203053_p_spolecnost_wag\">druh\u00e9m \u010dl\u00e1nku<\/a>, kter\u00fd v\u011bnoval m\u00e9 \u201edob\u011b o\u010dkovac\u00ed\u201c. \u010clov\u011bk by \u010dekal, \u017ee si kone\u010dn\u011b ujasnil, jak je to s t\u00edm zpochyb\u0148ov\u00e1n\u00edm a nezpochyb\u0148ov\u00e1n\u00edm, on se ale rozj\u00ed\u017ed\u00ed na vy\u0161\u0161\u00ed ot\u00e1\u010dky. M\u016fj \u010dl\u00e1nek byl pr\u00fd \u201enehor\u00e1zn\u00fd\u201c. Doslova p\u00ed\u0161e, \u017ee \u201eJakl \u00fato\u010d\u00ed na vakcinaci&#8230;\u201c. To si ale pan Neff vymyslel. Na vakcinaci ne\u00fato\u010d\u00edm (na restrikce ano, a to budu d\u011blat i nad\u00e1le). Nab\u00e1d\u00e1m snad n\u011bkoho, aby se neo\u010dkoval? Po\u017eaduji z\u00e1kaz vakcinace? Co to vlastn\u011b je \u201e\u00fatok na vakcinaci\u201c? V\u017edy\u0165 p\u0159ece i \u010dlov\u011bk, kter\u00fd pova\u017euje nov\u00e9 vakc\u00edny za geni\u00e1ln\u00ed, bez vedlej\u0161\u00edch efekt\u016f a vysoce \u00fa\u010dinn\u00e9, m\u016f\u017ee klidn\u011b sou\u010dasn\u011b \u0159\u00edkat, \u017ee vakcinace m\u016f\u017ee trvat l\u00e9ta, proto\u017ee d\u00e9lku jej\u00ed \u00fa\u010dinnosti dosud nem\u016f\u017eeme zn\u00e1t.<\/p>\n<p>Neff ne\u010dte. Prost\u011b si ud\u011bl\u00e1 n\u00e1zor, o \u010dem asi \u010dl\u00e1nek je, vyvod\u00ed si, \u017ee \u201ezapad\u00e1 do propagandistick\u00e9 kampan\u011b\u201c, a pak v\u00e1l\u010d\u00ed s tezemi, kter\u00e9 v \u010dl\u00e1nku nejsou. J\u00e1 \u017ee zpochyb\u0148uji smysl vakcinace? Ve kter\u00e9 v\u011bt\u011b? T\u00edm, \u017ee \u0159\u00edk\u00e1m, \u017ee se bude vakcinovat dlouho? To by stejn\u011b tak n\u011bkdo mohl pochopit i jako apel na co nejrychlej\u0161\u00ed vakcinaci, ne? Pr\u00fd \u201estra\u0161\u00edm\u201c nedostate\u010dn\u00fdm ov\u011b\u0159en\u00edm vakc\u00edny v praxi. To je stra\u0161en\u00ed? Nen\u00ed to n\u00e1hodou konstatov\u00e1n\u00ed faktu? Tyto vakc\u00edny se vyv\u00edjely v \u0159\u00e1du t\u00fddn\u016f, testovaly v \u0159\u00e1du t\u00fddn\u016f, schvalovaly v \u0159\u00e1du t\u00fddn\u016f. To lze vzhledem k situaci pochopit. Je ale stra\u0161en\u00edm to napsat?<\/p>\n<p>Neff u\u017e si stihl vyguglit a od \u0159ady diskutuj\u00edc\u00edch vy\u010d\u00edst, \u017ee p\u0159i t\u00e9to vakc\u00edn\u011b se obranyschopnost nez\u00edsk\u00e1v\u00e1 reakc\u00ed organismu na oslaben\u00fd virus, ale \u017ee \u201eprincip t\u00e9to vakc\u00edny je jin\u00fd\u201c. A to m\u00e1 b\u00fdt argument proti mn\u011b? Naopak! Jestli\u017ee jde o \u00fapln\u011b nov\u00fd princip, t\u00edm v\u00edce je nezn\u00e1m\u00fdch kolem n\u011bj. Neff je ale na barik\u00e1d\u011b a tam se nep\u0159ipou\u0161t\u011bj\u00ed pochybnosti. Vakcina\u010dn\u00ed akce bude podle n\u011bj dozajista kr\u00e1tk\u00e1 a po n\u00ed bude v\u0161e zase v po\u0159\u00e1dku. Hm. A jak to v\u00ed? Nevkr\u00e1d\u00e1 se mu st\u00edn pochybnosti? A jestli\u017ee vkr\u00e1d\u00e1, pro\u010d se mnou polemizuje?<\/p>\n<p>Stejn\u00fd motiv pou\u017e\u00edv\u00e1 Neff ve sv\u00e9&nbsp;<a class=\"text-link\" href=\"https:\/\/neviditelnypes.lidovky.cz\/cirkus\/informace-a-dezinformace.A210105_204440_p_cirkus_nef\">t\u0159et\u00ed polemice<\/a>, inspirovan\u00e9 mou \u201edobou o\u010dkovac\u00ed\u201c. Tady zase p\u0159itvrd\u00ed, a m\u016fj popis obecn\u00e9ho principu o\u010dkov\u00e1n\u00ed ozna\u010duje za \u201edezinformaci\u201c (jeden ne\u00fanavn\u00fd diskut\u00e9r dokonce asi \u0161edes\u00e1tkr\u00e1t za \u201ele\u017e\u201c). To u\u017e je dnes n\u011bco jako kulturn\u00ed zatyka\u010d. V\u00edte, publicistika asi nen\u00ed k tomu, aby rozli\u0161ovala mezi imitac\u00ed n\u00e1kazy a slabou n\u00e1kazou. Hlavn\u00ed je, \u017ee tento argument hovo\u0159\u00ed sp\u00ed\u0161e pro mne: nov\u00fd, nevyzkou\u0161en\u00ed princip = nezn\u00e1m\u00e1 doba \u00fa\u010dinnosti. Neff tak\u00e9 trochu jihne, kdy\u017e p\u00ed\u0161e, \u017ee \u201eJakl\u2026 zp\u00edv\u00e1 stejnou (pr\u00fd jako Aeronet) p\u00edse\u0148 \u2026 \u017ee jde o nevyzkou\u0161enou vakc\u00ednu\u201c. To u\u017e je fakt sci-fi. Kdy\u017e konstatujete prostou skute\u010dnost, \u017ee vakc\u00ednu objektivn\u011b nebylo mo\u017en\u00e9 v \u010dasov\u00e9 t\u00edsni dostate\u010dn\u011b vyzkou\u0161et, a nev\u00edte tedy, jak dlouho bude \u00fa\u010dinn\u00e1, pak zp\u00edv\u00e1te s Aeronetem.<\/p>\n<p>Neff zoufale chce b\u00fdt na t\u00e9 \u201espr\u00e1vn\u00e9 stran\u011b\u201c. Tak chv\u00edli odsuzuje zpochyb\u0148ov\u00e1n\u00ed, pak zas odsuzuje \u00fadajnou absenci zpochyb\u0148ov\u00e1n\u00ed, kritizuje babi\u0161ovsk\u00fd re\u017eim restrikc\u00ed a vz\u00e1p\u011bt\u00ed (aby nebyl ve \u0161patn\u00e9 part\u011b) odsoud\u00ed kritiky restrikc\u00ed. M\u00e1 to t\u011b\u017ek\u00e9. Nen\u00ed divu, \u017ee si nesta\u010d\u00ed po\u0159\u00e1dn\u00e9 p\u0159e\u010d\u00edst text, proti n\u011bmu\u017e se t\u0159ikr\u00e1t vymezuje.<\/p>\n<p>Tak pro jistotu je\u0161t\u011b jednou: tvrd\u00edm, \u017ee nen\u00ed proz\u00edrav\u00e9 podlehnout iluzi, \u017ee u\u017e vid\u00edme sv\u011btlo na konci tunelu a \u017ee c\u00edl u\u017e je za rohem. Nesta\u010d\u00ed sou\u010dasn\u00e9 chv\u00edle tak n\u011bjak p\u0159etrp\u011bt, ne\u017e pominou. Nepominou. Je nutn\u00e9 vz\u00edt na v\u011bdom\u00ed, \u017ee podivn\u00e9 \u010dasy tu s n\u00e1mi budou \u017e\u00edt n\u011bjakou dobu. Dobu del\u0161\u00ed ne\u017e kr\u00e1tkou. A podle toho se chovat. Co m\u00e1 rychle pominout, to nestoj\u00ed za to m\u011bnit. Jako ten kam\u00ednek. Co m\u00e1 rychle pominout, tomu nen\u00ed nutno se p\u0159izp\u016fsobit, pozm\u011bnit sv\u00e9 investov\u00e1n\u00ed, chov\u00e1n\u00ed, rozhodov\u00e1n\u00ed, sv\u00e9 \u017eivotn\u00ed osobn\u00ed kroky. Ale pokud se jednotkou do\u010dasnosti op\u011bt stane jeden furt, st\u00e1v\u00e1 se ona do\u010dasnost realitou, se kterou se mus\u00edme n\u011bjak pot\u00fdkat. Nesta\u010d\u00ed zav\u0159\u00edt o\u010di, sev\u0159\u00edt p\u011bsti\u010dky a \u010dekat, \u017ee se to rychle p\u0159e\u017eene. Ne, \u00e9ra o\u010dkovac\u00ed se podle m\u011b hned tak nep\u0159e\u017eene. A z\u00e1sahy do na\u0161ich \u017eivot\u016f tuto \u00e9ru prov\u00e1zej\u00edc\u00ed tak\u00e9 hned tak neskon\u010d\u00ed. Nezav\u00edrejme o\u010di ani p\u011bsti\u010dky, za\u010dn\u011bme se hl\u00e1sit o \u017eivot, n\u011bco s t\u00edm d\u011blejme, n\u011bco se sebou d\u011blejme. Ne v p\u0159\u00ed\u0161t\u00edm \u017eivot\u011b po vakc\u00edn\u00e1ch, je\u0161t\u011b v tomto \u017eivot\u011b. Vysypme ten kam\u00ednek.<\/p>\n<p>Tady bych mohl skon\u010dit, ale proto\u017ee on\u011bch reakc\u00ed na ten m\u016fj jedin\u00fd \u010dl\u00e1nek bylo opravdu hodn\u011b (n\u011bkte\u0159\u00ed auto\u0159i polemizovali opakovan\u011b), zkus\u00edm je\u0161t\u011b jeden polopatick\u00fd p\u0159\u00edm\u011br. Kdy\u017e to m\u011bl n\u011bkdo na vojn\u011b za p\u00e1r, strp\u011bl stoicky kdejak\u00fd \u00fastrk, slu\u017ebu \u010di pak\u00e1rnu s m\u00e1vnut\u00edm: t\u011bch p\u00e1r dn\u016f to tu vydr\u017e\u00edm i s bod\u00e1kem v zadku. Zat\u00edmco ba\u017eanti v\u011bd\u011bli, \u017ee do civilu je daleko, a usilovn\u011b proto hledali cestu, jak tu dlouhou dobu p\u0159e\u017e\u00edt a pro\u017e\u00edt co nejl\u00edp.<\/p>\n<p>Pane Neffe, vyndejte si ten bod\u00e1k ze zadku. Nem\u00e1me to za p\u00e1r. Hlasme se o \u017eivot. \u017dijme.<\/p>\n<p><a href=\"https:\/\/neviditelnypes.lidovky.cz\/spolecnost\/polemika-kaminek-v-bote.A210107_203305_p_spolecnost_wag\">Zdroj<\/a><\/p>\n","protected":false},"excerpt":{"rendered":"<p>P\u0159ed V\u00e1noci jsem napsal&nbsp;\u010dl\u00e1nek o o\u010dkov\u00e1n\u00ed. Jeho hlavn\u00edm sd\u011blen\u00edm bylo, \u017ee vakcinace proti SARS CoV-2 podle m\u00e9ho n\u00e1zoru nebude jednor\u00e1zovou akc\u00ed, po kter\u00e9 bude nav\u017edy pokoj od kovidu i od restrikc\u00ed a karant\u00e9n, ale dlouh\u00fdm, nejsp\u00ed\u0161 n\u011bkolikalet\u00fdm procesem, b\u011bhem n\u011bho\u017e rozhodn\u011b nebudeme sm\u011bt \u017e\u00edt norm\u00e1ln\u00edm \u017eivotem.<\/p>\n","protected":false},"author":1,"featured_media":0,"comment_status":"open","ping_status":"open","sticky":false,"template":"","format":"standard","meta":{"ngg_post_thumbnail":0,"footnotes":""},"categories":[6,1],"tags":[],"class_list":["post-11673","post","type-post","status-publish","format-standard","hentry","category-co-jsem-nerekl","category-publikovane-clanky"],"_links":{"self":[{"href":"https:\/\/www.ladislavjakl.cz\/index.php?rest_route=\/wp\/v2\/posts\/11673","targetHints":{"allow":["GET"]}}],"collection":[{"href":"https:\/\/www.ladislavjakl.cz\/index.php?rest_route=\/wp\/v2\/posts"}],"about":[{"href":"https:\/\/www.ladislavjakl.cz\/index.php?rest_route=\/wp\/v2\/types\/post"}],"author":[{"embeddable":true,"href":"https:\/\/www.ladislavjakl.cz\/index.php?rest_route=\/wp\/v2\/users\/1"}],"replies":[{"embeddable":true,"href":"https:\/\/www.ladislavjakl.cz\/index.php?rest_route=%2Fwp%2Fv2%2Fcomments&post=11673"}],"version-history":[{"count":1,"href":"https:\/\/www.ladislavjakl.cz\/index.php?rest_route=\/wp\/v2\/posts\/11673\/revisions"}],"predecessor-version":[{"id":11674,"href":"https:\/\/www.ladislavjakl.cz\/index.php?rest_route=\/wp\/v2\/posts\/11673\/revisions\/11674"}],"wp:attachment":[{"href":"https:\/\/www.ladislavjakl.cz\/index.php?rest_route=%2Fwp%2Fv2%2Fmedia&parent=11673"}],"wp:term":[{"taxonomy":"category","embeddable":true,"href":"https:\/\/www.ladislavjakl.cz\/index.php?rest_route=%2Fwp%2Fv2%2Fcategories&post=11673"},{"taxonomy":"post_tag","embeddable":true,"href":"https:\/\/www.ladislavjakl.cz\/index.php?rest_route=%2Fwp%2Fv2%2Ftags&post=11673"}],"curies":[{"name":"wp","href":"https:\/\/api.w.org\/{rel}","templated":true}]}}