{"id":11680,"date":"2021-01-19T10:10:58","date_gmt":"2021-01-19T09:10:58","guid":{"rendered":"http:\/\/www.ladislavjakl.cz\/?p=11680"},"modified":"2021-01-19T10:10:58","modified_gmt":"2021-01-19T09:10:58","slug":"jakl-presne-pred-rokem-chteji-nas-prozakazovat-k-dobru","status":"publish","type":"post","link":"https:\/\/www.ladislavjakl.cz\/?p=11680","title":{"rendered":"Jakl p\u0159esn\u011b p\u0159ed rokem: cht\u011bj\u00ed n\u00e1s proz\u00e1kazovat k dobru"},"content":{"rendered":"<p>Ladislav Jakl p\u0159esn\u011b p\u0159ed rokem na Dni rebel\u016f 20. ledna 2019 v \u0158eporyj\u00edch mluv\u00ed o tom, \u017ee kverulovat, demonstrovat nespokojenost a bou\u0159it se, to nesta\u010d\u00ed. Je nutno b\u00fdt p\u0159ipraven na n\u00e1sledky, je nutno n\u011bco ob\u011btovat.<\/p>\n<p><!--more--><\/p>\n<p><iframe loading=\"lazy\" title=\"Jakl v lednu 2020: Rebeluj\u00edc\u00ed za svobodu mus\u00ed b\u00fdt ochoten p\u0159in\u00e1\u0161et ob\u011bti\" width=\"500\" height=\"281\" src=\"https:\/\/www.youtube.com\/embed\/nEdTLz9YhL4?feature=oembed\" frameborder=\"0\" allow=\"accelerometer; autoplay; clipboard-write; encrypted-media; gyroscope; picture-in-picture; web-share\" referrerpolicy=\"strict-origin-when-cross-origin\" allowfullscreen><\/iframe><\/p>\n","protected":false},"excerpt":{"rendered":"<p>Ladislav Jakl p\u0159esn\u011b p\u0159ed rokem na Dni rebel\u016f 20. ledna 2019 v \u0158eporyj\u00edch mluv\u00ed o tom, \u017ee kverulovat, demonstrovat nespokojenost a bou\u0159it se, to nesta\u010d\u00ed. Je nutno b\u00fdt p\u0159ipraven na n\u00e1sledky, je nutno n\u011bco ob\u011btovat.<\/p>\n","protected":false},"author":1,"featured_media":0,"comment_status":"open","ping_status":"open","sticky":false,"template":"","format":"standard","meta":{"ngg_post_thumbnail":0,"footnotes":""},"categories":[12],"tags":[],"class_list":["post-11680","post","type-post","status-publish","format-standard","hentry","category-video"],"_links":{"self":[{"href":"https:\/\/www.ladislavjakl.cz\/index.php?rest_route=\/wp\/v2\/posts\/11680","targetHints":{"allow":["GET"]}}],"collection":[{"href":"https:\/\/www.ladislavjakl.cz\/index.php?rest_route=\/wp\/v2\/posts"}],"about":[{"href":"https:\/\/www.ladislavjakl.cz\/index.php?rest_route=\/wp\/v2\/types\/post"}],"author":[{"embeddable":true,"href":"https:\/\/www.ladislavjakl.cz\/index.php?rest_route=\/wp\/v2\/users\/1"}],"replies":[{"embeddable":true,"href":"https:\/\/www.ladislavjakl.cz\/index.php?rest_route=%2Fwp%2Fv2%2Fcomments&post=11680"}],"version-history":[{"count":1,"href":"https:\/\/www.ladislavjakl.cz\/index.php?rest_route=\/wp\/v2\/posts\/11680\/revisions"}],"predecessor-version":[{"id":11681,"href":"https:\/\/www.ladislavjakl.cz\/index.php?rest_route=\/wp\/v2\/posts\/11680\/revisions\/11681"}],"wp:attachment":[{"href":"https:\/\/www.ladislavjakl.cz\/index.php?rest_route=%2Fwp%2Fv2%2Fmedia&parent=11680"}],"wp:term":[{"taxonomy":"category","embeddable":true,"href":"https:\/\/www.ladislavjakl.cz\/index.php?rest_route=%2Fwp%2Fv2%2Fcategories&post=11680"},{"taxonomy":"post_tag","embeddable":true,"href":"https:\/\/www.ladislavjakl.cz\/index.php?rest_route=%2Fwp%2Fv2%2Ftags&post=11680"}],"curies":[{"name":"wp","href":"https:\/\/api.w.org\/{rel}","templated":true}]}}