{"id":11682,"date":"2021-01-19T10:13:36","date_gmt":"2021-01-19T09:13:36","guid":{"rendered":"http:\/\/www.ladislavjakl.cz\/?p=11682"},"modified":"2021-01-19T10:13:36","modified_gmt":"2021-01-19T09:13:36","slug":"ladislav-jakl-kdyz-dva-delaji-totez","status":"publish","type":"post","link":"https:\/\/www.ladislavjakl.cz\/?p=11682","title":{"rendered":"Ladislav Jakl: Kdy\u017e dva d\u011blaj\u00ed tot\u00e9\u017e"},"content":{"rendered":"<p>Do s\u00eddla demokratick\u00e9 instituce vtrhne dav a znemo\u017en\u00ed zvolen\u00fdm z\u00e1stupc\u016fm lidu, aby \u0159\u00e1dn\u011b zasedli a ustanovili pro p\u0159\u00ed\u0161t\u00ed \u010dty\u0159i roky prvn\u00edho ob\u010dana. Plat\u00ed na to r\u010den\u00ed: kdo seje v\u00edtr, skl\u00edz\u00ed bou\u0159i? A co na to m\u00e9dia? Odsuzuj\u00ed vp\u00e1d davu? Tleskaj\u00ed mu?<\/p>\n<p><!--more--><\/p>\n<p>\u010cesko nen\u00ed Amerikou. Tady m\u00e1me v\u0161echno men\u0161\u00ed a m\u00e9n\u011b dramatick\u00e9. P\u0159esto jsme v&nbsp;n\u011bkter\u00fdch v\u011bcech v\u00edce ne\u017e o deset let p\u0159ed Amerikou. I ten vp\u00e1d ulice na p\u016fdu demokratick\u00e9 instituce jsme u\u017e tu m\u011bli. I kdy\u017e ne na p\u016fd\u011b parlamentu, ale \u201ejen\u201e pra\u017esk\u00e9ho zastupitelstva.<\/p>\n<p>Vzpom\u00edn\u00e1te? V&nbsp;roce 2010 vyhr\u00e1la pra\u017esk\u00e9 komun\u00e1ln\u00ed volby TOP 09, za kterou kandidoval na m\u00edsto prim\u00e1tora n\u011bkdej\u0161\u00ed guvern\u00e9r \u010cesk\u00e9 n\u00e1rodn\u00ed banky Zden\u011bk T\u016fma. TOP 09 ale nesehnala pro vl\u00e1dnut\u00ed koali\u010dn\u00edho partnera, zat\u00edmco dal\u0161\u00ed strany v&nbsp;po\u0159ad\u00ed \u2013 ODS a \u010cSSD \u2013 se domluvily na koalici s&nbsp;t\u00edm, \u017ee prim\u00e1torem bude kandid\u00e1t ODS, n\u011bkdej\u0161\u00ed prezident \u010cesk\u00e9 l\u00e9ka\u0159sk\u00e9 komory Bohuslav Svoboda.<\/p>\n<p>S&nbsp;t\u00edm se ale fanou\u0161ci TOP 09 nesm\u00ed\u0159ili a rozhodli se, \u017ee ustavuj\u00edc\u00ed sch\u016fzi pra\u017esk\u00e9ho zastupitelstva silou zablokuj\u00ed. Se\u0161li se ve velk\u00e9m houfu, a pod veden\u00edm n\u011bkdej\u0161\u00edho prezidenta republiky V\u00e1clava Havla vtrhli do zasedac\u00ed s\u00edn\u011b, p\u00edskali, skandovali, pok\u0159ikovali, a t\u00edm hlasov\u00e1n\u00ed o nov\u00e9 rad\u011b m\u011bsta a o prim\u00e1torovi pro onu chv\u00edli zma\u0159ili.<\/p>\n<p>Zaj\u00edmav\u00fdm byl tehdy pr\u00e1v\u011b postoj Havl\u016fv. Jednak t\u00edm Havel jednou prov\u017edy vy\u0159e\u0161il ot\u00e1zku, zda je vhodn\u00e9, aby se b\u00fdval\u00ed prezidenti \u00fa\u010dastnili demonstrac\u00ed, jednak po\u017eadoval vlastn\u011b \u00fapln\u011b p\u0159esn\u00fd opak toho, \u010deho se dom\u00e1hal po poslaneck\u00fdch volb\u00e1ch o 12 let d\u0159\u00edve. V&nbsp;roce 1998 mu vadilo (a to natolik, \u017ee zva\u017eoval \u00fastavn\u00ed \u017ealobu, od kter\u00e9 pak moud\u0159e ustoupil), \u017ee vl\u00e1du sestavila v\u00edt\u011bzn\u00e1 \u010cSSD, a po\u017eadoval, aby se spojili pora\u017een\u00ed a vl\u00e1dy se m\u00edsto v\u00edt\u011bze ujali sami. V&nbsp;roce 2010 zas naopak brojil proti tomu, aby se dohodli pora\u017een\u00ed, a po\u017eadoval, aby nechali vl\u00e1dnout v\u00edt\u011bze (tedy si vlastn\u011b vynucoval jakousi pra\u017eskou opozi\u010dn\u00ed smlouvu).<\/p>\n<p>Tehdy Havel a v\u0161ichni jemu bl\u00edzc\u00ed moraliz\u00e1to\u0159i (i v&nbsp;m\u00e9di\u00edch) pova\u017eovali za zcela legitimn\u00ed demonstrac\u00ed naru\u0161it sch\u016fzi zvolen\u00fdch zastupitel\u016f, proto\u017ee tito zastupitel\u00e9 m\u011bli v&nbsp;\u00famyslu hlasovat jinak, ne\u017e si moraliz\u00e1to\u0159i a dav p\u0159\u00e1l (&nbsp;<a href=\"https:\/\/www.idnes.cz\/zpravy\/domaci\/kdo-seje-vitr-sklizi-bouri-chvali-havel-protest-na-magistratu-proti-velke-koalici.A101130_120522_domaci_kop\">https:\/\/www.idnes.cz\/zpravy\/domaci\/kdo-seje-vitr-sklizi-bouri-chvali-havel-protest-na-magistratu-proti-velke-koalici.A101130_120522_domaci_kop<\/a>&nbsp;). Havel vtrhnut\u00ed davu na zased\u00e1n\u00ed volen\u00e9ho org\u00e1nu glosoval v\u011btou \u201ekdo seje v\u00edtr, skl\u00edz\u00ed bou\u0159i.\u201c Tehdy byl virv\u00e1l v&nbsp;demokratick\u00e9 instituci mnoh\u00fdmi jemu bl\u00edzk\u00fdmi pova\u017eov\u00e1n za projev \u017eivouc\u00ed ob\u010dansk\u00e9 spole\u010dnosti.<\/p>\n<p>Inu, \u010cesko nen\u00ed Amerikou, a rok 2010 nen\u00ed rokem 2021.<\/p>\n<p><em>Ladislav Jakl, dne 14. ledna 2021<\/em><\/p>\n<p><a href=\"https:\/\/www.institutvk.cz\/clanky\/1686.html\">Zdroj<\/a><\/p>\n","protected":false},"excerpt":{"rendered":"<p>Do s\u00eddla demokratick\u00e9 instituce vtrhne dav a znemo\u017en\u00ed zvolen\u00fdm z\u00e1stupc\u016fm lidu, aby \u0159\u00e1dn\u011b zasedli a ustanovili pro p\u0159\u00ed\u0161t\u00ed \u010dty\u0159i roky prvn\u00edho ob\u010dana. Plat\u00ed na to r\u010den\u00ed: kdo seje v\u00edtr, skl\u00edz\u00ed bou\u0159i? A co na to m\u00e9dia? Odsuzuj\u00ed vp\u00e1d davu? Tleskaj\u00ed mu?<\/p>\n","protected":false},"author":1,"featured_media":0,"comment_status":"open","ping_status":"open","sticky":false,"template":"","format":"standard","meta":{"ngg_post_thumbnail":0,"footnotes":""},"categories":[1],"tags":[],"class_list":["post-11682","post","type-post","status-publish","format-standard","hentry","category-publikovane-clanky"],"_links":{"self":[{"href":"https:\/\/www.ladislavjakl.cz\/index.php?rest_route=\/wp\/v2\/posts\/11682","targetHints":{"allow":["GET"]}}],"collection":[{"href":"https:\/\/www.ladislavjakl.cz\/index.php?rest_route=\/wp\/v2\/posts"}],"about":[{"href":"https:\/\/www.ladislavjakl.cz\/index.php?rest_route=\/wp\/v2\/types\/post"}],"author":[{"embeddable":true,"href":"https:\/\/www.ladislavjakl.cz\/index.php?rest_route=\/wp\/v2\/users\/1"}],"replies":[{"embeddable":true,"href":"https:\/\/www.ladislavjakl.cz\/index.php?rest_route=%2Fwp%2Fv2%2Fcomments&post=11682"}],"version-history":[{"count":1,"href":"https:\/\/www.ladislavjakl.cz\/index.php?rest_route=\/wp\/v2\/posts\/11682\/revisions"}],"predecessor-version":[{"id":11683,"href":"https:\/\/www.ladislavjakl.cz\/index.php?rest_route=\/wp\/v2\/posts\/11682\/revisions\/11683"}],"wp:attachment":[{"href":"https:\/\/www.ladislavjakl.cz\/index.php?rest_route=%2Fwp%2Fv2%2Fmedia&parent=11682"}],"wp:term":[{"taxonomy":"category","embeddable":true,"href":"https:\/\/www.ladislavjakl.cz\/index.php?rest_route=%2Fwp%2Fv2%2Fcategories&post=11682"},{"taxonomy":"post_tag","embeddable":true,"href":"https:\/\/www.ladislavjakl.cz\/index.php?rest_route=%2Fwp%2Fv2%2Ftags&post=11682"}],"curies":[{"name":"wp","href":"https:\/\/api.w.org\/{rel}","templated":true}]}}