{"id":11691,"date":"2021-02-04T11:27:42","date_gmt":"2021-02-04T10:27:42","guid":{"rendered":"http:\/\/www.ladislavjakl.cz\/?p=11691"},"modified":"2021-02-04T11:27:42","modified_gmt":"2021-02-04T10:27:42","slug":"dockame-se-podle-ladislava-jakla-zinscenovaneho-atentatu","status":"publish","type":"post","link":"https:\/\/www.ladislavjakl.cz\/?p=11691","title":{"rendered":"Do\u010dk\u00e1me se podle Ladislava Jakla zinscenovan\u00e9ho atent\u00e1tu?"},"content":{"rendered":"<p>M\u00e1me tu \u00fastavn\u00ed krizi a u holi\u010de nebyl 40 let, \u0159\u00edk\u00e1 Ladislav Jakl v exkluzivn\u00edm rozhovoru pro VIPosobnosti.cz. Pro\u010d je podle Jakla lep\u0161\u00ed blb\u011b prohr\u00e1t, jak vn\u00edm\u00e1 rozhodnut\u00ed premi\u00e9ra Babi\u0161e a co by podle n\u011bj v t\u011bchto chv\u00edl\u00edch ud\u011blal V\u00e1clav Klaus?<\/p>\n<p><!--more--><\/p>\n<p><b>Pane Jakle, za\u010dn\u011bme aktu\u00e1ln\u011b. Jak byste okomentoval rozhodnut\u00ed \u00dastavn\u00edho soudu?<\/b><\/p>\n<p>Za nejv\u00e1\u017en\u011bj\u0161\u00ed na rozhodnut\u00ed \u00dastavn\u00edho soudu pova\u017euji fakt, \u017ee volebn\u00ed z\u00e1kon se stal jeho z\u00e1sahem nefunk\u010dn\u00edm. Volby nyn\u00ed nemohou b\u00fdt, ani\u017e bude z\u00e1kon dopln\u011bn. Politick\u00e1 reprezentace by nyn\u00ed m\u011bla z\u00e1kon dopracovat. \u00dastavn\u00ed soud ale p\u0159ece nesm\u00ed moci z\u00e1konod\u00e1rn\u00e9 ani v\u00fdkonn\u00e9 ukl\u00e1dat \u00fakoly. M\u016f\u017ee pouze jejich ur\u010dit\u00fd krok ozna\u010dit za odporuj\u00edc\u00ed \u00fastav\u011b a zru\u0161it ho. Stav se v&nbsp;takov\u00e9m p\u0159\u00edpad\u011b vrac\u00ed do situace p\u0159ed on\u00edm krokem. To ale nyn\u00ed nen\u00ed mo\u017en\u00e9. P\u016fvodn\u00ed syst\u00e9m z&nbsp;devades\u00e1t\u00fdch let d\u00e1vno neplat\u00ed, nen\u00ed sou\u010d\u00e1st\u00ed pr\u00e1vn\u00edho \u0159\u00e1du. Co kdy\u017e se politick\u00e1 reprezentace na nov\u00e9m z\u00e1kon\u011b neshodne? M\u00e1me tu v&nbsp;takov\u00e9m p\u0159\u00edpad\u011b naprosto klasickou \u00fastavn\u00ed krizi. A zp\u016fsob\u00ed ji \u00daS a \u00daS ji nijak nem\u016f\u017ee \u0159e\u0161it. \u0160krtnul sirkou a utekl.<\/p>\n<p><b>V N\u011bmecku se z\u0159izuj\u00ed deten\u010dn\u00ed t\u00e1bory, na Slovensku se mluv\u00ed o dal\u0161\u00edch zp\u0159\u00edsn\u011bn\u00edch\u2026 Kam a\u017e podle v\u00e1s m\u016f\u017eou vl\u00e1dy zaj\u00edt, aby dos\u00e1hli poslu\u0161nosti a strachu v lidech?<\/b><\/p>\n<p>Mysl\u00edm, \u017ee zajdou p\u0159esn\u011b tam, kam jim to dovol\u00ed ve\u0159ejnost. Dopad restrikc\u00ed na lidi je velmi r\u016fznorod\u00fd. Na n\u011bkter\u00e9 lidi z\u00e1kazy nedopadaj\u00ed t\u00e9m\u011b\u0159 v\u016fbec. Nikam tihle lid\u00e9 ani d\u0159\u00edve nechodili, spole\u010densky ne\u017eili, nenav\u0161t\u011bvovali se, jejich p\u0159\u00edjem nen\u00ed ohro\u017een. I oni jsou sice ohro\u017eeni celkov\u00fdm spole\u010densk\u00fdm \u00fapadkem, devastac\u00ed \u0161kolstv\u00ed a hospod\u00e1\u0159sk\u00fdm rozvratem, ale aktu\u00e1ln\u011b to tak zat\u00edm nec\u00edt\u00ed. Jin\u00ed lid\u00e9 jsou vyd\u011b\u0161eni medi\u00e1ln\u00ed smr\u0161t\u00ed a t\u0159esou se strachy. Jin\u00ed maj\u00ed opatrnick\u00fd naturel. Jin\u00ed jsou prost\u011b poctiv\u00ed v&nbsp;dodr\u017eov\u00e1n\u00ed pravidel, i kdyby ona pravidla byla protismysln\u00e1.&nbsp;<\/p>\n<p>N\u011bkte\u0159\u00ed lid\u00e9 podporuj\u00ed restrikce v\u016f\u010di konkr\u00e9tn\u00edm odv\u011btv\u00edm jen proto, jeliko\u017e tato odv\u011btv\u00ed sami neu\u017e\u00edvaj\u00ed. T\u0159eba j\u00e1 jsem nebyl u holi\u010de 40 let, tak by mi mohlo b\u00fdt jedno, kdyby cel\u00fd tenhle sektor zanikl. Ale nen\u00ed mi to jedno. Pokud jednomu \u010dlov\u011bku ubude svobody, ubude v\u0161em, pokud jednomu se za\u010dne da\u0159it kv\u016fli z\u00e1kaz\u016fm dramaticky h\u016f\u0159, da\u0159\u00ed se h\u016f\u0159 nakonec v\u0161em. Vl\u00e1dy jednaj\u00ed podle jednoduch\u00e9ho sch\u00e9matu. Dokud budou m\u00edt pocit, \u017ee u v\u00fdznamn\u00e9 \u010d\u00e1sti obyvatel politika z\u00e1kaz\u016f, omezov\u00e1n\u00ed, strachu a restrikc\u00ed zab\u00edr\u00e1, budou d\u00e1l utahovat \u0161rouby. Pokud budou m\u00edt pocit, \u017ee v\u00fdznamn\u00e1 \u010d\u00e1st ve\u0159ejnosti vol\u00e1 po r\u00e1zn\u00fdch \u010dinech hlavanehlava, budou se podle toho chovat. V\u0161e se odv\u00edj\u00ed od n\u00e1lad ve ve\u0159ejnosti.&nbsp;&nbsp;&nbsp;<\/p>\n<p><b>Impeachment v USA. Jak podle v\u00e1s dopadne a kde vid\u00edte Donalda Trumpa v n\u00e1sleduj\u00edc\u00edch letech?<\/b><\/p>\n<p>Inici\u00e1to\u0159i impeachmentu neusp\u011bj\u00ed, bude jim chyb\u011bt n\u011bkolik republik\u00e1nsk\u00fdch hlas\u016f. Ale to inici\u00e1to\u0159i v\u011bd\u00ed od za\u010d\u00e1tku, ned\u011blaj\u00ed to kv\u016fli v\u00fdsledku, ale kv\u016fli akci sam\u00e9. Pot\u0159ebuj\u00ed atmosf\u00e9ru pro tot\u00e1ln\u00ed \u010distky, naprost\u00e9 zastra\u0161en\u00ed a zadup\u00e1n\u00ed pravice, jej\u00ed \u00fapln\u00e9 zdiskreditov\u00e1n\u00ed a kriminalizaci. To v\u0161e m\u00e1 b\u011bhem n\u011bkolika t\u00fddn\u016f, maxim\u00e1ln\u011b m\u011bs\u00edc\u016f dokon\u010dit mocensk\u00fd p\u0159evrat v&nbsp;USA. A kde vid\u00edm Trumpa v&nbsp;bl\u00edzk\u00e9 budoucnosti? Mysl\u00edm, \u017ee u\u017e p\u0159es t\u0159i m\u011bs\u00edce d\u00e1v\u00e1 jasn\u011b najevo, \u017ee nehodl\u00e1 zmizet ze spole\u010densk\u00e9 sc\u00e9ny. Nashrom\u00e1\u017edil ohromn\u00fd politick\u00fd kapit\u00e1l, v\u011b\u0159\u00ed mu p\u016flka Ameriky. Proto tak\u00e9 bojoval do posledn\u00edho dechu proti velmi krkolomn\u00fdm volebn\u00edm v\u00fdsledk\u016fm \u2013 ne kv\u016fli odvr\u00e1cen\u00ed prohry (to nep\u0159ipadalo v&nbsp;\u00favahu u\u017e den po volb\u00e1ch), ale kv\u016fli tomu, aby dostate\u010dn\u011b jasn\u011b prodal svou pozici toho, na n\u011bm\u017e byla sp\u00e1ch\u00e1na k\u0159ivda, a aby novou moc v&nbsp;o\u010d\u00edch sv\u00fdch p\u0159\u00edznivc\u016f nav\u017edy spojil s&nbsp;obrazem uzurp\u00e1tor\u016f.&nbsp;<\/p>\n<p>Mysl\u00edm, \u017ee se uk\u00e1\u017ee pravdivost v\u00fdroku, kter\u00fd od listopadu snad ne\u0159\u00edk\u00e1m jen j\u00e1: \u017ee je v\u017edy lep\u0161\u00ed \u201eblb\u011b prohr\u00e1t\u201c ne\u017e \u201eblb\u011b vyhr\u00e1t\u201c. Blb\u011b ve smyslu nespravedliv\u011b. Nespravedliv\u011b pora\u017een\u00fd bude m\u00edt bonus toho, kdo si zaslou\u017e\u00ed solidaritu, nespravedliv\u011b zv\u00edt\u011bziv\u0161\u00ed bude m\u00edt naopak cejch onoho uzurp\u00e1tora. A na tom se d\u00e1 v&nbsp;p\u0159\u00ed\u0161t\u00edch letech stav\u011bt. Konkr\u00e9tn\u00ed podoba zhodnocen\u00ed tohoto Trumpova politick\u00e9ho kapit\u00e1lu se teprve uk\u00e1\u017ee. A uplakan\u00fdm moralist\u016fm, kte\u0159\u00ed Trumpovi vy\u010d\u00edtaj\u00ed neschopnost p\u0159ijmout por\u00e1\u017eku, bych r\u00e1d p\u0159ipomn\u011bl: a p\u0159ijala snad n\u011bkdy druh\u00e1 strana svou por\u00e1\u017eku po jeho v\u00edt\u011bzstv\u00ed v&nbsp;roce 2016? Cel\u00e9 \u010dty\u0159i roky byly obdob\u00edm neust\u00e1l\u00e9ho zpochyb\u0148ov\u00e1n\u00ed legitimity jeho vl\u00e1dy, byly obdob\u00edm impeachmentu \u010di vy\u0161et\u0159ov\u00e1n\u00ed nikdy neprok\u00e1zan\u00e9 \u201erusk\u00e9 stopy\u201c. Tak kdo tady m\u00e1 mor\u00e1ln\u00ed pr\u00e1vo dnes Trumpa peskovat, \u017ee. To oni rozd\u011blili americkou ve\u0159ejnost. Pokud m\u00e1m ale je\u0161t\u011b n\u011bco poznamenat sp\u00ed\u0161 ke kr\u00e1tkodob\u00fdm efekt\u016fm sou\u010dasn\u00e9ho stavu, pak o\u010dek\u00e1v\u00e1m dramatick\u00e9 p\u0159itvrzen\u00ed nov\u00e9 moci, likvidaci politick\u00fdch pr\u00e1v shroma\u017e\u010fov\u00e1n\u00ed, spol\u010dov\u00e1n\u00ed, svobody slova. T\u0159eba se do\u010dk\u00e1me i zinscenovan\u00e9ho atent\u00e1tu na n\u011bkter\u00e9ho pro impeachment hlasovav\u0161\u00edho republik\u00e1na, kdov\u00ed, jak daleko to v\u0161echno m\u016f\u017ee zaj\u00edt.&nbsp;&nbsp;&nbsp;&nbsp;&nbsp;<\/p>\n<p><b>Kdy\u017e jsme u t\u00e9 mezin\u00e1rodn\u00ed politiky, jak se bude vyv\u00edjet situace na Taiwanu?<\/b><\/p>\n<p>Na Tchajwanu? To je jak kv\u00edz ze zem\u011bpisu. Ale dobr\u00e1. Na Tchajwanu se nyn\u00ed nic zas tak zaj\u00edmav\u00e9ho ned\u011bje. Vl\u00e1dne tam u\u017e p\u0159ed 70 let st\u00e1le stejn\u00e1 klika. Neusiluje o nez\u00e1vislost, usiluje se o celou \u010c\u00ednu, v\u010detn\u011b Tibetu. Ale d\u011bl\u00e1 to opatrn\u011b, p\u0159esn\u011b tak, aby si to s Pekingem moc nerozh\u00e1zela, proto\u017ee t\u00e9m\u011b\u0159 v\u0161echen ostrovn\u00ed zahrani\u010dn\u00ed obchod je veden s pevninskou \u010c\u00ednou. \u010c\u00edn\u011b sou\u010dasn\u00fd stav tak\u00e9 vyhovuje, p\u0159es Tchajpejskou vl\u00e1du realizuje v\u00fdznamnou \u010d\u00e1st sv\u00e9ho obchodu. Spor se tedy udr\u017euje sp\u00ed\u0161 v ceremoni\u00e1ln\u00ed a symbolick\u00e9 podob\u011b. Ale \u010c\u00edna je velmi citliv\u00e1 na to, kdy\u017e se n\u011bkdo k Tchajwanu chov\u00e1 jako k samostatn\u00e9 zemi. To nen\u00ed kv\u016fli tomu, \u017ee by se b\u00e1la o jeden ostrov, kter\u00fd stejn\u011b fakticky nedr\u017e\u00ed. Boj\u00ed se n\u00e1vratu k dob\u00e1m, kter\u00e9 panovaly od konce sv\u011btov\u00e9 v\u00e1lky a\u017e do 70. let, kdy byl Tchajwan uzn\u00e1v\u00e1n za jedin\u00e9ho ofici\u00e1ln\u00edho reprezentanta cel\u00e9 miliardov\u00e9 \u010c\u00edny a sed\u011bl i na \u010d\u00ednsk\u00e9 \u017eidli v OSN a Rad\u011b bezpe\u010dnosti. N\u011bkte\u0159\u00ed hloup\u011bj\u0161\u00ed politici od n\u00e1s si spor kolem Tchajwanu vykl\u00e1daj\u00ed jako boj o nez\u00e1vislost versus boj o nadvl\u00e1du. On je to ale ve skute\u010dnosti boj o legitimitu vl\u00e1dy v Pekingu. V \u010d\u00ednsko-\u010d\u00ednsk\u00e9m sporu jde sp\u00ed\u0161e o boj naoko, pro dom\u00e1c\u00ed publikum, jen v nech\u00e1pav\u00e9m vzd\u00e1len\u00e9m zahrani\u010d\u00ed to ob\u010das bere n\u011bkdo v\u00e1\u017en\u011b. Eskalace sporu m\u016f\u017ee b\u00fdt vyvol\u00e1na jen z\u00e1sahy zven\u010d\u00ed. A prod\u011blal by na n\u00ed ka\u017ed\u00fd, i ten, kdo se na ni dnes t\u011b\u0161\u00ed.&nbsp;&nbsp;<\/p>\n<p><b>Poj\u010fme zp\u00e1tky k&nbsp;n\u00e1m. Jak hodnot\u00edte \u010deskou sc\u00e9nu. Havl\u00ed\u010dek \u010dek\u00e1 na Blatn\u00e9ho, Blatn\u00fd na Babi\u0161e a nad t\u00edm v\u0161\u00edm bd\u00ed prezident Zeman&#8230;<\/b><\/p>\n<p>M\u011bla jste p\u0159ihodit i opozici. Politick\u00e1 debata mezi vl\u00e1dou a opozic\u00ed mi toti\u017e p\u0159ijde jako handrkov\u00e1n\u00ed mezi t\u011bmi, kdo n\u00e1s cht\u011bj\u00ed zamknout do dom\u00e1c\u00edho v\u011bzen\u00ed v \u00fater\u00fd, a t\u011bmi, kdo n\u00e1s tam cht\u011bj\u00ed zamknout a\u017e ve st\u0159edu a zajistit n\u00e1m na ubikace rann\u00ed noviny. H\u00e1daj\u00ed se o naprosto nepodstatn\u00e9 malichernosti, co kdo m\u011bl jak ozn\u00e1mit, jestli m\u011bl m\u00edt sukni nebo kalhoty, jestli to m\u011bl \u0159\u00edct na tiskovce, nebo j\u00edt do televize. V&nbsp;j\u00e1dru ale v\u0161ichni \u0159\u00edkaj\u00ed tot\u00e9\u017e: pod z\u00e1minkou jedn\u00e9 z&nbsp;mnoha minul\u00fdch i budouc\u00edch vln naka\u017eliv\u00fdch mikrob\u016f je nutno ud\u011blat ze spole\u010dnosti st\u00e1do ovc\u00ed v\u0161ech pr\u00e1v zbaven\u00fdch. J\u00e1 budu volit jen toho, kdo jasn\u011b \u0159ekne: po\u017eaduji konec restrikc\u00ed. Ne toho, kdo na vl\u00e1dn\u00ed politice kritizuje jen malichernosti.<\/p>\n<p><b>Mluv\u00ed se o tom, \u017ee premi\u00e9r Babi\u0161 je v kontaktu p\u0159edev\u0161\u00edm s N\u011bmeckem a Rakouskem a podle jejich instrukc\u00ed se \u0159\u00edd\u00ed v opat\u0159en\u00ed i \u010cesko. Je tomu tak?<\/b><\/p>\n<p>Ano, p\u0159esn\u011b tak to je. Na na\u0161eho premi\u00e9ra a dal\u0161\u00ed \u010dleny vl\u00e1dy, ba i na v\u011bt\u0161inu opozi\u010dn\u00edch politik\u016f by se hodil vtip: Jde Babi\u0161 za slunn\u00e9ho odpoledne po V\u00e1clav\u00e1ku a nad hlavou dr\u017e\u00ed rozta\u017een\u00fd de\u0161tn\u00edk. Potk\u00e1 ho ob\u010dan a pt\u00e1 se: na co ten de\u0161tn\u00edk, pane premi\u00e9re, v\u017edy\u0165 nepr\u0161\u00ed. A Babi\u0161 odpov\u00ed: ale v&nbsp;Berl\u00edn\u011b a v&nbsp;Bruselu pr\u0161\u00ed! P\u0159esn\u011b tak je to s&nbsp;nejnov\u011bj\u0161\u00ed vlnou zp\u0159\u00eds\u0148ov\u00e1n\u00ed plo\u0161n\u00e9 karant\u00e9ny u n\u00e1s. Podle \u010d\u00edsel by se u\u017e m\u011bs\u00edc m\u011blo uvol\u0148ovat, ale N\u011bmci n\u00e1m to nedovol\u00ed, proto\u017ee to by si n\u011bmeck\u00fd ob\u010dan u\u017e tak nenechal ochotn\u011b na sob\u011b \u0161t\u00edpat d\u0159\u00edv\u00ed, kdyby vid\u011bl, \u017ee vedle \u010ce\u0161i si \u017eij\u00ed svobodn\u011bji. Z\u00e1kazy u n\u00e1s tyto dny nejsou kv\u016fli na\u0161im \u010d\u00edsl\u016fm \u2013 proto tak\u00e9 v&nbsp;tichosti utratili toho sv\u00e9ho psa &#8211; &nbsp; ale kv\u016fli tomu, co se d\u011bje v&nbsp;N\u011bmecku.&nbsp;&nbsp;<\/p>\n<p><b>Pokud by byl prezidentem v&nbsp;t\u00e9to dob\u011b V\u00e1clav Klaus, jak by se podle v\u00e1s k&nbsp;t\u00e9to situaci?<\/b><\/p>\n<p>No to se zeptejte jeho, j\u00e1 za n\u011bj mluvit nebudu. Role prezidenta republiky ale nen\u00ed v&nbsp;konkr\u00e9tn\u00edch exekutivn\u00edch kroc\u00edch vl\u00e1dy nijak v\u00fdznamn\u00e1. Sv\u016fj v\u00fdznam m\u00e1 v\u0161ak spole\u010densk\u00e9 p\u016fsoben\u00ed hlavy st\u00e1tu, a tady bych si troufl \u0159\u00edci, \u017ee by V\u00e1clav Klaus na rozd\u00edl od sou\u010dasn\u00e9ho prezidenta ur\u010dit\u011b nepodporoval extremistick\u00e9 kroky \u0161\u00edlen\u00e9ho hroba\u0159e \u010desk\u00fdch \u017eivnostn\u00edk\u016f Prymuly.<\/p>\n<p><b>Padaj\u00ed vl\u00e1dy, nap\u0159. v&nbsp;It\u00e1lii \u010di Nizozemsku. Skon\u010d\u00ed p\u0159ed\u010dasn\u011b i ta na\u0161e?<\/b><\/p>\n<p>Polo\u017eit vl\u00e1du v&nbsp;dob\u011b p\u0159edvolebn\u00ed kampan\u011b nen\u00ed \u017e\u00e1dn\u00e9 hrdinstv\u00ed. Je to jen sou\u010d\u00e1st\u00ed kampan\u011b. Mo\u017en\u00e1 k&nbsp;tomu dojde, pro n\u00e1s ob\u010dany z&nbsp;toho ale nebude plynout v\u016fbec nic.<\/p>\n<p><b>Do \u010dela politiky cht\u011bj\u00ed nov\u00e9 tv\u00e1\u0159e. Mezi nimi jsou \u0160lachta, Landa&#8230;jsou to ti spr\u00e1vn\u00ed s nov\u00fdmi vizemy, c\u00edli?<\/b><\/p>\n<p>M\u011b tv\u00e1\u0159e nikdy moc nezaj\u00edmaly. Zaj\u00edmaj\u00ed m\u011b my\u0161lenky a \u010diny. A co se politiky t\u00fd\u010de, \u0159\u00edk\u00e1m u\u017e mnoho let po\u0159\u00e1d dokola jednu tuze m\u00e1lo optimistickou v\u011bc: probl\u00e9m na\u0161\u00ed politick\u00e9 sc\u00e9ny nen\u00ed na stran\u011b nab\u00eddky, ale na stran\u011b popt\u00e1vky. Probl\u00e9m nen\u00ed v&nbsp;tom, \u017ee by chyb\u011bli lid\u00e9, kte\u0159\u00ed by um\u011bli ve\u0159ejnosti nab\u00eddnout sv\u00e9 my\u0161lenky a sv\u00e9 cesty. Probl\u00e9m je v&nbsp;tom, \u017ee ve\u0159ejnost po nov\u00fdch cest\u00e1ch nevol\u00e1.&nbsp;<\/p>\n<p>Zanad\u00e1vat si na p\u00e1r papal\u00e1\u0161\u016f, to \u017e\u00e1dnou strukturovanou popt\u00e1vku samo o sob\u011b nevyvol\u00e1v\u00e1. N\u011bkolik jednotlivc\u016f se klidn\u011b odporou\u010d\u00ed, ale lid\u00e9 si d\u00e1l budou objedn\u00e1vat politiku plnou regulac\u00ed, restrikc\u00ed, z\u00e1kaz\u016f a nesvobody. Pokud by mezi ve\u0159ejnost\u00ed jasn\u011b zavl\u00e1dla pot\u0159eba \u017e\u00edt si podle sv\u00e9ho, p\u0159\u00e1t svobodu i druh\u00fdm a ned\u00e1vat st\u00e1tu moc nad na\u0161imi osudy, pak jsem si jist, \u017ee se okam\u017eit\u011b najdou lid\u00e9 (a\u0165 v&nbsp;\u0159ad\u00e1ch sou\u010dasn\u00fdch politik\u016f \u010di mimo n\u011b), kte\u0159\u00ed takovou popt\u00e1vku uspokoj\u00ed a kte\u0159\u00ed takovou cestu nab\u00eddnou. Kdyby byl probl\u00e9m v&nbsp;nab\u00eddce, bylo by to jednoduch\u00e9. Sta\u010dilo by do politiky dosadit p\u00e1r nov\u00fdch lid\u00ed. Ale pokud je probl\u00e9m v&nbsp;popt\u00e1vce a v&nbsp;rozlo\u017een\u00ed n\u00e1lad mezi ve\u0159ejnost\u00ed, je jedin\u00e9 \u0159e\u0161en\u00ed pr\u00e1v\u011b ve zm\u011bn\u011b t\u011bchto n\u00e1lad. A to je mnohem t\u011b\u017e\u0161\u00ed ne\u017e n\u011bjak\u00e1 ro\u0161\u00e1da v&nbsp;parlamentu.<\/p>\n<p><strong>Zkusme nakonec na\u0161e t\u00e9ma trochu pozm\u011bnit. Vy jste tak\u00e9 muzikant. V&nbsp;ned\u011bli n\u00e1s opustil Ladislav \u0160taidl, minul\u00fd t\u00fdden Hana Maciuchov\u00e1. Odch\u00e1z\u00ed osobnosti a p\u0159edev\u0161\u00edm profesion\u00e1lov\u00e9. Jak vy vn\u00edm\u00e1te tyto ztr\u00e1ty ?<\/strong><\/p>\n<p>V\u00edte, mne daleko v\u00edce zasahuj\u00ed neust\u00e1l\u00e9 ztr\u00e1ty v&nbsp;m\u00e9m okol\u00ed. \u0160koda je ka\u017ed\u00e9ho \u010dlov\u011bka a v&nbsp;povrchn\u00ed dob\u011b je t\u0159eba litovat pomal\u00e9ho ub\u00fdv\u00e1n\u00ed profesionality a mistrovstv\u00ed v&nbsp;oboru. Ale p\u0159eci jen pro m\u011b \u0161lo o hodn\u011b vzd\u00e1len\u00e9 sv\u011bty. Od poloviny sedmdes\u00e1t\u00fdch let a\u017e do konce minul\u00e9ho stolet\u00ed jsem vlastn\u011b v\u016fbec neznal \u2013 a necht\u011bl zn\u00e1t &#8211; televizn\u00ed kulturu. Spl\u00fdvala mi s&nbsp;ofici\u00e1ln\u00edm sv\u011btem. Byl jsem v&nbsp;tom tehdy hodn\u011b nekompromisn\u00ed a mo\u017en\u00e1 i m\u00edsty nespravedliv\u00fd. Ale u\u017e to asi nedo\u017eenu. Koneckonc\u016f, posledn\u00ed dobou m\u00e1m pocit, \u017ee se vrac\u00edm do dob undergroundu. Za chv\u00edli se mo\u017en\u00e1 vr\u00e1t\u00edme i k&nbsp;samizdat\u016fm.&nbsp;<\/p>\n<p><a href=\"https:\/\/www.viposobnosti.cz\/inpage\/lj\/\">Zdroj<\/a><\/p>\n","protected":false},"excerpt":{"rendered":"<p>M\u00e1me tu \u00fastavn\u00ed krizi a u holi\u010de nebyl 40 let, \u0159\u00edk\u00e1 Ladislav Jakl v exkluzivn\u00edm rozhovoru pro VIPosobnosti.cz. Pro\u010d je podle Jakla lep\u0161\u00ed blb\u011b prohr\u00e1t, jak vn\u00edm\u00e1 rozhodnut\u00ed premi\u00e9ra Babi\u0161e a co by podle n\u011bj v t\u011bchto chv\u00edl\u00edch ud\u011blal V\u00e1clav Klaus?<\/p>\n","protected":false},"author":1,"featured_media":0,"comment_status":"open","ping_status":"open","sticky":false,"template":"","format":"standard","meta":{"ngg_post_thumbnail":0,"footnotes":""},"categories":[13],"tags":[],"class_list":["post-11691","post","type-post","status-publish","format-standard","hentry","category-rozhovory"],"_links":{"self":[{"href":"https:\/\/www.ladislavjakl.cz\/index.php?rest_route=\/wp\/v2\/posts\/11691","targetHints":{"allow":["GET"]}}],"collection":[{"href":"https:\/\/www.ladislavjakl.cz\/index.php?rest_route=\/wp\/v2\/posts"}],"about":[{"href":"https:\/\/www.ladislavjakl.cz\/index.php?rest_route=\/wp\/v2\/types\/post"}],"author":[{"embeddable":true,"href":"https:\/\/www.ladislavjakl.cz\/index.php?rest_route=\/wp\/v2\/users\/1"}],"replies":[{"embeddable":true,"href":"https:\/\/www.ladislavjakl.cz\/index.php?rest_route=%2Fwp%2Fv2%2Fcomments&post=11691"}],"version-history":[{"count":1,"href":"https:\/\/www.ladislavjakl.cz\/index.php?rest_route=\/wp\/v2\/posts\/11691\/revisions"}],"predecessor-version":[{"id":11692,"href":"https:\/\/www.ladislavjakl.cz\/index.php?rest_route=\/wp\/v2\/posts\/11691\/revisions\/11692"}],"wp:attachment":[{"href":"https:\/\/www.ladislavjakl.cz\/index.php?rest_route=%2Fwp%2Fv2%2Fmedia&parent=11691"}],"wp:term":[{"taxonomy":"category","embeddable":true,"href":"https:\/\/www.ladislavjakl.cz\/index.php?rest_route=%2Fwp%2Fv2%2Fcategories&post=11691"},{"taxonomy":"post_tag","embeddable":true,"href":"https:\/\/www.ladislavjakl.cz\/index.php?rest_route=%2Fwp%2Fv2%2Ftags&post=11691"}],"curies":[{"name":"wp","href":"https:\/\/api.w.org\/{rel}","templated":true}]}}