{"id":11714,"date":"2021-03-02T11:51:20","date_gmt":"2021-03-02T10:51:20","guid":{"rendered":"http:\/\/www.ladislavjakl.cz\/?p=11714"},"modified":"2021-03-02T11:51:20","modified_gmt":"2021-03-02T10:51:20","slug":"stanovisko-ivk-k-novemu-pandemickemu-zakonu","status":"publish","type":"post","link":"https:\/\/www.ladislavjakl.cz\/?p=11714","title":{"rendered":"Stanovisko IVK k nov\u00e9mu \u201epandemick\u00e9mu\u201c z\u00e1konu"},"content":{"rendered":"<p>Ob\u010dan\u00e9 by m\u011bli zneklidn\u011bt. Je jen zd\u00e1nliv\u011b pozitivn\u00ed, \u017ee se v dne\u0161n\u00ed chaotick\u00e9&nbsp; situaci vl\u00e1da a opozice dohodly na kompromisn\u00edm zn\u011bn\u00ed z\u00e1kona, kter\u00fd vl\u00e1d\u011b uvoln\u00ed ruce v&nbsp;boji s&nbsp;epidemi\u00ed. Spole\u010dn\u00fdm \u00fasil\u00edm vl\u00e1dy a opozice byla v\u00fdznamn\u011b oslabena faktick\u00e1 pr\u00e1vn\u00ed garance z\u00e1kladn\u00edch ob\u010dansk\u00fdch pr\u00e1v a svobod.&nbsp;<strong>Jejich omezov\u00e1n\u00ed \u010di dokonce suspendov\u00e1n\u00ed ztratilo charakter absolutn\u00ed v\u00fdjime\u010dnosti a p\u0159estalo b\u00fdt v\u00e1z\u00e1no na vyhl\u00e1\u0161en\u00ed nouzov\u00e9ho stavu<\/strong>.<\/p>\n<p><!--more--><\/p>\n<p>Z\u00e1kon se tv\u00e1\u0159\u00ed, \u017ee je \u201ejen na jedno pou\u017eit\u00ed\u201c, \u017ee se vztahuje pouze na mimo\u0159\u00e1dn\u00e1 opat\u0159en\u00ed v&nbsp;r\u00e1mci zm\u00edr\u0148ov\u00e1n\u00ed dne\u0161n\u00ed konkr\u00e9tn\u00ed epidemie. Nen\u00ed v\u0161ak v\u016fbec jist\u00e9, zda, kdy, kdo a jak prohl\u00e1s\u00ed epidemii za ukon\u010denou. Virus, kter\u00fd tuto nemoc vyvol\u00e1v\u00e1, tu nejsp\u00ed\u0161e bude nav\u017edy. Dosavadn\u00ed rovnov\u00e1ha v&nbsp;d\u011blb\u011b moci bude u n\u00e1s t\u00edmto z\u00e1konem dlouhodob\u011b vych\u00fdlena ve prosp\u011bch exekutivy, ve prosp\u011bch vl\u00e1dy, ve prosp\u011bch jednoho ministerstva.<\/p>\n<p>Jeden resort \u2013 ministerstvo zdravotnictv\u00ed \u2013 z\u00edsk\u00e1v\u00e1 pr\u00e1vo celost\u00e1tn\u011b omezit takov\u00e1 z\u00e1kladn\u00ed pr\u00e1va ob\u010dan\u016f, jako je svoboda shroma\u017e\u010fovac\u00ed, svoboda pohybu, nedotknutelnost soukrom\u00e9ho majetku, pr\u00e1vo na vzd\u011bl\u00e1n\u00ed, pr\u00e1vo svobodn\u011b podnikat, pr\u00e1vo na soukrom\u00ed. Ministr zdravotnictv\u00ed m\u016f\u017ee omezovat podnik\u00e1n\u00ed a \u0161kolstv\u00ed, m\u016f\u017ee na \u00fazem\u00ed cel\u00e9ho st\u00e1tu ru\u0161it dopravu, obchod, cestov\u00e1n\u00ed a ve\u0159ejn\u00e9 stravov\u00e1n\u00ed a mnoho dal\u0161\u00edch oblast\u00ed lidsk\u00fdch aktivit a \u010dinnost\u00ed a m\u016f\u017ee ukl\u00e1dat drastick\u00e9 likvida\u010dn\u00ed pokuty a\u017e do v\u00fd\u0161e 4 milion\u016f K\u010d.<\/p>\n<p>Z\u00e1kladn\u00ed svobody jsou podstatou politick\u00e9 demokracie a musej\u00ed b\u00fdt maxim\u00e1ln\u011b chr\u00e1n\u011bny.&nbsp;<strong>To, \u017ee se na souhlasu s t\u00edmto nebezpe\u010dn\u00fdm krokem pod\u00edlej\u00ed spole\u010dn\u011b vl\u00e1da i opozice, je alarmuj\u00edc\u00ed<\/strong>. U\u017e podle platn\u00e9 legislativy disponuje vl\u00e1da a dal\u0161\u00ed ve\u0159ejn\u00e9 instituce dostate\u010dn\u00fdmi pravomocemi p\u0159ij\u00edmat opat\u0159en\u00ed proti \u0161\u00ed\u0159en\u00ed naka\u017eliv\u00fdch nemoc\u00ed. Nyn\u00ed v\u0161ak dost\u00e1v\u00e1 do rukou novou mocnou zbra\u0148, jej\u00ed\u017e parlamentn\u00ed kontrola bude v\u00fdrazn\u011b oslabena.<\/p>\n<p>\u0160okuj\u00edc\u00ed je postoj na\u0161\u00ed parlamentn\u00ed opozice. Ta z\u00e1kon tohoto typu od vl\u00e1dy dokonce vy\u017eadovala, m\u00edsto aby br\u00e1nila v\u00fdjime\u010dnost z\u00e1sahu do ob\u010dansk\u00fdch svobod pouze pro situace a procedury stanoven\u00e9 st\u00e1vaj\u00edc\u00edm \u00fastavn\u00edm z\u00e1konem o bezpe\u010dnosti. P\u0159\u00edzna\u010dn\u00e9 je i to, \u017ee byl pandemick\u00fd z\u00e1kon p\u0159ij\u00edm\u00e1n v&nbsp;re\u017eimu legislativn\u00ed nouze, \u017ee byla vynech\u00e1na politick\u00e1 a v\u011bcn\u00e1 debata a \u017ee vl\u00e1da ze dne na den z\u00edskala zcela nov\u00e9 pravomoci, i kdy\u017e epidemie onemocn\u011bn\u00ed Covid-19 prob\u00edh\u00e1 u\u017e rok. Opozice sv\u00fdm souhlasem prodala demokratick\u00e9 principy za kompenzace skupin\u00e1m, kter\u00e9 pova\u017euje za sv\u00e9 voli\u010de.<\/p>\n<p>Historie n\u00e1m ukazuje, \u017ee z\u00e1sadn\u00ed \u00fatok na demokracii v\u017edy za\u010d\u00ednal podobn\u011b, v\u017edy byl zahalen fr\u00e1zemi o nezbytn\u00e9m pos\u00edlen\u00ed akceschopnosti vl\u00e1dnouc\u00ed moci v&nbsp;boji s&nbsp;v\u0161eohro\u017euj\u00edc\u00edm nebezpe\u010d\u00edm.<\/p>\n<p>IVK opakovan\u011b varoval p\u0159ed zneu\u017eit\u00edm pandemie Covid-19 k&nbsp;\u00fatoku na demokracii a ob\u010danskou svobodu. Schv\u00e1len\u00ed tohoto z\u00e1kona n\u00e1m d\u00e1v\u00e1 jednozna\u010dn\u011b za pravdu.<\/p>\n<p><em>Ladislav Jakl, V\u00e1clav Klaus, Ji\u0159\u00ed Weigl, 18. \u00fanora 2021<\/em><\/p>\n<p><a href=\"https:\/\/www.institutvk.cz\/clanky\/1705.html\">Zdroj<\/a><\/p>\n","protected":false},"excerpt":{"rendered":"<p>Ob\u010dan\u00e9 by m\u011bli zneklidn\u011bt. Je jen zd\u00e1nliv\u011b pozitivn\u00ed, \u017ee se v dne\u0161n\u00ed chaotick\u00e9&nbsp; situaci vl\u00e1da a opozice dohodly na kompromisn\u00edm zn\u011bn\u00ed z\u00e1kona, kter\u00fd vl\u00e1d\u011b uvoln\u00ed ruce v&nbsp;boji s&nbsp;epidemi\u00ed. Spole\u010dn\u00fdm \u00fasil\u00edm vl\u00e1dy a opozice byla v\u00fdznamn\u011b oslabena faktick\u00e1 pr\u00e1vn\u00ed garance z\u00e1kladn\u00edch ob\u010dansk\u00fdch pr\u00e1v a svobod.&nbsp;Jejich omezov\u00e1n\u00ed \u010di dokonce suspendov\u00e1n\u00ed ztratilo charakter absolutn\u00ed v\u00fdjime\u010dnosti a p\u0159estalo b\u00fdt [&hellip;]<\/p>\n","protected":false},"author":1,"featured_media":0,"comment_status":"open","ping_status":"open","sticky":false,"template":"","format":"standard","meta":{"ngg_post_thumbnail":0,"footnotes":""},"categories":[1],"tags":[],"class_list":["post-11714","post","type-post","status-publish","format-standard","hentry","category-publikovane-clanky"],"_links":{"self":[{"href":"https:\/\/www.ladislavjakl.cz\/index.php?rest_route=\/wp\/v2\/posts\/11714","targetHints":{"allow":["GET"]}}],"collection":[{"href":"https:\/\/www.ladislavjakl.cz\/index.php?rest_route=\/wp\/v2\/posts"}],"about":[{"href":"https:\/\/www.ladislavjakl.cz\/index.php?rest_route=\/wp\/v2\/types\/post"}],"author":[{"embeddable":true,"href":"https:\/\/www.ladislavjakl.cz\/index.php?rest_route=\/wp\/v2\/users\/1"}],"replies":[{"embeddable":true,"href":"https:\/\/www.ladislavjakl.cz\/index.php?rest_route=%2Fwp%2Fv2%2Fcomments&post=11714"}],"version-history":[{"count":1,"href":"https:\/\/www.ladislavjakl.cz\/index.php?rest_route=\/wp\/v2\/posts\/11714\/revisions"}],"predecessor-version":[{"id":11715,"href":"https:\/\/www.ladislavjakl.cz\/index.php?rest_route=\/wp\/v2\/posts\/11714\/revisions\/11715"}],"wp:attachment":[{"href":"https:\/\/www.ladislavjakl.cz\/index.php?rest_route=%2Fwp%2Fv2%2Fmedia&parent=11714"}],"wp:term":[{"taxonomy":"category","embeddable":true,"href":"https:\/\/www.ladislavjakl.cz\/index.php?rest_route=%2Fwp%2Fv2%2Fcategories&post=11714"},{"taxonomy":"post_tag","embeddable":true,"href":"https:\/\/www.ladislavjakl.cz\/index.php?rest_route=%2Fwp%2Fv2%2Ftags&post=11714"}],"curies":[{"name":"wp","href":"https:\/\/api.w.org\/{rel}","templated":true}]}}