{"id":11716,"date":"2021-03-08T11:23:23","date_gmt":"2021-03-08T10:23:23","guid":{"rendered":"http:\/\/www.ladislavjakl.cz\/?p=11716"},"modified":"2021-03-08T11:23:23","modified_gmt":"2021-03-08T10:23:23","slug":"lada-jakl-ze-zivota","status":"publish","type":"post","link":"https:\/\/www.ladislavjakl.cz\/?p=11716","title":{"rendered":"L\u00e1\u010fa Jakl &#8211; ze \u017eivota"},"content":{"rendered":"<p>Tuto kol\u00e1\u017e jsem p\u0159ipravoval k L\u00e1\u010fov\u00fdm \u0161edes\u00e1tin\u00e1m, ale hotova je nakonec a\u017e te\u010f. Velk\u00e1 v\u011bt\u0161ina obr\u00e1zk\u016f poch\u00e1z\u00ed z let 2009 &#8211; 2019, s drobn\u00fdmi p\u0159esahy. Nejsou to jen fotky. Co obr\u00e1zek, to p\u0159\u00edb\u011bh, to z\u00e1\u017eitek. Ano, je to hlavn\u011b obrazov\u00e1 kronika \u010d\u00e1sti L\u00e1\u010fova hodn\u011b pestr\u00e9ho \u017eivota, ale je to i dokument doby, kterou jsme my v\u0161ichni \u017eili a kter\u00e1 n\u00e1m miz\u00ed p\u0159ed o\u010dima. D\u00edky v\u0161em fotograf\u016fm, bl\u00edzk\u00fdm i vzd\u00e1len\u00fdm, zn\u00e1m\u00fdm i nezn\u00e1m\u00fdm, d\u00edky Folimance Blues za hudbu a hlavn\u011b d\u00edky v\u0161em, kdo jste spolu s L\u00e1\u010fou psali toto vypr\u00e1v\u011bn\u00ed o sv\u011bt\u011b a dob\u011b.<\/p>\n<p><!--more--><\/p>\n<p><iframe loading=\"lazy\" title=\"L\u00e1\u010fa Jakl - ze \u017eivota\" width=\"500\" height=\"281\" src=\"https:\/\/www.youtube.com\/embed\/5P3WM4QTZYI?feature=oembed\" frameborder=\"0\" allow=\"accelerometer; autoplay; clipboard-write; encrypted-media; gyroscope; picture-in-picture; web-share\" referrerpolicy=\"strict-origin-when-cross-origin\" allowfullscreen><\/iframe><\/p>\n<p>V\u00e1clav Jakl<\/p>\n","protected":false},"excerpt":{"rendered":"<p>Tuto kol\u00e1\u017e jsem p\u0159ipravoval k L\u00e1\u010fov\u00fdm \u0161edes\u00e1tin\u00e1m, ale hotova je nakonec a\u017e te\u010f. Velk\u00e1 v\u011bt\u0161ina obr\u00e1zk\u016f poch\u00e1z\u00ed z let 2009 &#8211; 2019, s drobn\u00fdmi p\u0159esahy. Nejsou to jen fotky. Co obr\u00e1zek, to p\u0159\u00edb\u011bh, to z\u00e1\u017eitek. Ano, je to hlavn\u011b obrazov\u00e1 kronika \u010d\u00e1sti L\u00e1\u010fova hodn\u011b pestr\u00e9ho \u017eivota, ale je to i dokument doby, kterou jsme my [&hellip;]<\/p>\n","protected":false},"author":1,"featured_media":0,"comment_status":"open","ping_status":"open","sticky":false,"template":"","format":"standard","meta":{"ngg_post_thumbnail":0,"footnotes":""},"categories":[12],"tags":[],"class_list":["post-11716","post","type-post","status-publish","format-standard","hentry","category-video"],"_links":{"self":[{"href":"https:\/\/www.ladislavjakl.cz\/index.php?rest_route=\/wp\/v2\/posts\/11716","targetHints":{"allow":["GET"]}}],"collection":[{"href":"https:\/\/www.ladislavjakl.cz\/index.php?rest_route=\/wp\/v2\/posts"}],"about":[{"href":"https:\/\/www.ladislavjakl.cz\/index.php?rest_route=\/wp\/v2\/types\/post"}],"author":[{"embeddable":true,"href":"https:\/\/www.ladislavjakl.cz\/index.php?rest_route=\/wp\/v2\/users\/1"}],"replies":[{"embeddable":true,"href":"https:\/\/www.ladislavjakl.cz\/index.php?rest_route=%2Fwp%2Fv2%2Fcomments&post=11716"}],"version-history":[{"count":1,"href":"https:\/\/www.ladislavjakl.cz\/index.php?rest_route=\/wp\/v2\/posts\/11716\/revisions"}],"predecessor-version":[{"id":11717,"href":"https:\/\/www.ladislavjakl.cz\/index.php?rest_route=\/wp\/v2\/posts\/11716\/revisions\/11717"}],"wp:attachment":[{"href":"https:\/\/www.ladislavjakl.cz\/index.php?rest_route=%2Fwp%2Fv2%2Fmedia&parent=11716"}],"wp:term":[{"taxonomy":"category","embeddable":true,"href":"https:\/\/www.ladislavjakl.cz\/index.php?rest_route=%2Fwp%2Fv2%2Fcategories&post=11716"},{"taxonomy":"post_tag","embeddable":true,"href":"https:\/\/www.ladislavjakl.cz\/index.php?rest_route=%2Fwp%2Fv2%2Ftags&post=11716"}],"curies":[{"name":"wp","href":"https:\/\/api.w.org\/{rel}","templated":true}]}}