{"id":1175,"date":"2011-08-19T09:24:17","date_gmt":"2011-08-19T08:24:17","guid":{"rendered":"http:\/\/www.ladislavjakl.cz\/?p=1175"},"modified":"2011-08-19T09:24:17","modified_gmt":"2011-08-19T08:24:17","slug":"prezidentuv-tajemnik-jakl-se-basnickou-oprel-do-ministra-kalouska","status":"publish","type":"post","link":"https:\/\/www.ladislavjakl.cz\/?p=1175","title":{"rendered":"Prezident\u016fv tajemn\u00edk Jakl se b\u00e1sni\u010dkou op\u0159el do ministra Kalouska"},"content":{"rendered":"<p>Kdy\u017e od plic mluv\u00ed Kalousek, m\u011bl by si vz\u00edt ubrousek, sliny od n\u011bj  l\u00e9taj\u00ed&#8230; jsou \u00favodn\u00ed ver\u0161e Ladislava Jakla, poradce prezidenta V\u00e1clava  Klause, na adresu ministra financ\u00ed Miroslava Kalouska (TOP 09).  Kritickou b\u00e1se\u0148 zve\u0159ejnil ve \u010dtvrtek na sv\u00e9m osobn\u00edm webu.<\/p>\n<p><!--more-->Ladislav Jakl se prost\u0159ednictv\u00edm b\u00e1sn\u011b s n\u00e1zvem &#8222;Strakovky  siln\u011b srpnov\u00e9 sonety&#8220; ironick\u00fdm zp\u016fsobem mimo jin\u00e9 vlo\u017eil do aktu\u00e1ln\u00ed  kauzy, kter\u00e1 se to\u010d\u00ed kolem kontroverzn\u00ed osoby Ladislava B\u00e1tory.<\/p>\n<p>&#8222;Kdy\u017e od plic mluv\u00ed Kalousek, m\u011bl by si vz\u00edt ubrousek, sliny od n\u011bj  l\u00e9taj\u00ed, \u017ee jemn\u00fd typ by sebou sek,&#8220; hodnot\u00ed Jakl Kalouskovy nevyb\u00edrav\u00e9  zp\u016fsoby vyjad\u0159ov\u00e1n\u00ed.<\/p>\n<p>Prezident\u016fv tajemn\u00edk ve ver\u0161\u00edch nar\u00e1\u017e\u00ed i na Kalouskovu m\u00e9dii \u010dasto  zmi\u0148ovanou slabinu, alkohol. &#8222;M\u00e9dia ho nemaj r\u00e1da, \u017ee pr\u00fd u\u017e by nem\u011bl  chlastat, mnohdy \u010dlov\u011bk nutk\u00e1n\u00ed m\u00e1, \u017ee by se ho m\u011bl i zastat.&#8220;<\/p>\n<p>V jedn\u00e9 ze slok upozor\u0148uje i na Kalouskova zam\u011bstnance, \u00fa\u0159edn\u00edka  Radka \u0160n\u00e1bla, kter\u00fd byl pravomocn\u011b odsouzen za da\u0148ov\u00e9 podvody. &#8222;Ten  osinou tu v zadku je, ten chud\u00e1\u010dkem co nen\u00ed k boji, prav\u00fd c\u00edl se  neskryje, Kalousek m\u00e1 metr dvoj\u00ed.&#8220;<\/p>\n<p>Z\u00e1v\u011brem sonetu si prezident\u016fv tajemn\u00edk neodpust\u00ed p\u0159ipomenout jedn\u00e1n\u00ed  vl\u00e1dy, kde za zav\u0159en\u00fdmi dve\u0159mi mnohdy padaj\u00ed i ost\u0159ej\u0161\u00ed slova. &#8222;Sp\u00edlat  ve v\u0161\u00ed par\u00e1d\u011b, sm\u00ed\u0161 jenom kdy\u017e jsi ve vl\u00e1d\u011b.&#8220;<\/p>\n<p><span style=\"color: #ff0000;\"><strong>B\u00e1se\u0148 Ladislava Jakla Strakovky siln\u011b srpnov\u00e9 sonety:<\/strong><\/span><\/p>\n<p>Kdy\u017e od plic mluv\u00ed Kalousek<br \/>\nM\u011bl by si vz\u00edt ubrousek<br \/>\nSliny od n\u011bj l\u00e9taj\u00ed<br \/>\n\u017de jemn\u00fd typ by sebou sek<\/p>\n<p>M\u00e9dia ho nemaj r\u00e1da<br \/>\n\u017de pr\u00fd u\u017e by nem\u011bl chlastat<br \/>\nMnohdy \u010dlov\u011bk nutk\u00e1n\u00ed m\u00e1<br \/>\n\u017de by se ho m\u011bl i zastat<\/p>\n<p>Nutk\u00e1n\u00ed v\u0161ak odezn\u00ed<br \/>\nKdy\u017e plamen cti mu o\u010di zchv\u00e1t\u00ed<br \/>\n\u00da\u010del p\u0159\u00edli\u0161 ob\u00e9zn\u00ed<br \/>\nTen ctnostn\u00fd prapor hbit\u011b zkl\u00e1t\u00ed<\/p>\n<p>Ten osinou tu v zadku je<br \/>\nTen chud\u00e1\u010dkem co nen\u00ed k boji<br \/>\nPrav\u00fd c\u00edl se neskryje<br \/>\nKalousek m\u00e1 metr dvoj\u00ed<\/p>\n<p>Kdo jen mu to bude v\u011b\u0159it<br \/>\nKdy\u017e m\u016f\u017ee takto r\u016fzn\u011b m\u011b\u0159it<br \/>\nSp\u00edlat ve v\u0161\u00ed par\u00e1d\u011b<br \/>\nSm\u00ed\u0161 jenom kdy\u017e jsi ve vl\u00e1d\u011b<\/p>\n<p><a href=\"http:\/\/www.mediafax.cz\/politika\/3268828-Prezidentuv-tajemnik-Jakl-se-basnickou-oprel-do-ministra-Kalouska\" target=\"_blank\">Zdroj<\/a><\/p>\n","protected":false},"excerpt":{"rendered":"<p>Kdy\u017e od plic mluv\u00ed Kalousek, m\u011bl by si vz\u00edt ubrousek, sliny od n\u011bj l\u00e9taj\u00ed&#8230; jsou \u00favodn\u00ed ver\u0161e Ladislava Jakla, poradce prezidenta V\u00e1clava Klause, na adresu ministra financ\u00ed Miroslava Kalouska (TOP 09). Kritickou b\u00e1se\u0148 zve\u0159ejnil ve \u010dtvrtek na sv\u00e9m osobn\u00edm webu.<\/p>\n","protected":false},"author":1,"featured_media":0,"comment_status":"open","ping_status":"open","sticky":false,"template":"","format":"standard","meta":{"ngg_post_thumbnail":0,"footnotes":""},"categories":[11],"tags":[],"class_list":["post-1175","post","type-post","status-publish","format-standard","hentry","category-ozvena"],"_links":{"self":[{"href":"https:\/\/www.ladislavjakl.cz\/index.php?rest_route=\/wp\/v2\/posts\/1175","targetHints":{"allow":["GET"]}}],"collection":[{"href":"https:\/\/www.ladislavjakl.cz\/index.php?rest_route=\/wp\/v2\/posts"}],"about":[{"href":"https:\/\/www.ladislavjakl.cz\/index.php?rest_route=\/wp\/v2\/types\/post"}],"author":[{"embeddable":true,"href":"https:\/\/www.ladislavjakl.cz\/index.php?rest_route=\/wp\/v2\/users\/1"}],"replies":[{"embeddable":true,"href":"https:\/\/www.ladislavjakl.cz\/index.php?rest_route=%2Fwp%2Fv2%2Fcomments&post=1175"}],"version-history":[{"count":1,"href":"https:\/\/www.ladislavjakl.cz\/index.php?rest_route=\/wp\/v2\/posts\/1175\/revisions"}],"predecessor-version":[{"id":1176,"href":"https:\/\/www.ladislavjakl.cz\/index.php?rest_route=\/wp\/v2\/posts\/1175\/revisions\/1176"}],"wp:attachment":[{"href":"https:\/\/www.ladislavjakl.cz\/index.php?rest_route=%2Fwp%2Fv2%2Fmedia&parent=1175"}],"wp:term":[{"taxonomy":"category","embeddable":true,"href":"https:\/\/www.ladislavjakl.cz\/index.php?rest_route=%2Fwp%2Fv2%2Fcategories&post=1175"},{"taxonomy":"post_tag","embeddable":true,"href":"https:\/\/www.ladislavjakl.cz\/index.php?rest_route=%2Fwp%2Fv2%2Ftags&post=1175"}],"curies":[{"name":"wp","href":"https:\/\/api.w.org\/{rel}","templated":true}]}}