{"id":1177,"date":"2011-08-19T09:25:31","date_gmt":"2011-08-19T08:25:31","guid":{"rendered":"http:\/\/www.ladislavjakl.cz\/?p=1177"},"modified":"2011-08-19T09:25:31","modified_gmt":"2011-08-19T08:25:31","slug":"spilat-ve-vsi-parade-se-muze-jenom-ve-vlade-pise-jakl","status":"publish","type":"post","link":"https:\/\/www.ladislavjakl.cz\/?p=1177","title":{"rendered":"Sp\u00edlat ve v\u0161\u00ed par\u00e1d\u011b se m\u016f\u017ee jenom ve vl\u00e1d\u011b, p\u00ed\u0161e Jakl"},"content":{"rendered":"<p>Chud\u00e1\u010dek starej, co  jen bezosty\u0161n\u011b prsk\u00e1. Tak nazval \u00fa\u0159edn\u00edk Ladislav B\u00e1tora vicepremi\u00e9ra  Karla Schwarzenberga a spustil lavinu reakc\u00ed. Prezident\u016fv tajemn\u00edk  Ladislav Jakl na B\u00e1toru reagoval origin\u00e1ln\u011b &#8211; zaver\u0161oval.<\/p>\n<p><!--more-->B\u00e1tora se na ministerstvo \u0161kolstv\u00ed nehod\u00ed, nazna\u010dil Schwarzenberg a  B\u00e1tora se mu odm\u011bnil svou kritikou. Tu u\u017e ale nedok\u00e1zala zkousnout TOP  09, kter\u00e1 se sv\u00e9ho p\u0159edsedy zastala a ode\u0161la z jedn\u00e1n\u00ed vl\u00e1dy. Chce hlavu  bu\u010f B\u00e1torovu nebo jeho zam\u011bstnavatele ministra \u0161kolstv\u00ed Josefa Dobe\u0161e.<\/p>\n<p>Jedn\u00edm z nejrozzloben\u011bj\u0161\u00edch poslanc\u016f byl ministr financ\u00ed Miroslav  Kalousek, kter\u00fd u\u017e p\u0159edt\u00edm B\u00e1toru nazval &#8222;fa\u0161ounem&#8220;. Jakl se B\u00e1tory,  kter\u00fd m\u00e1 podle n\u011bkter\u00fdch spekulac\u00ed &#8222;tla\u010denku&#8220; z Hradu, zastal ve  ver\u0161\u00edch.<\/p>\n<p><strong><a href=\"http:\/\/www.parlamentnilisty.cz\/tags\/305008.aspx\"><span style=\"color: #993300\"><\/span><\/a><\/strong><span style=\"color: #993300\"> <\/span><\/p>\n<p>&#8222;Kdy\u017e od plic mluv\u00ed Kalousek, m\u011bl by si vz\u00edt ubrousek. Sliny od n\u011bj  l\u00e9taj\u00ed, \u017ee jemn\u00fd typ by sebou sek,&#8220; zab\u00e1snil Jakl na sv\u00fdch ofici\u00e1ln\u00edch  str\u00e1nk\u00e1ch. Kalouska m\u00e1 pr\u00fd v\u011bt\u0161inou relativn\u011b r\u00e1d, s B\u00e1torou to ale u\u017e  &#8222;p\u0159est\u0159elil&#8220;, neboli: &#8222;M\u00e9dia ho nemaj r\u00e1da, \u017ee pr\u00fd u\u017e by nem\u011bl chlastat.  Mnohdy \u010dlov\u011bk nutk\u00e1n\u00ed m\u00e1, \u017ee by se ho m\u011bl i zastat. Nutk\u00e1n\u00ed v\u0161ak  odezn\u00ed, kdy\u017e plamen cti mu o\u010di zchv\u00e1t\u00ed.&#8220;<\/p>\n<p>Kalousek m\u00e1 podle Jakla dvoj\u00ed metr. T\u00edm by mohl tajemn\u00edk myslet bu\u010f  fakt, \u017ee B\u00e1torovy v\u00fdroky mu vad\u00ed, ale kdy\u017e naopak r\u00fdpal Schwarzenberg,  bylo to v po\u0159\u00e1dku. Druh\u00fd smysl by pozn\u00e1mka mohla m\u00edt ve faktu, \u017ee B\u00e1tora  mus\u00ed z resortu \u0161kolstv\u00ed\u00a0odej\u00edt za sv\u00e9 v\u00fdroky, zat\u00edmco na financ\u00edch  Kalousek zam\u011bstn\u00e1v\u00e1 pravomocn\u011b odsouzen\u00e9ho (za da\u0148ov\u00e9 \u00faniky) Radka  \u0160n\u00e1bla.<\/p>\n<p>Kritizovat asi zkr\u00e1tka sm\u011bj\u00ed jen vyvolen\u00ed: &#8222;Kdo jen mu to bude v\u011b\u0159it,  kdy\u017e m\u016f\u017ee takto r\u016fzn\u011b m\u011b\u0159it. Sp\u00edlat ve v\u0161\u00ed par\u00e1d\u011b sm\u00ed\u0161 jenom, kdy\u017e jsi  ve vl\u00e1d\u011b.&#8220;<\/p>\n<p><a href=\"http:\/\/www.parlamentnilisty.cz\/arena\/monitor\/205737.aspx\" target=\"_blank\">Zdroj<\/a><\/p>\n","protected":false},"excerpt":{"rendered":"<p>Chud\u00e1\u010dek starej, co jen bezosty\u0161n\u011b prsk\u00e1. Tak nazval \u00fa\u0159edn\u00edk Ladislav B\u00e1tora vicepremi\u00e9ra Karla Schwarzenberga a spustil lavinu reakc\u00ed. Prezident\u016fv tajemn\u00edk Ladislav Jakl na B\u00e1toru reagoval origin\u00e1ln\u011b &#8211; zaver\u0161oval.<\/p>\n","protected":false},"author":1,"featured_media":0,"comment_status":"open","ping_status":"open","sticky":false,"template":"","format":"standard","meta":{"ngg_post_thumbnail":0,"footnotes":""},"categories":[11],"tags":[],"class_list":["post-1177","post","type-post","status-publish","format-standard","hentry","category-ozvena"],"_links":{"self":[{"href":"https:\/\/www.ladislavjakl.cz\/index.php?rest_route=\/wp\/v2\/posts\/1177","targetHints":{"allow":["GET"]}}],"collection":[{"href":"https:\/\/www.ladislavjakl.cz\/index.php?rest_route=\/wp\/v2\/posts"}],"about":[{"href":"https:\/\/www.ladislavjakl.cz\/index.php?rest_route=\/wp\/v2\/types\/post"}],"author":[{"embeddable":true,"href":"https:\/\/www.ladislavjakl.cz\/index.php?rest_route=\/wp\/v2\/users\/1"}],"replies":[{"embeddable":true,"href":"https:\/\/www.ladislavjakl.cz\/index.php?rest_route=%2Fwp%2Fv2%2Fcomments&post=1177"}],"version-history":[{"count":1,"href":"https:\/\/www.ladislavjakl.cz\/index.php?rest_route=\/wp\/v2\/posts\/1177\/revisions"}],"predecessor-version":[{"id":1178,"href":"https:\/\/www.ladislavjakl.cz\/index.php?rest_route=\/wp\/v2\/posts\/1177\/revisions\/1178"}],"wp:attachment":[{"href":"https:\/\/www.ladislavjakl.cz\/index.php?rest_route=%2Fwp%2Fv2%2Fmedia&parent=1177"}],"wp:term":[{"taxonomy":"category","embeddable":true,"href":"https:\/\/www.ladislavjakl.cz\/index.php?rest_route=%2Fwp%2Fv2%2Fcategories&post=1177"},{"taxonomy":"post_tag","embeddable":true,"href":"https:\/\/www.ladislavjakl.cz\/index.php?rest_route=%2Fwp%2Fv2%2Ftags&post=1177"}],"curies":[{"name":"wp","href":"https:\/\/api.w.org\/{rel}","templated":true}]}}