{"id":1179,"date":"2011-08-19T09:26:27","date_gmt":"2011-08-19T08:26:27","guid":{"rendered":"http:\/\/www.ladislavjakl.cz\/?p=1179"},"modified":"2011-08-19T09:26:27","modified_gmt":"2011-08-19T08:26:27","slug":"od-kalouska-letaji-sliny-vemte-si-ubrousek-versuje-jakl","status":"publish","type":"post","link":"https:\/\/www.ladislavjakl.cz\/?p=1179","title":{"rendered":"Od Kalouska l\u00e9taj\u00ed sliny, vemte si ubrousek, ver\u0161uje Jakl"},"content":{"rendered":"<div><span>PRAHA &#8211; <\/span> Hradn\u00ed tajemn\u00edk Ladislav Jakl se op\u0159el do ministra  financ\u00ed Miroslava Kalouska, kter\u00fd odm\u00edtl \u00fa\u010dast TOP 09 ve vl\u00e1d\u011b do t\u00e9  doby, ne\u017e bude odvol\u00e1n person\u00e1ln\u00ed \u0161\u00e9f ministerstva \u0161kolstv\u00ed Ladislav  B\u00e1tora. Zvolil k tomu origin\u00e1ln\u00ed formu &#8211; b\u00e1sni\u010dku.<\/div>\n<div><!--more--><\/div>\n<div>\n<div>\n<p>&#8222;Kdy\u017e  od plic mluv\u00ed Kalousek, m\u011bl by si vz\u00edt ubrousek. Sliny od n\u011bj l\u00e9taj\u00ed,  \u017ee jemn\u00fd typ by sebou sek,&#8220; ver\u0161uje tajemn\u00edk prezidenta Ladislav Jakl na  sv\u00e9m webu (<em>celou b\u00e1sni\u010dku najdete uvnit\u0159 \u010dl\u00e1nku<\/em>).<\/p>\n<p>&#8222;Pokud ministr Dobe\u0161 kryje \u00fa\u0159edn\u00edka, kter\u00fd sprost\u011b ur\u00e1\u017e\u00ed  m\u00edstop\u0159edsedu vl\u00e1dy, nebudeme si hr\u00e1t na to, \u017ee jsme kolegov\u00e9,&#8220;  vysv\u011btloval ve st\u0159edu ministr <a href=\"http:\/\/produkty.topkontakt.idnes.cz\/p\/welness-hotel-kazduv-dvur-se-slevou-57\/10836804?rtype=V&amp;rmain=7818405&amp;ritem=10836804&amp;rclanek=11875424&amp;rslovo=456346&amp;showdirect=1\" target=\"_blank\">financ\u00ed<\/a> Miroslav Kalousek odchod ministr\u016f TOP 09 z jedn\u00e1n\u00ed vl\u00e1dy.<\/p>\n<p>Person\u00e1ln\u00ed \u0161\u00e9f ministerstva \u0161kolstv\u00ed Ladislav B\u00e1tora se toti\u017e ot\u0159el o  vicepremi\u00e9ra, ministra zahrani\u010d\u00ed a p\u0159edsedu TOP 09 Karla  Schwarzenberga.<\/p>\n<p>Ladislav Jakl, tajemn\u00edk prezidenta V\u00e1clava Klause, kter\u00fd B\u00e1toru v  minulosti h\u00e1jil, se B\u00e1tory ve st\u0159edu zastal. Podle n\u011bj je p\u0159edseda  iniciativy D.O.S.T. u\u017e p\u016fl <a href=\"http:\/\/produkty.topkontakt.idnes.cz\/p\/rozhodni-se-dnes-nebo-nikdy\/10836475?rtype=V&amp;rmain=7817485&amp;ritem=10836475&amp;rclanek=11875424&amp;rslovo=430425&amp;showdirect=1\" target=\"_blank\">roku<\/a> ter\u010dem sprost\u00fdch \u00fatok\u016f a m\u011bl by m\u00edt <a href=\"http:\/\/produkty.topkontakt.idnes.cz\/p\/zavazkove-pravo\/940615?rtype=V&amp;rmain=7802638&amp;ritem=940615&amp;rclanek=11875424&amp;rslovo=420036&amp;showdirect=1\" target=\"_blank\">pr\u00e1vo<\/a> se s\u00e1m br\u00e1nit.<\/p>\n<p>N\u00e1sledn\u011b tajemn\u00edk na sv\u00fdch osobn\u00edch str\u00e1nk\u00e1ch zve\u0159ejnil b\u00e1sni\u010dku, ve kter\u00e9 Kalouskovi vy\u010d\u00edt\u00e1, \u017ee m\u011b\u0159\u00ed dvoj\u00edm metrem:<\/p>\n<table border=\"0\">\n<tbody>\n<tr>\n<td>\n<h3><span><span> <\/span>STRAKOVKY SILN\u011a SRPNOV\u00c9 SONETY<\/span><\/h3>\n<div>\n<p><em>Kdy\u017e od plic mluv\u00ed Kalousek<br \/>\nM\u011bl by si vz\u00edt ubrousek<br \/>\nSliny od n\u011bj l\u00e9taj\u00ed<br \/>\n\u017de jemn\u00fd typ by sebou sek<\/em><\/p>\n<p><em>M\u00e9dia ho nemaj r\u00e1da<br \/>\n\u017de pr\u00fd u\u017e by nem\u011bl chlastat<br \/>\nMnohdy \u010dlov\u011bk nutk\u00e1n\u00ed m\u00e1<br \/>\n\u017de by se ho m\u011bl i zastat<\/em><\/p>\n<p><em>Nutk\u00e1n\u00ed v\u0161ak odezn\u00ed<br \/>\nKdy\u017e plamen cti mu o\u010di zchv\u00e1t\u00ed<br \/>\n\u00da\u010del p\u0159\u00edli\u0161 ob\u00e9zn\u00ed<br \/>\nTen ctnostn\u00fd prapor hbit\u011b zkl\u00e1t\u00ed<\/em><\/p>\n<p><em>Ten osinou tu v zadku je<br \/>\nTen chud\u00e1\u010dkem co nen\u00ed k boji<br \/>\nPrav\u00fd c\u00edl se neskryje<br \/>\nKalousek m\u00e1 metr dvoj\u00ed<\/em><\/p>\n<p><em>Kdo jen mu to bude v\u011b\u0159it<br \/>\nKdy\u017e m\u016f\u017ee takto r\u016fzn\u011b m\u011b\u0159it<br \/>\nSp\u00edlat ve v\u0161\u00ed par\u00e1d\u011b<br \/>\nSm\u00ed\u0161 jenom kdy\u017e jsi ve vl\u00e1d\u011b<\/em><\/div>\n<\/td>\n<\/tr>\n<\/tbody>\n<\/table>\n<p>Minist\u0159i TOP 09 opustili st\u0159ede\u010dn\u00ed jedn\u00e1n\u00ed kabinetu, proto\u017ee ministr  \u0161kolstv\u00ed odm\u00edtl odvolat person\u00e1ln\u00edho \u0161\u00e9fa sv\u00e9ho resortu Ladislava  B\u00e1toru, kter\u00fd nazval p\u0159edsedu TOP 09 a ministra zahrani\u010d\u00ed Karla  Schwarzenberga &#8222;prskaj\u00edc\u00edm star\u00fdm chud\u00e1\u010dkem&#8220;.<\/p>\n<p>Dobe\u0161 se za B\u00e1torovy v\u00fdroky Schwarzenbergovi telefonicky ve st\u0159edu  odpoledne omluvil. Podle n\u011bj nebyly vhodn\u00e9, ale st\u00e1tn\u00ed \u00fa\u0159edn\u00edk m\u00e1 podle  n\u011bj pr\u00e1vo sd\u011blovat sv\u016fj n\u00e1zor.<\/p>\n<p><a href=\"http:\/\/www.lidovky.cz\/od-kalouska-letaji-sliny-vemte-si-ubrousek-versuje-jakl-pjw-\/ln_domov.asp?c=A110818_135354_ln_domov_mev\" target=\"_blank\">Zdroj<\/a><\/div>\n<\/div>\n","protected":false},"excerpt":{"rendered":"<p>PRAHA &#8211; Hradn\u00ed tajemn\u00edk Ladislav Jakl se op\u0159el do ministra financ\u00ed Miroslava Kalouska, kter\u00fd odm\u00edtl \u00fa\u010dast TOP 09 ve vl\u00e1d\u011b do t\u00e9 doby, ne\u017e bude odvol\u00e1n person\u00e1ln\u00ed \u0161\u00e9f ministerstva \u0161kolstv\u00ed Ladislav B\u00e1tora. Zvolil k tomu origin\u00e1ln\u00ed formu &#8211; b\u00e1sni\u010dku.<\/p>\n","protected":false},"author":1,"featured_media":0,"comment_status":"open","ping_status":"open","sticky":false,"template":"","format":"standard","meta":{"ngg_post_thumbnail":0,"footnotes":""},"categories":[11],"tags":[],"class_list":["post-1179","post","type-post","status-publish","format-standard","hentry","category-ozvena"],"_links":{"self":[{"href":"https:\/\/www.ladislavjakl.cz\/index.php?rest_route=\/wp\/v2\/posts\/1179","targetHints":{"allow":["GET"]}}],"collection":[{"href":"https:\/\/www.ladislavjakl.cz\/index.php?rest_route=\/wp\/v2\/posts"}],"about":[{"href":"https:\/\/www.ladislavjakl.cz\/index.php?rest_route=\/wp\/v2\/types\/post"}],"author":[{"embeddable":true,"href":"https:\/\/www.ladislavjakl.cz\/index.php?rest_route=\/wp\/v2\/users\/1"}],"replies":[{"embeddable":true,"href":"https:\/\/www.ladislavjakl.cz\/index.php?rest_route=%2Fwp%2Fv2%2Fcomments&post=1179"}],"version-history":[{"count":1,"href":"https:\/\/www.ladislavjakl.cz\/index.php?rest_route=\/wp\/v2\/posts\/1179\/revisions"}],"predecessor-version":[{"id":1180,"href":"https:\/\/www.ladislavjakl.cz\/index.php?rest_route=\/wp\/v2\/posts\/1179\/revisions\/1180"}],"wp:attachment":[{"href":"https:\/\/www.ladislavjakl.cz\/index.php?rest_route=%2Fwp%2Fv2%2Fmedia&parent=1179"}],"wp:term":[{"taxonomy":"category","embeddable":true,"href":"https:\/\/www.ladislavjakl.cz\/index.php?rest_route=%2Fwp%2Fv2%2Fcategories&post=1179"},{"taxonomy":"post_tag","embeddable":true,"href":"https:\/\/www.ladislavjakl.cz\/index.php?rest_route=%2Fwp%2Fv2%2Ftags&post=1179"}],"curies":[{"name":"wp","href":"https:\/\/api.w.org\/{rel}","templated":true}]}}