{"id":118,"date":"2009-12-10T16:30:39","date_gmt":"2009-12-10T15:30:39","guid":{"rendered":"http:\/\/www.ladislavjakl.cz\/?p=118"},"modified":"2009-12-10T16:30:39","modified_gmt":"2009-12-10T15:30:39","slug":"valcovani-po-polsku","status":"publish","type":"post","link":"https:\/\/www.ladislavjakl.cz\/?p=118","title":{"rendered":"V\u00e1lcov\u00e1n\u00ed po polsku"},"content":{"rendered":"<p>Ochutn\u00e1vka v mikropivovaru C. K. Brewar v Krakov\u011b.<br \/>\nNejd\u0159\u00edv bylo hlavn\u00edm m\u011bstem Polska Gniezno, posledn\u00ed kr\u00e1tkou dobu p\u00e1r set let Var\u0161ava, ale mezit\u00edm v\u011bt\u0161inu \u010dasu to byl pr\u00e1v\u011b Krakov. Z\u00e1zrakem byl uchr\u00e1n\u011bn nejv\u011bt\u0161\u00edch v\u00e1le\u010dn\u00fdch hr\u016fz, po v\u00e1lce se stal hlavn\u00ed polskou turistickou atrakc\u00ed. Kr\u00e1lovsk\u00e9 s\u00eddlo Wawel, Star\u00e9 M\u011bsto pln\u00e9 byznysu i pouli\u010dn\u00edch um\u011blc\u016f, v\u0161e zabalen\u00e9 kr\u00e1snou uvoln\u011bnou srde\u010dnou atmosf\u00e9rou. Nejzaj\u00edmav\u011bj\u0161\u00ed je asi obnovuj\u00edc\u00ed se \u017eidovsk\u00e9 m\u011bsto Kazimierz.<\/p>\n<p><!--more-->I tady v Krakov\u011b maj\u00ed slavn\u00fd mikropivovar, C. K. Brewar. Jen kousek od Star\u00e9ho rynku je v m\u00edst\u011b b\u00fdval\u00fdch hradeb obrovsk\u00e1 podzemn\u00ed pivnice, kr\u00e1sn\u011b za\u0159\u00edzen\u00e1, v\u010detn\u011b cel\u00e9ho vybaven\u00ed pivovaru. Pivo si m\u016f\u017eete sami to\u010dit z t\u0159\u00ed nebo p\u011btilitrov\u00fdch v\u00e1lc\u016f, kter\u00e9 v\u00e1m barmanky donesou a ukotv\u00ed na st\u016fl. A prvn\u00ed v\u00e1\u017en\u00e1 st\u00ed\u017enost: o pivu v\u00e1m nedaj\u00ed \u017e\u00e1dn\u00e9 informace, \u017e\u00e1dn\u00fd p\u00edsemn\u00fd prospekt, \u017e\u00e1dn\u00e9 pov\u00edd\u00e1n\u00ed. A to je velk\u00e1 chyba, proto\u017ee m\u00edstn\u00ed pivo by si to zaslou\u017eilo.<\/p>\n<p>Poprv\u00e9 jsem si na to st\u011b\u017eoval u\u017e loni, letos p\u0159ibyly jen z\u00e1kladn\u00ed informace na tabuli u v\u00fd\u010depu. Prvn\u00ed v\u00e1lec byl sv\u011btl\u00fd nefiltrovan\u00fd lager. P\u0159\u00edjemn\u00e9 pit\u00ed, mo\u017en\u00e1 trochu slab\u00fd a tak\u00e9 m\u00edrn\u011b nakysl\u00fd a c\u00edtit po kvasink\u00e1ch. Ale velmi osv\u011b\u017euj\u00edc\u00ed. Polotmav\u00e1 asi dvan\u00e1ctka u\u017e m\u011bla v\u011bt\u0161\u00ed plnost a jak se na stole ve v\u00e1lci oh\u0159\u00edvala, p\u0159id\u00e1vala se i p\u011bkn\u00e1 v\u016fn\u011b. N\u00e1sledovala p\u0161enice. Ta v Polsku moc tradici nem\u00e1, ale t\u0159eba v jednom var\u0161avsk\u00e9m mikropivovaru jsem ned\u00e1vno pil skv\u011blou. Ta zdej\u0161\u00ed krakovsk\u00e1 byla tak\u00e9 moc dobr\u00e1, vzbuzovala pocit \u017eiv\u00e9ho \u010derstv\u00e9ho pit\u00ed, ale op\u011bt m\u011bl \u010dlov\u011bk dojem, \u017ee by mohla b\u00fdt siln\u011bj\u0161\u00ed a jaksi i p\u0161eni\u010dn\u011bj\u0161\u00ed. Nejlep\u0161\u00ed byl rozhodn\u011b tmav\u00fd speci\u00e1l, t\u011b\u017eko \u0159\u00edci, mo\u017en\u00e1 t\u0159in\u00e1ctka nebo \u010dtrn\u00e1ctka. Bohat\u00e9 chut\u011b a p\u0159im\u011b\u0159en\u00e1 s\u00edla.<\/p>\n<p>Bary, vin\u00e1rny, hospody a kav\u00e1rny Star\u00e9ho M\u011bsta jsou sp\u00ed\u0161 snobsk\u00e9 s pivem r\u016fzn\u00e9 kvality, noc je nejlep\u0161\u00ed probendit v Kazimierzi. Tady stoj\u00ed za zaznamen\u00e1n\u00ed hlavn\u011b po barech to\u010den\u00e1 warka strong: volt\u00e1\u017e sedm procent, tedy n\u011bjak\u00fdch \u0161estn\u00e1ct stup\u0148\u016f, lah\u016fdka.Kultura pit\u00ed piva i pivo samotn\u00e9 zaznamenalo za posledn\u00ed generaci v Polsku ohromn\u00fd rozmach. Je ale dobr\u00e9 nez\u016fstat u standard\u016f jako jsou Tychy, Lech, \u017diwiec \u010di Okocim, chce to poohl\u00e9dnout se po mal\u00fdch pivovarech, kter\u00e9 i v Posku jen kvetou.<\/p>\n","protected":false},"excerpt":{"rendered":"<p>Ochutn\u00e1vka v mikropivovaru C. K. Brewar v Krakov\u011b. Nejd\u0159\u00edv bylo hlavn\u00edm m\u011bstem Polska Gniezno, posledn\u00ed kr\u00e1tkou dobu p\u00e1r set let Var\u0161ava, ale mezit\u00edm v\u011bt\u0161inu \u010dasu to byl pr\u00e1v\u011b Krakov. Z\u00e1zrakem byl uchr\u00e1n\u011bn nejv\u011bt\u0161\u00edch v\u00e1le\u010dn\u00fdch hr\u016fz, po v\u00e1lce se stal hlavn\u00ed polskou turistickou atrakc\u00ed. Kr\u00e1lovsk\u00e9 s\u00eddlo Wawel, Star\u00e9 M\u011bsto pln\u00e9 byznysu i pouli\u010dn\u00edch um\u011blc\u016f, v\u0161e zabalen\u00e9 [&hellip;]<\/p>\n","protected":false},"author":1,"featured_media":0,"comment_status":"open","ping_status":"open","sticky":false,"template":"","format":"standard","meta":{"ngg_post_thumbnail":0,"footnotes":""},"categories":[10],"tags":[],"class_list":["post-118","post","type-post","status-publish","format-standard","hentry","category-zlehka"],"_links":{"self":[{"href":"https:\/\/www.ladislavjakl.cz\/index.php?rest_route=\/wp\/v2\/posts\/118","targetHints":{"allow":["GET"]}}],"collection":[{"href":"https:\/\/www.ladislavjakl.cz\/index.php?rest_route=\/wp\/v2\/posts"}],"about":[{"href":"https:\/\/www.ladislavjakl.cz\/index.php?rest_route=\/wp\/v2\/types\/post"}],"author":[{"embeddable":true,"href":"https:\/\/www.ladislavjakl.cz\/index.php?rest_route=\/wp\/v2\/users\/1"}],"replies":[{"embeddable":true,"href":"https:\/\/www.ladislavjakl.cz\/index.php?rest_route=%2Fwp%2Fv2%2Fcomments&post=118"}],"version-history":[{"count":1,"href":"https:\/\/www.ladislavjakl.cz\/index.php?rest_route=\/wp\/v2\/posts\/118\/revisions"}],"predecessor-version":[{"id":119,"href":"https:\/\/www.ladislavjakl.cz\/index.php?rest_route=\/wp\/v2\/posts\/118\/revisions\/119"}],"wp:attachment":[{"href":"https:\/\/www.ladislavjakl.cz\/index.php?rest_route=%2Fwp%2Fv2%2Fmedia&parent=118"}],"wp:term":[{"taxonomy":"category","embeddable":true,"href":"https:\/\/www.ladislavjakl.cz\/index.php?rest_route=%2Fwp%2Fv2%2Fcategories&post=118"},{"taxonomy":"post_tag","embeddable":true,"href":"https:\/\/www.ladislavjakl.cz\/index.php?rest_route=%2Fwp%2Fv2%2Ftags&post=118"}],"curies":[{"name":"wp","href":"https:\/\/api.w.org\/{rel}","templated":true}]}}