{"id":1181,"date":"2011-08-19T09:29:37","date_gmt":"2011-08-19T08:29:37","guid":{"rendered":"http:\/\/www.ladislavjakl.cz\/?p=1181"},"modified":"2011-08-19T09:29:37","modified_gmt":"2011-08-19T08:29:37","slug":"spilat-ve-vsi-parade-smis-jenom-kdyz-jsi-ve-vlade-tepa-jakl-kalouska","status":"publish","type":"post","link":"https:\/\/www.ladislavjakl.cz\/?p=1181","title":{"rendered":"Sp\u00edlat ve v\u0161\u00ed par\u00e1d\u011b sm\u00ed\u0161, jenom kdy\u017e jsi ve vl\u00e1d\u011b, tep\u00e1 Jakl Kalouska"},"content":{"rendered":"<p>Spor o v\u00fdroky \u00fa\u0159edn\u00edka Ladislava B\u00e1tory se z\u010d\u00e1sti p\u0159enesl do um\u011bleck\u00e9 roviny. Prezident\u016fv tajemn\u00edk Ladislav Jakl si to s ministrem financ\u00ed Kalouskem, kter\u00fd \u017e\u00e1d\u00e1 B\u00e1torovu hlavu, jinak nechce chodit do pr\u00e1ce, &#8222;vy\u0159\u00eddil&#8220; ve ver\u0161\u00edch. Kalousek s\u00e1m je zn\u00e1m skl\u00e1d\u00e1n\u00edm ver\u0161\u016f, a m\u016f\u017ee tak slo\u017eit odpov\u011b\u010f.<\/p>\n<p><!--more-->Jakl se sv\u00fdmi &#8222;Strakovky siln\u011b srpnov\u00fdmi sonety&#8220; vlo\u017eil do p\u0159e, kterou odstartovalo vyj\u00e1d\u0159en\u00ed Ladislava B\u00e1tory, st\u00e1tn\u00edho \u00fa\u0159edn\u00edka a \u0161\u00e9fa person\u00e1ln\u00edho odboru ministerstva \u0161kolstv\u00ed, na vicepremi\u00e9ra Karla Schwarzenberga.<\/p>\n<p>&#8222;Kdy\u017e od plic mluv\u00ed Kalousek<br \/>\nM\u011bl by si vz\u00edt ubrousek<br \/>\nSliny od n\u011bj l\u00e9taj\u00ed<br \/>\n\u017de jemn\u00fd typ by sebou sek,&#8220;<\/p>\n<p>zhodnotil vyjad\u0159ov\u00e1n\u00ed ministra financ\u00ed prezident\u016fv tajemn\u00edk. Kalousek u\u017e d\u0159\u00edve o B\u00e1torovi mluvil jako o &#8222;fa\u0161ounovi&#8220; a pot\u00e9, co se \u00fa\u0159edn\u00edk na sv\u00e9m profilu na s\u00edti Facebook pustil do Karla Schwarzenberga, TOP 09 opustila jedn\u00e1n\u00ed vl\u00e1dy.<\/p>\n<p>U\u017e ve st\u0159edu se Jakl podivil, \u017ee se B\u00e1tora sv\u00fdm v\u00fdrokem jen br\u00e1nil a sklidil za to kritiku. Kdy\u017e ale B\u00e1tora dostal p\u0159\u00edle\u017eitost obh\u00e1jit se ve\u0159ejn\u011b &#8211; ve st\u0159edu ho cel\u00fd den sh\u00e1n\u011bli novin\u00e1\u0159i ze v\u0161ech v\u011bt\u0161\u00edch m\u00e9di\u00ed &#8211; skryl se tu za slova o porad\u00e1ch, tu za ob\u011bd &#8211; a odm\u00edtl se vyj\u00e1d\u0159it (\u010dt\u011bte B\u00e1torovi kv\u016fli af\u00e9\u0159e do\u0161la \u0159e\u010d).<\/p>\n<p>&#8222;Ten osinou tu v zadku je<br \/>\nTen chud\u00e1\u010dkem co nen\u00ed k boji<br \/>\nPrav\u00fd c\u00edl se neskryje<br \/>\nKalousek m\u00e1 metr dvoj\u00ed,&#8220;<\/p>\n<p>rekapituluje tajemn\u00edk, co si Schwarzenberg a B\u00e1tora vzk\u00e1zali p\u0159es m\u00e9dia, p\u0159i\u010dem\u017e stav\u00ed ministr\u016fv v\u00fdrok a B\u00e1torovu hl\u00e1\u0161ku na stejnou \u00farove\u0148. Dvoj\u00edm metrem pak z\u0159ejm\u011b nar\u00e1\u017e\u00ed na Kalouskem zam\u011bstn\u00e1van\u00e9ho \u00fa\u0159edn\u00edka Radka \u0160n\u00e1bla, pravomocn\u011b odsouzen\u00e9ho za da\u0148ov\u00e9 podvody. Z kritiky, kter\u00e1 se na B\u00e1torovu hlavu snesla, Jakl vyvozuje, \u017ee &#8222;sp\u00edlat ve v\u0161\u00ed par\u00e1d\u011b sm\u00ed\u0161, jenom kdy\u017e jsi ve vl\u00e1d\u011b&#8220;.<\/p>\n<p>Ministr financ\u00ed Kalousek, kter\u00fd s\u00e1m napjatou politickou atmosf\u00e9ru odleh\u010duje skl\u00e1d\u00e1n\u00edm ver\u0161\u016f, dosud na Jaklovu hozenou rukavici vlastn\u00edmi ver\u0161i nezareagoval.<\/p>\n<p><a href=\"http:\/\/zpravy.idnes.cz\/spilat-ve-vsi-parade-smis-jenom-kdyz-jsi-ve-vlade-tepa-jakl-kalouska-1f8-\/domaci.aspx?c=A110818_133924_domaci_jw\" target=\"_blank\">Zdroj<\/a><\/p>\n","protected":false},"excerpt":{"rendered":"<p>Spor o v\u00fdroky \u00fa\u0159edn\u00edka Ladislava B\u00e1tory se z\u010d\u00e1sti p\u0159enesl do um\u011bleck\u00e9 roviny. Prezident\u016fv tajemn\u00edk Ladislav Jakl si to s ministrem financ\u00ed Kalouskem, kter\u00fd \u017e\u00e1d\u00e1 B\u00e1torovu hlavu, jinak nechce chodit do pr\u00e1ce, &#8222;vy\u0159\u00eddil&#8220; ve ver\u0161\u00edch. Kalousek s\u00e1m je zn\u00e1m skl\u00e1d\u00e1n\u00edm ver\u0161\u016f, a m\u016f\u017ee tak slo\u017eit odpov\u011b\u010f.<\/p>\n","protected":false},"author":1,"featured_media":0,"comment_status":"open","ping_status":"open","sticky":false,"template":"","format":"standard","meta":{"ngg_post_thumbnail":0,"footnotes":""},"categories":[11],"tags":[],"class_list":["post-1181","post","type-post","status-publish","format-standard","hentry","category-ozvena"],"_links":{"self":[{"href":"https:\/\/www.ladislavjakl.cz\/index.php?rest_route=\/wp\/v2\/posts\/1181","targetHints":{"allow":["GET"]}}],"collection":[{"href":"https:\/\/www.ladislavjakl.cz\/index.php?rest_route=\/wp\/v2\/posts"}],"about":[{"href":"https:\/\/www.ladislavjakl.cz\/index.php?rest_route=\/wp\/v2\/types\/post"}],"author":[{"embeddable":true,"href":"https:\/\/www.ladislavjakl.cz\/index.php?rest_route=\/wp\/v2\/users\/1"}],"replies":[{"embeddable":true,"href":"https:\/\/www.ladislavjakl.cz\/index.php?rest_route=%2Fwp%2Fv2%2Fcomments&post=1181"}],"version-history":[{"count":1,"href":"https:\/\/www.ladislavjakl.cz\/index.php?rest_route=\/wp\/v2\/posts\/1181\/revisions"}],"predecessor-version":[{"id":1182,"href":"https:\/\/www.ladislavjakl.cz\/index.php?rest_route=\/wp\/v2\/posts\/1181\/revisions\/1182"}],"wp:attachment":[{"href":"https:\/\/www.ladislavjakl.cz\/index.php?rest_route=%2Fwp%2Fv2%2Fmedia&parent=1181"}],"wp:term":[{"taxonomy":"category","embeddable":true,"href":"https:\/\/www.ladislavjakl.cz\/index.php?rest_route=%2Fwp%2Fv2%2Fcategories&post=1181"},{"taxonomy":"post_tag","embeddable":true,"href":"https:\/\/www.ladislavjakl.cz\/index.php?rest_route=%2Fwp%2Fv2%2Ftags&post=1181"}],"curies":[{"name":"wp","href":"https:\/\/api.w.org\/{rel}","templated":true}]}}