{"id":1183,"date":"2011-08-19T09:30:41","date_gmt":"2011-08-19T08:30:41","guid":{"rendered":"http:\/\/www.ladislavjakl.cz\/?p=1183"},"modified":"2011-08-19T09:30:41","modified_gmt":"2011-08-19T08:30:41","slug":"jakl-brani-batoru-a-versem-spila-kalouskovi","status":"publish","type":"post","link":"https:\/\/www.ladislavjakl.cz\/?p=1183","title":{"rendered":"Jakl br\u00e1n\u00ed B\u00e1toru a ver\u0161em sp\u00edl\u00e1 Kalouskovi"},"content":{"rendered":"<p>Diskuse nad v\u00fdroky \u00fa\u0159edn\u00edka ministerstva financ\u00ed Ladislava B\u00e1tory  p\u0159es\u00e1hla hranice sn\u011bmovny a dostala se a\u017e na Hrad.\u00a0 Tajemn\u00edk prezidenta  Ladislav Jakl pojal svou kritiku krok\u016f ministra Kalouska, kter\u00fd se  odm\u00edt\u00e1 \u00fa\u010dastnit vl\u00e1dn\u00edch jedn\u00e1n\u00ed, dokud nebude B\u00e1tora odvol\u00e1n, um\u011blecky &#8211;  prost\u0159ednictv\u00edm ver\u0161\u016f. Informoval o tom server iDnes.cz.<\/p>\n<p><!--more--><\/p>\n<p>Jakl se s Kalouskem v\u016fbec nep\u00e1\u0159e, podle n\u011bj by toti\u017e m\u011bl m\u00edt B\u00e1tora  pr\u00e1vo na svobodn\u00e9 vyj\u00e1d\u0159en\u00ed sv\u00e9ho n\u00e1zoru. Tak\u00e9 chce sv\u00fdmi ver\u0161i  pravd\u011bpodobn\u011b p\u0159ipomenout, \u017ee s\u00e1m Kalousek ji\u017e d\u0159\u00edve B\u00e1toru ozna\u010dil za  &#8222;fa\u0161ouna&#8220;.<\/p>\n<p>V b\u00e1sni &#8222;Strakovky siln\u011b srpnov\u00e9 sonety&#8220;, kterou Jakl zve\u0159ejnil na sv\u00fdch str\u00e1nk\u00e1ch, se p\u00ed\u0161e:<\/p>\n<p>&#8222;Kdy\u017e od plic mluv\u00ed Kalousek<\/p>\n<p>M\u011bl by si vz\u00edt ubrousek<\/p>\n<p>Sliny od n\u011bj l\u00e9taj\u00ed<\/p>\n<p>\u017de jemn\u00fd typ by sebou sek.&#8220;<\/p>\n<p>Cel\u00e1 b\u00e1se\u0148 pak kon\u010d\u00ed dvojver\u0161\u00edm: &#8222;Sp\u00edlat ve v\u0161\u00ed par\u00e1d\u011b \/ Sm\u00ed\u0161 jenom  kdy\u017e jsi ve vl\u00e1d\u011b&#8220;. Kalousek, kter\u00fd je zn\u00e1m t\u00edm, \u017ee i on si r\u00e1d  zar\u00fdmuje, na text zat\u00edm nijak nereagoval.<\/p>\n<h3>Tajemn\u00edk, rocker a milovn\u00edk piva<\/h3>\n<p>Jakl \u00fazce spolupracuje s V\u00e1clavem Klausem od roku 1997, od roku 2003  je pak tajemn\u00edkem prezidenta republiky. P\u016fvodn\u00edm povol\u00e1n\u00edm je v\u0161ak  novin\u00e1\u0159. Rockov\u00e9 hudb\u011b se v\u011bnuje des\u00edtky let jako hudebn\u00edk i autor,  hraje s kapelami Etal a Folimanka Blues. Na sv\u00fdch str\u00e1nk\u00e1ch uv\u00e1d\u00ed, \u017ee ve  voln\u00e9m \u010dase se r\u00e1d v\u011bnuje pivu. B\u011bhem pra\u017esk\u00e9ho pochodu homosexu\u00e1l\u016f  Prague Pride p\u0159i\u0161el s novinkou &#8211; \u010dty\u0159procentn\u00edm r\u016f\u017eov\u00fdm pivem BuQi\u010d\u00e1k.<\/p>\n<p><a href=\"http:\/\/www.blesk.cz\/clanek\/zpravy-politika\/157801\/jakl-brani-batoru-a-versem-spila-kalouskovi.html\" target=\"_blank\">Zdroj<\/a><\/p>\n","protected":false},"excerpt":{"rendered":"<p>Diskuse nad v\u00fdroky \u00fa\u0159edn\u00edka ministerstva financ\u00ed Ladislava B\u00e1tory p\u0159es\u00e1hla hranice sn\u011bmovny a dostala se a\u017e na Hrad.\u00a0 Tajemn\u00edk prezidenta Ladislav Jakl pojal svou kritiku krok\u016f ministra Kalouska, kter\u00fd se odm\u00edt\u00e1 \u00fa\u010dastnit vl\u00e1dn\u00edch jedn\u00e1n\u00ed, dokud nebude B\u00e1tora odvol\u00e1n, um\u011blecky &#8211; prost\u0159ednictv\u00edm ver\u0161\u016f. Informoval o tom server iDnes.cz.<\/p>\n","protected":false},"author":1,"featured_media":0,"comment_status":"open","ping_status":"open","sticky":false,"template":"","format":"standard","meta":{"ngg_post_thumbnail":0,"footnotes":""},"categories":[11],"tags":[],"class_list":["post-1183","post","type-post","status-publish","format-standard","hentry","category-ozvena"],"_links":{"self":[{"href":"https:\/\/www.ladislavjakl.cz\/index.php?rest_route=\/wp\/v2\/posts\/1183","targetHints":{"allow":["GET"]}}],"collection":[{"href":"https:\/\/www.ladislavjakl.cz\/index.php?rest_route=\/wp\/v2\/posts"}],"about":[{"href":"https:\/\/www.ladislavjakl.cz\/index.php?rest_route=\/wp\/v2\/types\/post"}],"author":[{"embeddable":true,"href":"https:\/\/www.ladislavjakl.cz\/index.php?rest_route=\/wp\/v2\/users\/1"}],"replies":[{"embeddable":true,"href":"https:\/\/www.ladislavjakl.cz\/index.php?rest_route=%2Fwp%2Fv2%2Fcomments&post=1183"}],"version-history":[{"count":1,"href":"https:\/\/www.ladislavjakl.cz\/index.php?rest_route=\/wp\/v2\/posts\/1183\/revisions"}],"predecessor-version":[{"id":1184,"href":"https:\/\/www.ladislavjakl.cz\/index.php?rest_route=\/wp\/v2\/posts\/1183\/revisions\/1184"}],"wp:attachment":[{"href":"https:\/\/www.ladislavjakl.cz\/index.php?rest_route=%2Fwp%2Fv2%2Fmedia&parent=1183"}],"wp:term":[{"taxonomy":"category","embeddable":true,"href":"https:\/\/www.ladislavjakl.cz\/index.php?rest_route=%2Fwp%2Fv2%2Fcategories&post=1183"},{"taxonomy":"post_tag","embeddable":true,"href":"https:\/\/www.ladislavjakl.cz\/index.php?rest_route=%2Fwp%2Fv2%2Ftags&post=1183"}],"curies":[{"name":"wp","href":"https:\/\/api.w.org\/{rel}","templated":true}]}}