{"id":11855,"date":"2021-03-17T13:07:42","date_gmt":"2021-03-17T12:07:42","guid":{"rendered":"http:\/\/www.ladislavjakl.cz\/?p=11855"},"modified":"2021-03-17T13:07:42","modified_gmt":"2021-03-17T12:07:42","slug":"agresivni-rasova-medialni-arogance","status":"publish","type":"post","link":"https:\/\/www.ladislavjakl.cz\/?p=11855","title":{"rendered":"Agres\u00edvn\u00ed rasov\u00e1 medi\u00e1ln\u00ed arogance"},"content":{"rendered":"<div class=\"opener\">Kdysi n\u011bkoho napadlo vyv\u00e1\u017eet z Evropy do Afriky su\u0161en\u00e9 ml\u00e9ko ve velk\u00e9m a skoro zadarmo. Vyv\u00e1\u017eej\u00edc\u00ed vypadal jako zachr\u00e1nce sv\u011bta &#8211; a je\u0161t\u011b odleh\u010dil sklad\u016fm p\u0159epln\u011bn\u00fdm neprodejn\u00fdmi z\u00e1sobami z p\u0159edch\u00e1zej\u00edc\u00ed nadv\u00fdroby.<\/div>\n<p><!--more--><\/p>\n<div id=\"art-text\" class=\"text\">\n<p>Pro\u010d nespojit p\u0159\u00edjemn\u00e9 s u\u017eite\u010dn\u00fdm, \u017ee. Jen\u017ee ono se uk\u00e1zalo n\u011bkolik h\u00e1\u010dk\u016f. Vesnick\u00e9 africk\u00e9 obyvatelstvo n\u011bjak nev\u011bd\u011blo, co si s t\u00edm b\u00edl\u00fdm pr\u00e1\u0161kem po\u010d\u00edt, a nav\u00edc se mno\u017eily p\u0159\u00edpady hromadn\u00fdch v\u00e1\u017en\u00fdch st\u0159evn\u00edch a \u017ealude\u010dn\u00edch pot\u00ed\u017e\u00ed zp\u016fsoben\u00fdch intoleranc\u00ed domorodc\u016f k lakt\u00f3ze &#8211; ml\u00e9\u010dn\u00e9mu cukru. Ostatn\u011b, zdaleka ne ka\u017ed\u00fd dosp\u011bl\u00fd \u010dlov\u011bk je schopen lakt\u00f3zu bez pot\u00ed\u017e\u00ed tr\u00e1vit. Rozd\u00edly jsou v\u0161ak nejen individu\u00e1ln\u00ed, ale tak\u00e9 kulturn\u00ed, proto\u017ee stravovac\u00ed zvyklosti v\u016fbec nejsou univerz\u00e1ln\u00ed, a co se b\u011b\u017en\u011b j\u00ed v jedn\u011bch kon\u010din\u00e1ch, jinde na to tr\u00e1vic\u00ed trakty m\u00edstn\u00edch nejsou uzp\u016fsobeny.<\/p>\n<p>Ale nebu\u010fme hnidopi\u0161i, ka\u017ed\u00fd ob\u010das n\u011bco nedomysl\u00ed. \u010casto v\u0161ak nejde o nedomy\u0161lenosti, ale o kulturn\u00ed a civiliza\u010dn\u00ed necitlivost. Mysl\u00edte, \u017ee je citliv\u00e9 vnucovat nap\u0159\u00edklad uprost\u0159ed Afriky n\u011bjakou potravinu (nebo t\u0159eba hygienick\u00e9 \u010di drogistick\u00e9 pot\u0159eby) v\u0161udyp\u0159\u00edtomnou agresivn\u00ed reklamou, na kter\u00e9 p\u0159\u00edslu\u0161n\u00fd produkt prezentuje blond\u00fdna se svou blon\u010fatou rekvizitou, tedy roztomilou b\u00edlou hol\u010di\u010dkou?<\/p>\n<p>Anebo mysl\u00edte, \u017ee je citliv\u00e9 vnucovat n\u011bkde uprost\u0159ed muslimsk\u00e9 Ar\u00e1bie opalovac\u00ed kr\u00e9m v\u0161udyp\u0159\u00edtomnou agresivn\u00ed kampan\u00ed, v r\u00e1mci kter\u00e9 v ka\u017ed\u00e9 vsi naraz\u00edte na billboard b\u011blo\u0161ky v bikin\u00e1ch, lesknouc\u00ed se po cel\u00e9m polonah\u00e9m t\u011ble olej\u00ed\u010dkem s faktorem t\u0159icet? V podobn\u00fdch p\u0159\u00edpadech ale nejsp\u00ed\u0161 nejde \u201ejen\u201c o kulturn\u00ed a civiliza\u010dn\u00ed necitlivost. Jde o agresi. Jde o aroganci. Jde o vnucov\u00e1n\u00ed ideologie, kterou m\u00e1 b\u00fdt ka\u017ed\u00fd prost\u00fd Afri\u010dan a Arab vy\u0161kolen, \u017ee nen\u00ed na tom sv\u011bt\u011b s\u00e1m, \u017ee tu s n\u00edm na planet\u011b \u017eij\u00ed i ti b\u011blo\u0161i, ateistky v bikin\u00e1ch \u010di blond\u00fdnky s blon\u010fat\u00fdmi miminky.<\/p>\n<p>\u010clov\u011bk by nad t\u00edm mohl m\u00e1vnout rukou: na necitlivou a vnucovac\u00ed reklamu doplat\u00ed nakonec doty\u010dn\u00e1 firma sama: sv\u00fdm z\u00e1kazn\u00edk\u016fm, jejich\u017e zvyklosti nejen nerespektuje, ale sna\u017e\u00ed se je p\u0159eu\u010dit, se zhnus\u00ed a nic jim pak neprod\u00e1. Nem\u011bla respekt k prost\u0159ed\u00ed, ve kter\u00e9m chce komunikovat svou produkci, poho\u0159\u00ed na tom. Nechytne se. Neusp\u011bje.<\/p>\n<p>Jen\u017ee ona takov\u00e1 vnucovac\u00ed a p\u0159ev\u00fdchovn\u00e1 kampa\u0148 nen\u00ed jenom neefektivn\u00ed a prodej nab\u00edzen\u00e9ho zbo\u017e\u00ed ohro\u017euj\u00edc\u00ed, ona je dokonce kontraproduktivn\u00ed. Spole\u010dnost, kobercov\u011b bombardovan\u00e1 cizorod\u00fdmi kulturn\u00edmi a etnick\u00fdmi vzorci v reklam\u00e1ch, se za\u010dne intuitivn\u011b br\u00e1nit, za\u010dne c\u00edtit odpor v\u016f\u010di vet\u0159elc\u016fm, proto\u017ee pr\u00e1v\u011b jako vet\u0159elce bude africk\u00e1 vesnice onu veselou blond\u00fdnku vn\u00edmat. A m\u00edsto aby kampa\u0148 slou\u017eila k toleranci a k zesamoz\u0159ejm\u011bn\u00ed faktu, \u017ee sv\u011bt je pestr\u00fd, vzbud\u00ed alergickou reakci. Reakci s kdov\u00edjak\u00fdmi n\u00e1sledky.<\/p>\n<p>Domyslel to n\u011bkdo?<\/p>\n<\/div>\n<p><a href=\"https:\/\/jakl.blog.idnes.cz\/blog.aspx?c=767044\">Zdroj<\/a><\/p>\n","protected":false},"excerpt":{"rendered":"<p>Kdysi n\u011bkoho napadlo vyv\u00e1\u017eet z Evropy do Afriky su\u0161en\u00e9 ml\u00e9ko ve velk\u00e9m a skoro zadarmo. Vyv\u00e1\u017eej\u00edc\u00ed vypadal jako zachr\u00e1nce sv\u011bta &#8211; a je\u0161t\u011b odleh\u010dil sklad\u016fm p\u0159epln\u011bn\u00fdm neprodejn\u00fdmi z\u00e1sobami z p\u0159edch\u00e1zej\u00edc\u00ed nadv\u00fdroby.<\/p>\n","protected":false},"author":1,"featured_media":0,"comment_status":"open","ping_status":"open","sticky":false,"template":"","format":"standard","meta":{"ngg_post_thumbnail":0,"footnotes":""},"categories":[10],"tags":[],"class_list":["post-11855","post","type-post","status-publish","format-standard","hentry","category-zlehka"],"_links":{"self":[{"href":"https:\/\/www.ladislavjakl.cz\/index.php?rest_route=\/wp\/v2\/posts\/11855","targetHints":{"allow":["GET"]}}],"collection":[{"href":"https:\/\/www.ladislavjakl.cz\/index.php?rest_route=\/wp\/v2\/posts"}],"about":[{"href":"https:\/\/www.ladislavjakl.cz\/index.php?rest_route=\/wp\/v2\/types\/post"}],"author":[{"embeddable":true,"href":"https:\/\/www.ladislavjakl.cz\/index.php?rest_route=\/wp\/v2\/users\/1"}],"replies":[{"embeddable":true,"href":"https:\/\/www.ladislavjakl.cz\/index.php?rest_route=%2Fwp%2Fv2%2Fcomments&post=11855"}],"version-history":[{"count":1,"href":"https:\/\/www.ladislavjakl.cz\/index.php?rest_route=\/wp\/v2\/posts\/11855\/revisions"}],"predecessor-version":[{"id":11856,"href":"https:\/\/www.ladislavjakl.cz\/index.php?rest_route=\/wp\/v2\/posts\/11855\/revisions\/11856"}],"wp:attachment":[{"href":"https:\/\/www.ladislavjakl.cz\/index.php?rest_route=%2Fwp%2Fv2%2Fmedia&parent=11855"}],"wp:term":[{"taxonomy":"category","embeddable":true,"href":"https:\/\/www.ladislavjakl.cz\/index.php?rest_route=%2Fwp%2Fv2%2Fcategories&post=11855"},{"taxonomy":"post_tag","embeddable":true,"href":"https:\/\/www.ladislavjakl.cz\/index.php?rest_route=%2Fwp%2Fv2%2Ftags&post=11855"}],"curies":[{"name":"wp","href":"https:\/\/api.w.org\/{rel}","templated":true}]}}