{"id":11857,"date":"2021-03-17T13:14:44","date_gmt":"2021-03-17T12:14:44","guid":{"rendered":"http:\/\/www.ladislavjakl.cz\/?p=11857"},"modified":"2021-03-17T13:14:44","modified_gmt":"2021-03-17T12:14:44","slug":"ladislav-jakl-napsal-vers-hlasovani-ze-zahranici-demokracii-nam-znici","status":"publish","type":"post","link":"https:\/\/www.ladislavjakl.cz\/?p=11857","title":{"rendered":"Ladislav Jakl napsal ver\u0161: Hlasov\u00e1n\u00ed ze zahrani\u010d\u00ed demokracii n\u00e1m zni\u010d\u00ed"},"content":{"rendered":"<p><strong>Ladislav Jakl, b\u00fdval\u00e1 osoba z Klausova Hradu, pokra\u010duje ve sv\u00fdch \u00favah\u00e1ch o demokracii. Myslel to snad dob\u0159e (snad), ale dopadlo to jako v\u017edycky.&nbsp;<\/strong>Jakl n\u00e1s na sv\u00e9m Facebooku 21. ledna obda\u0159il p\u0159\u00edsp\u011bvkem s&nbsp;pon\u011bkud klopotn\u011b r\u00fdmovan\u00fdm titulkem: \u201eHlasov\u00e1n\u00ed ze zahrani\u010d\u00ed demokracii n\u00e1m zni\u010d\u00ed.\u201c<\/p>\n<p><!--more--><\/p>\n<div class=\"mb-3 mx-auto\">\n<div id=\"div-gpt-ad-1595852642414-0\" data-google-query-id=\"CIPmmMmmt-8CFV2adwodKK8Elw\">&nbsp;<\/div>\n<\/div>\n<p>Tam se do\u010dteme:&nbsp;<i>\u201eKoresponden\u010dn\u00ed volba pro krajany \u017eij\u00edc\u00ed v zahrani\u010d\u00ed? To je \u010dist\u00e9 zlo. Osudy na\u0161\u00ed republiky a \u017eivoty n\u00e1s, co zde \u017eijeme, by m\u011bli spoluur\u010dovat jen ti, kdo s n\u00e1mi sd\u00edlej\u00ed na\u0161e \u017eivoty, kdo sd\u00edlej\u00ed pom\u011bry u n\u00e1s v dobr\u00e9m i ve zl\u00e9m. Voleb a\u0165 se \u00fa\u010dastn\u00ed jen ti, kdo tu pracuj\u00ed, d\u00fdchaj\u00ed s n\u00e1mi spole\u010denskou atmosf\u00e9ru, plat\u00ed dan\u011b \u010di se pot\u00fdkaj\u00ed s fungov\u00e1n\u00edm st\u00e1tu a jeho org\u00e1n\u016f, ti, na kter\u00e9 ka\u017edodenn\u011b dopad\u00e1 kvalita na\u0161eho \u0161kolstv\u00ed, policie, infrastruktury, soci\u00e1ln\u00edho syst\u00e9mu, kdo pro\u017e\u00edvaj\u00ed na\u0161i m\u00edru svobody i nesvobody, kdo na vlastn\u00ed k\u016f\u017ei c\u00edt\u00ed v\u0161echna omezen\u00ed \u010di naopak mo\u017enosti \u017eivota v na\u0161\u00ed domovin\u011b.<\/i><\/p>\n<p><i>Ne \u017ee n\u00e1m zava\u0159\u00ed odn\u011bkud zd\u00e1lky tac\u00ed, co budou hlasovat leda podle sv\u00fdch sympati\u00ed, ale dopady volebn\u00edch v\u00fdsledk\u016f na n\u011b pak u\u017e nedolehnou. Ne, ne, ne.\u201c<\/i><\/p>\n<p>My\u0161lenky klausovsk\u00fdch rocker\u016f-pam\u011btn\u00edk\u016f odpov\u00eddaj\u00ed prost\u0159ed\u00ed, kde se rod\u00ed. Tedy nacionalismu 19. stolet\u00ed, jeho\u017e hlasatelem je laure\u00e1t Pu\u0161kinovy ceny z rukou samotn\u00e9ho v\u016fdce Putina. V\u00fdraz \u201ed\u00fdchaj\u00ed s n\u00e1mi spole\u010denskou atmosf\u00e9ru\u201c je pozoruhodn\u00fd, kdy\u017e si uv\u011bdom\u00edme, jak\u00fd smrad dnes spole\u010densk\u00e1 atmosf\u00e9ra p\u0159edstavuje. Je to mimo jin\u00e9 v\u00fdsledek hlasov\u00e1n\u00ed lid\u00ed, kte\u0159\u00ed n\u00e1m zajistili stra\u0161idelnou postavi\u010dku Zemana na Hrad\u011b, agenta StB a trestn\u011b st\u00edhanou osobu n\u011bkdej\u0161\u00edho kari\u00e9rn\u00edho komunisty v \u010dele vl\u00e1dy, pr\u00e1ska\u010de St\u00e1tn\u00ed bezpe\u010dnosti a komunistu jako m\u00edstop\u0159edsedu sn\u011bmovny, poslaneck\u00e1 k\u0159es\u00edlka pro m\u00e1lo bystr\u00e9 okamurovce a jejich velmi bystr\u00e9ho p\u0159edsedu, kter\u00fd sotva m\u016f\u017ee v\u011b\u0159it tomu, co pros\u0165\u00e1\u010dk\u016fm val\u00ed do hlavy. \u201eSpole\u010densk\u00e1 atmosf\u00e9ra\u201c je zamo\u0159en\u00e1 p\u0161ouky V\u0161ezn\u00e1lka z Institutu V\u00e1clava Klause, kter\u00fd se po vy\u0159e\u0161en\u00ed v\u0161ech ot\u00e1zek klimatu dal na epidemiologii. P\u0159ed posledn\u00ed prezidentskou volbou vrhl V\u0161ezn\u00e1lek svou energii na dal\u0161\u00ed zvolen\u00ed Milo\u0161e Zemana, ostudy republiky p\u0159ed cel\u00fdm sv\u011btem. (Sv\u011bt o n\u00e1s moc nev\u00ed, ale kdy\u017e se hlava n\u011bjak\u00e9ho st\u00e1tu chov\u00e1 jako agent sna\u017e\u00edc\u00ed se zemi po\u0161kodit, v\u0161imnou si toho.)<\/p>\n<p>Ob\u010dan\u00e9 jsou prost\u011b ob\u010dan\u00e9 a nemaj\u00ed b\u00fdt rozd\u011bleni do dvou kategori\u00ed. Kdy\u017e chce dnes \u010desk\u00fd ob\u010dan \u017eij\u00edc\u00ed v&nbsp;zahrani\u010d\u00ed volit, mus\u00ed se dostavit na zastupitelsk\u00fd \u00fa\u0159ad. To m\u016f\u017ee b\u00fdt stovky kilometr\u016f daleko, tak\u017ee pr\u00e1vo volit je tady dost teoretick\u00e9. Mnoz\u00ed ob\u010dan\u00e9 \u017eij\u00ed v&nbsp;zahrani\u010d\u00ed jen n\u011bjakou dobu, maj\u00ed tady p\u0159\u00edbuzn\u00e9, tak\u017ee se jich stav zem\u011b dot\u00fdk\u00e1 jako kohokoli dal\u0161\u00edho. Jaklovy v\u00fdklady jsou jen apel na m\u00e9n\u011b mysl\u00edc\u00ed jedince, kte\u0159\u00ed by se nikdy neodhodlali ani na chv\u00edli n\u011bkam vyjet studovat nebo pracovat. Je to jen jin\u00e1 varianta komunistick\u00e9ho pojet\u00ed ob\u010dana v&nbsp;zahrani\u010d\u00ed jako p\u0159\u00edslu\u0161n\u00edka \u201ezr\u00e1dn\u00e9 emigrace\u201c. Ur\u010dit\u00fd typ politick\u00fdch p\u0159ed\u00e1k\u016f prost\u011b v\u00ed, \u017ee lid\u00e9, kte\u0159\u00ed se rozhodli b\u00fdt aktivn\u00ed a net\u0159\u00e1st se p\u0159ed zm\u011bnami, je nikdy volit nebudou. Tak je pot\u0159eba jim to zatrhnout. Proto si te\u010f vym\u00fd\u0161l\u00ed pomocn\u00e9 argumenty, t\u0159eba odkazy na probl\u00e9my p\u0159i posledn\u00edch prezidentsk\u00fdch volb\u00e1ch ve Spojen\u00fdch st\u00e1tech. Ty probl\u00e9my ale nevyvolalo koresponden\u010dn\u00ed hlasov\u00e1n\u00ed, ale vytrval\u00e9 lhan\u00ed Donalda Trumpa o nich.<\/p>\n<p>Pokud se u n\u00e1s ob\u010dan\u00e9 pot\u00fdkaj\u00ed&nbsp;<i>s fungov\u00e1n\u00edm st\u00e1tu a jeho org\u00e1n\u016f&nbsp;<\/i>a dopad\u00e1 na n\u011b&nbsp;<i>kvalita na\u0161eho \u0161kolstv\u00ed, policie, infrastruktury, soci\u00e1ln\u00edho syst\u00e9mu,&nbsp;<\/i>tak ty probl\u00e9my tady p\u016fsob\u00ed nekompetentn\u00ed politici, kter\u00e9 do funkc\u00ed zvolili i wlastenci, co nikdy z republiky nevyt\u00e1hli paty.<\/p>\n<p>No nic. My ch\u00e1peme, \u017ee Institut udr\u017eov\u00e1n\u00ed sv\u011btl\u00e9 pam\u00e1tky V\u00e1clava Klause mus\u00ed vykazovat n\u011bjakou \u010dinnost.<\/p>\n<p><a href=\"https:\/\/www.forum24.cz\/ladislav-jakl-napsal-vers-hlasovani-ze-zahranici-demokracii-nam-znici\/\">Zdroj<\/a><\/p>\n","protected":false},"excerpt":{"rendered":"<p>Ladislav Jakl, b\u00fdval\u00e1 osoba z Klausova Hradu, pokra\u010duje ve sv\u00fdch \u00favah\u00e1ch o demokracii. Myslel to snad dob\u0159e (snad), ale dopadlo to jako v\u017edycky.&nbsp;Jakl n\u00e1s na sv\u00e9m Facebooku 21. ledna obda\u0159il p\u0159\u00edsp\u011bvkem s&nbsp;pon\u011bkud klopotn\u011b r\u00fdmovan\u00fdm titulkem: \u201eHlasov\u00e1n\u00ed ze zahrani\u010d\u00ed demokracii n\u00e1m zni\u010d\u00ed.\u201c<\/p>\n","protected":false},"author":1,"featured_media":0,"comment_status":"open","ping_status":"open","sticky":false,"template":"","format":"standard","meta":{"ngg_post_thumbnail":0,"footnotes":""},"categories":[11],"tags":[],"class_list":["post-11857","post","type-post","status-publish","format-standard","hentry","category-ozvena"],"_links":{"self":[{"href":"https:\/\/www.ladislavjakl.cz\/index.php?rest_route=\/wp\/v2\/posts\/11857","targetHints":{"allow":["GET"]}}],"collection":[{"href":"https:\/\/www.ladislavjakl.cz\/index.php?rest_route=\/wp\/v2\/posts"}],"about":[{"href":"https:\/\/www.ladislavjakl.cz\/index.php?rest_route=\/wp\/v2\/types\/post"}],"author":[{"embeddable":true,"href":"https:\/\/www.ladislavjakl.cz\/index.php?rest_route=\/wp\/v2\/users\/1"}],"replies":[{"embeddable":true,"href":"https:\/\/www.ladislavjakl.cz\/index.php?rest_route=%2Fwp%2Fv2%2Fcomments&post=11857"}],"version-history":[{"count":1,"href":"https:\/\/www.ladislavjakl.cz\/index.php?rest_route=\/wp\/v2\/posts\/11857\/revisions"}],"predecessor-version":[{"id":11858,"href":"https:\/\/www.ladislavjakl.cz\/index.php?rest_route=\/wp\/v2\/posts\/11857\/revisions\/11858"}],"wp:attachment":[{"href":"https:\/\/www.ladislavjakl.cz\/index.php?rest_route=%2Fwp%2Fv2%2Fmedia&parent=11857"}],"wp:term":[{"taxonomy":"category","embeddable":true,"href":"https:\/\/www.ladislavjakl.cz\/index.php?rest_route=%2Fwp%2Fv2%2Fcategories&post=11857"},{"taxonomy":"post_tag","embeddable":true,"href":"https:\/\/www.ladislavjakl.cz\/index.php?rest_route=%2Fwp%2Fv2%2Ftags&post=11857"}],"curies":[{"name":"wp","href":"https:\/\/api.w.org\/{rel}","templated":true}]}}