{"id":11860,"date":"2021-04-01T10:53:45","date_gmt":"2021-04-01T08:53:45","guid":{"rendered":"http:\/\/www.ladislavjakl.cz\/?p=11860"},"modified":"2021-04-01T10:53:45","modified_gmt":"2021-04-01T08:53:45","slug":"1-2021-je-skvele-byt-pivnim-patriotem","status":"publish","type":"post","link":"https:\/\/www.ladislavjakl.cz\/?p=11860","title":{"rendered":"1\/2021 Je skv\u011bl\u00e9 b\u00fdt pivn\u00edm patriotem"},"content":{"rendered":"<p>Dvan\u00e1ct\u00fd ro\u010dn\u00edk Prvn\u00ed pivn\u00ed extraligy v polovin\u011b b\u0159ezna, zrovna na svat\u00e9ho Patrika, za\u010dal. \u017d\u00e1dn\u00e9 person\u00e1ln\u00ed zm\u011bny letos nenastaly, i kdy\u017e hned na prvn\u00ed kolo musel prezident povolat dva n\u00e1hradn\u00edky, p\u0159esn\u011bji \u0159e\u010deno n\u00e1hradnice. V organizaci samotn\u00fdch degustac\u00ed se tak\u00e9 nic nezm\u011bnilo, zase n\u00e1s \u010dek\u00e1 p\u011bt z\u00e1kladn\u00edch kol, dv\u011b semifin\u00e1le, fin\u00e1le a \u010cesko Slovensk\u00e9 superfin\u00e1le. Tyto z\u00e1kladn\u00ed degustace dopln\u00ed p\u00e1r vlo\u017een\u00fdch a ji\u017e tradi\u010dn\u00ed Kr\u00e1l Prahy.<\/p>\n<p><!--more--><\/p>\n<p>A jak dopadla samotn\u00e1 degustace? Podobn\u011b jako loni bylo \u00favodn\u00ed kolo velmi vyrovnan\u00e9. O postupuj\u00edc\u00edch rozhodoval rozpij, kdy\u017e vzorky na 3. \u2013 5. m\u00edst\u011b m\u011bly shodn\u011b po 40 bodech (a postupuj\u00ed prvn\u00ed 4). Do semifin\u00e1le postoupil Ostravar a o jedin\u00fd rozpijov\u00fd bod ze \u010dtvrt\u00e9ho m\u00edsta bene\u0161ovsk\u00fd Ferdinand. I o dal\u0161\u00edm po\u0159ad\u00ed rozhodovaly v\u011bt\u0161inou jednobodov\u00e9 rozd\u00edly. Na st\u0159\u00edbrn\u00e9 pozici byl lo\u0148sk\u00fd finalista, Kr\u00e1lovsk\u00fd le\u017e\u00e1k z Kru\u0161ovic, a v\u00edt\u011bzem se stal Patriot Uhersk\u00fd Brod, va\u0159en\u00fd (po uzav\u0159en\u00ed pivovaru Jan\u00e1\u010dek) pravd\u011bpodobn\u011b v \u010cern\u00e9 Ho\u0159e. Druh\u00e9 pivo z tohoto pivovaru, lo\u0148sk\u00fd finalista P\u00e1ter, ale skon\u010dilo o propastn\u00fdch 11 bod\u016f n\u00ed\u017ee a\u017e na dev\u00e1t\u00e9m m\u00edst\u011b.<\/p>\n<p>Kvalita byla celkov\u011b o dost ni\u017e\u0161\u00ed, ne\u017e jsme byli zvykl\u00ed v minul\u00fdch letech. Pravd\u011bpodobn\u011b se projevuje sou\u010dasn\u00e1 situace, kdy pivovary va\u0159\u00ed o dost m\u00e9n\u011b piva a n\u011bkter\u00e9 vzorky se k n\u00e1m dostaly ji\u017e v ne p\u0159\u00edli\u0161 reprezentativn\u00ed kondici. Uvid\u00edme v p\u0159\u00ed\u0161t\u00edch kolech.<\/p>\n<p>Druh\u00e9 kolo dvan\u00e1ct\u00e9ho ro\u010dn\u00edku Prvn\u00ed pivn\u00ed extraligy se bude konat 30. b\u0159ezna 2021.<\/p>\n<table width=\"477\">\n<tbody>\n<tr>\n<td width=\"64\">1.<\/td>\n<td width=\"156\">Uhersk\u00fd Brod<\/td>\n<td width=\"134\">Patriot 11<\/td>\n<td width=\"64\">33<\/td>\n<\/tr>\n<tr>\n<td>2.<\/td>\n<td>Kru\u0161ovice<\/td>\n<td>Kr\u00e1lovsk\u00fd le\u017e\u00e1k 12<\/td>\n<td>37<\/td>\n<\/tr>\n<tr>\n<td>3.-5.<\/td>\n<td>Ostravar<\/td>\n<td>Sv\u011btl\u00fd le\u017e\u00e1k<\/td>\n<td>40<\/td>\n<\/tr>\n<tr>\n<td>3.-5.<\/td>\n<td>Ferdinand<\/td>\n<td>Sv\u011btl\u00fd le\u017e\u00e1k<\/td>\n<td>40<\/td>\n<\/tr>\n<tr>\n<td>3.-5.<\/td>\n<td>Litovel<\/td>\n<td>Premium<\/td>\n<td>40<\/td>\n<\/tr>\n<tr>\n<td>6.-7.<\/td>\n<td>K\u00e1cov<\/td>\n<td>Hubertus Premium<\/td>\n<td>41<\/td>\n<\/tr>\n<tr>\n<td>6.-7.<\/td>\n<td>Bu\u010f\u011bjovick\u00fd Budvar<\/td>\n<td>Czech lager<\/td>\n<td>41<\/td>\n<\/tr>\n<tr>\n<td>8.<\/td>\n<td>Velkopopovick\u00fd Kozel<\/td>\n<td>Mistr\u016fv le\u017e\u00e1k<\/td>\n<td>42<\/td>\n<\/tr>\n<tr>\n<td>9.<\/td>\n<td>\u010cern\u00e1 Hora<\/td>\n<td>P\u00e1ter<\/td>\n<td>44<\/td>\n<\/tr>\n<tr>\n<td>10.<\/td>\n<td>Bernard<\/td>\n<td>Sv\u011btl\u00fd le\u017e\u00e1k<\/td>\n<td>47<\/td>\n<\/tr>\n<\/tbody>\n<\/table>\n<p>&nbsp;<\/p>\nngg_shortcode_0_placeholder\n<p>Petr Buri\u00e1nek | PPE<\/p>\n<p><a href=\"http:\/\/www.prvnipivniextraliga.cz\/cesky-lezak\/1-2021-je-skvele-byt-pivnim-patriotem\/\">Zdroj<\/a><\/p>\n","protected":false},"excerpt":{"rendered":"<p>Dvan\u00e1ct\u00fd ro\u010dn\u00edk Prvn\u00ed pivn\u00ed extraligy v polovin\u011b b\u0159ezna, zrovna na svat\u00e9ho Patrika, za\u010dal. \u017d\u00e1dn\u00e9 person\u00e1ln\u00ed zm\u011bny letos nenastaly, i kdy\u017e hned na prvn\u00ed kolo musel prezident povolat dva n\u00e1hradn\u00edky, p\u0159esn\u011bji \u0159e\u010deno n\u00e1hradnice. V organizaci samotn\u00fdch degustac\u00ed se tak\u00e9 nic nezm\u011bnilo, zase n\u00e1s \u010dek\u00e1 p\u011bt z\u00e1kladn\u00edch kol, dv\u011b semifin\u00e1le, fin\u00e1le a \u010cesko Slovensk\u00e9 superfin\u00e1le. Tyto z\u00e1kladn\u00ed [&hellip;]<\/p>\n","protected":false},"author":1,"featured_media":0,"comment_status":"open","ping_status":"open","sticky":false,"template":"","format":"standard","meta":{"ngg_post_thumbnail":0,"footnotes":""},"categories":[11,20],"tags":[],"class_list":["post-11860","post","type-post","status-publish","format-standard","hentry","category-ozvena","category-pivo"],"_links":{"self":[{"href":"https:\/\/www.ladislavjakl.cz\/index.php?rest_route=\/wp\/v2\/posts\/11860","targetHints":{"allow":["GET"]}}],"collection":[{"href":"https:\/\/www.ladislavjakl.cz\/index.php?rest_route=\/wp\/v2\/posts"}],"about":[{"href":"https:\/\/www.ladislavjakl.cz\/index.php?rest_route=\/wp\/v2\/types\/post"}],"author":[{"embeddable":true,"href":"https:\/\/www.ladislavjakl.cz\/index.php?rest_route=\/wp\/v2\/users\/1"}],"replies":[{"embeddable":true,"href":"https:\/\/www.ladislavjakl.cz\/index.php?rest_route=%2Fwp%2Fv2%2Fcomments&post=11860"}],"version-history":[{"count":1,"href":"https:\/\/www.ladislavjakl.cz\/index.php?rest_route=\/wp\/v2\/posts\/11860\/revisions"}],"predecessor-version":[{"id":11869,"href":"https:\/\/www.ladislavjakl.cz\/index.php?rest_route=\/wp\/v2\/posts\/11860\/revisions\/11869"}],"wp:attachment":[{"href":"https:\/\/www.ladislavjakl.cz\/index.php?rest_route=%2Fwp%2Fv2%2Fmedia&parent=11860"}],"wp:term":[{"taxonomy":"category","embeddable":true,"href":"https:\/\/www.ladislavjakl.cz\/index.php?rest_route=%2Fwp%2Fv2%2Fcategories&post=11860"},{"taxonomy":"post_tag","embeddable":true,"href":"https:\/\/www.ladislavjakl.cz\/index.php?rest_route=%2Fwp%2Fv2%2Ftags&post=11860"}],"curies":[{"name":"wp","href":"https:\/\/api.w.org\/{rel}","templated":true}]}}