{"id":1187,"date":"2011-08-19T09:35:56","date_gmt":"2011-08-19T08:35:56","guid":{"rendered":"http:\/\/www.ladislavjakl.cz\/?p=1187"},"modified":"2011-08-19T09:35:56","modified_gmt":"2011-08-19T08:35:56","slug":"pred-dvema-lety-stejne-jako-dnes","status":"publish","type":"post","link":"https:\/\/www.ladislavjakl.cz\/?p=1187","title":{"rendered":"P\u0159ed dv\u011bma lety. Stejn\u00e9 jako dnes."},"content":{"rendered":"<p>Bl\u00ed\u017e\u00ed se dvac\u00e1t\u00e9 v\u00fdro\u010d\u00ed p\u00e1du bol\u0161evika. Na obrazovky se  vracej\u00ed dobov\u00e9 z\u00e1b\u011bry, ze kter\u00fdch mraz\u00ed. A najednou s\u00a0hr\u016fzou zjist\u00edm,  \u017ee n\u011bkter\u00e9 ty z\u00e1b\u011bry v\u016fbec nejsou dobov\u00e9, ale ze v\u010derej\u0161ka. U\u017e zase jsou  kriminalizov\u00e1ny rockov\u00e9 kapely, u\u017e zas policie p\u00e1tr\u00e1 po nahr\u00e1vk\u00e1ch a  textech p\u00edsn\u00ed, u\u017e zase jsou p\u0159epad\u00e1v\u00e1ny soukrom\u00e9 koncerty a jejich  \u00fa\u010dastn\u00edci vyvl\u00edk\u00e1ni v\u00a0klepetech.<\/p>\n<p><!--more--><\/p>\n<div>\n<p>Nev\u00edm, pro\u010d se n\u00e1ck\u016fm \u0159\u00edk\u00e1 ultrapravice, kdy\u017e to jsou p\u0159ece n\u00e1rodn\u00ed  socialisti, kter\u00fdm nic na sv\u011bt\u011b nevad\u00ed v\u00edc, ne\u017e norm\u00e1ln\u00ed kapitalismus.  Nesn\u00e1\u0161\u00edm p\u0159iblbl\u00e9 rasistick\u00e9 ko\u017eenohlavce, nem\u00e1m r\u00e1d ani hloup\u00e9 lidov\u00e9  rasistick\u00e9 p\u0159edsudky, z\u00e1sadn\u011b nep\u0159es\u00edl\u00e1m ani ty vtipy o cik\u00e1nech, kter\u00e9  jsou v\u00a0j\u00e1dru pravdiv\u00e9. Z\u00a0r\u016fzn\u00fdch osobn\u00edch d\u016fvod\u016f m\u00e1m fakt n\u00e1rok o sob\u011b  tvrdit, \u017ee mi nic nen\u00ed cizej\u0161\u00edho, ne\u017e rasistick\u00e9 sklony.<\/p>\n<p>Ale jedno v\u00edm jist\u011b: jestli se n\u011bkomu za\u010dne hrub\u011b sahat na osobn\u00ed  svobodu jen kv\u016fli tomu, \u017ee zp\u00edv\u00e1 pitomosti, pak jde i o svobodu v\u0161ech  ostatn\u00edch, a to v\u016fbec ne jenom t\u011bch, co hrajeme bigb\u00edt.<\/p>\n<p>Mezi kapelami jsou r\u016fzn\u00e9 vypatlan\u00e9 makovice, kter\u00e9 zp\u00edvaj\u00ed fakt  nesnesiteln\u00e9 hovadiny. Jedny se zelen\u00fdm\u00a0\u010d\u00edrem na hlav\u011b v\u00e1\u0161niv\u011b vyk\u0159ikuj\u00ed  proti soukrom\u00fdm bank\u00e1m a zvolen\u00fdm parlament\u016fm, jin\u00e9 vy\u0159v\u00e1vaj\u00ed proti  negr\u016fm a \u017elut\u00fdm. Jsou to pitomci, kter\u00e9 by rodi\u010de m\u011bli vytahat za  u\u0161iska.<\/p>\n<p>Ale je zatracen\u00fd rozd\u00edl mezi skute\u010dn\u00fdm n\u00e1sil\u00edm, kter\u00e9 je odporn\u00e9 v\u00a0ka\u017ed\u00e9  podob\u011b a s\u00a0jakoukoli motivac\u00ed, a zu\u0159iv\u00fdm zp\u011bvem n\u011bjak\u00fdch trubek. N\u00e1sil\u00ed  je t\u0159eba trestat d\u016fsledn\u011b a tvrd\u011b. Ale trestat n\u011bkoho za p\u00edsni\u010dky,  jakkoli pitom\u00e9?<\/p>\n<p>A u\u017e \u00fapln\u011b je nepochopiteln\u00e9, kdy\u017e si sv\u00e9 pitomosti zp\u00edvaj\u00ed ty trubky na  soukrom\u00e9 uzav\u0159en\u00e9 akci, jen mezi sebou, ne n\u011bkde na n\u00e1m\u011bst\u00ed, kde by to  mohlo n\u011bkoho obt\u011b\u017eovat, a i na tu uzav\u0159enou akci se mus\u00ed probourat  kamery agent\u016f a st\u00e1tn\u00ed moc \u0161m\u00edrovat kl\u00ed\u010dov\u00fdmi d\u00edrkami, aby m\u011bla z\u00e1minku  k\u00a0vyra\u017een\u00ed dve\u0159\u00ed a k\u00a0masivn\u00edmu policejn\u00edmu z\u00e1kroku. A nebo kdy\u017e si je  n\u011bkdo pou\u0161t\u00ed doma kamar\u00e1d\u016fm a i tam mu mus\u00ed vtrhnout komando a nahr\u00e1vky  zabavit.<\/p>\n<p>V\u00e1\u017e\u00edm si v\u0161ech policist\u016f, kte\u0159\u00ed nasazuj\u00ed krk proti jak\u00fdmkoli n\u00e1silnick\u00fdm  boj\u016fvk\u00e1m, a\u0165 u\u017e to jsou patry cik\u00e1n\u016f s\u00a0b\u0159itvami nebo party ko\u017een\u00fdch  hlav s\u00a0baseballov\u00fdmi p\u00e1lkami. Ale nechte ty hloup\u00e9 kluky s\u00a0kytarami, a\u0165  si zp\u00edvaj\u00ed, co cht\u011bj\u00ed. Tam n\u00e1sil\u00ed neza\u010d\u00edn\u00e1, fakt ne. Nebo budeme muset  za\u010d\u00edt lustrovat texty v\u0161ech. A jsme tam, odkud jsme p\u0159ed dvaceti lety  utekli.<\/p>\n<p><a href=\"http:\/\/jakl.blog.idnes.cz\/c\/107220\/Nechte-je-zpivat-Nacky-i-pankace.html\" target=\"_blank\">Zdroj<\/a><\/div>\n","protected":false},"excerpt":{"rendered":"<p>Bl\u00ed\u017e\u00ed se dvac\u00e1t\u00e9 v\u00fdro\u010d\u00ed p\u00e1du bol\u0161evika. Na obrazovky se vracej\u00ed dobov\u00e9 z\u00e1b\u011bry, ze kter\u00fdch mraz\u00ed. A najednou s\u00a0hr\u016fzou zjist\u00edm, \u017ee n\u011bkter\u00e9 ty z\u00e1b\u011bry v\u016fbec nejsou dobov\u00e9, ale ze v\u010derej\u0161ka. U\u017e zase jsou kriminalizov\u00e1ny rockov\u00e9 kapely, u\u017e zas policie p\u00e1tr\u00e1 po nahr\u00e1vk\u00e1ch a textech p\u00edsn\u00ed, u\u017e zase jsou p\u0159epad\u00e1v\u00e1ny soukrom\u00e9 koncerty a jejich \u00fa\u010dastn\u00edci vyvl\u00edk\u00e1ni v\u00a0klepetech.<\/p>\n","protected":false},"author":1,"featured_media":0,"comment_status":"open","ping_status":"open","sticky":false,"template":"","format":"standard","meta":{"ngg_post_thumbnail":0,"footnotes":""},"categories":[1],"tags":[],"class_list":["post-1187","post","type-post","status-publish","format-standard","hentry","category-publikovane-clanky"],"_links":{"self":[{"href":"https:\/\/www.ladislavjakl.cz\/index.php?rest_route=\/wp\/v2\/posts\/1187","targetHints":{"allow":["GET"]}}],"collection":[{"href":"https:\/\/www.ladislavjakl.cz\/index.php?rest_route=\/wp\/v2\/posts"}],"about":[{"href":"https:\/\/www.ladislavjakl.cz\/index.php?rest_route=\/wp\/v2\/types\/post"}],"author":[{"embeddable":true,"href":"https:\/\/www.ladislavjakl.cz\/index.php?rest_route=\/wp\/v2\/users\/1"}],"replies":[{"embeddable":true,"href":"https:\/\/www.ladislavjakl.cz\/index.php?rest_route=%2Fwp%2Fv2%2Fcomments&post=1187"}],"version-history":[{"count":1,"href":"https:\/\/www.ladislavjakl.cz\/index.php?rest_route=\/wp\/v2\/posts\/1187\/revisions"}],"predecessor-version":[{"id":1188,"href":"https:\/\/www.ladislavjakl.cz\/index.php?rest_route=\/wp\/v2\/posts\/1187\/revisions\/1188"}],"wp:attachment":[{"href":"https:\/\/www.ladislavjakl.cz\/index.php?rest_route=%2Fwp%2Fv2%2Fmedia&parent=1187"}],"wp:term":[{"taxonomy":"category","embeddable":true,"href":"https:\/\/www.ladislavjakl.cz\/index.php?rest_route=%2Fwp%2Fv2%2Fcategories&post=1187"},{"taxonomy":"post_tag","embeddable":true,"href":"https:\/\/www.ladislavjakl.cz\/index.php?rest_route=%2Fwp%2Fv2%2Ftags&post=1187"}],"curies":[{"name":"wp","href":"https:\/\/api.w.org\/{rel}","templated":true}]}}