{"id":11872,"date":"2021-04-01T11:09:29","date_gmt":"2021-04-01T09:09:29","guid":{"rendered":"http:\/\/www.ladislavjakl.cz\/?p=11872"},"modified":"2021-04-01T11:09:29","modified_gmt":"2021-04-01T09:09:29","slug":"petr-kellner-jak-se-zmeni-ekonomika-podle-nejblizsiho-spolupracovnika-vaclava-klause","status":"publish","type":"post","link":"https:\/\/www.ladislavjakl.cz\/?p=11872","title":{"rendered":"Petr Kellner. Jak se zm\u011bn\u00ed ekonomika podle nejbli\u017e\u0161\u00edho spolupracovn\u00edka V\u00e1clava Klause?"},"content":{"rendered":"<p>Jm\u00e9no miliard\u00e1\u0159e Petra Kellnera je po jeho smrti ve vrtuln\u00edku na Alja\u0161ce sklo\u0148ov\u00e1no po cel\u00e9m sv\u011bt\u011b ve v\u0161ech p\u00e1dech. Velmi v\u00fdznamnou stopu po sob\u011b tento \u00fasp\u011b\u0161n\u00fd mu\u017e zanech\u00e1v\u00e1 v \u010cesk\u00e9 republice. Podnikatel, kter\u00fd se podle slov V\u00e1clava Klause stal symbolem \u00fasp\u011bchu \u010desk\u00e9ho kapitalismu. Jak na tohoto mimo\u0159\u00e1dn\u00e9ho \u010dlov\u011bka vzpom\u00edn\u00e1 bl\u00edzk\u00fd spolupracovn\u00edk prezidenta, Ladislav Jakl?<\/p>\n<p><!--more--><\/p>\n<div class=\"elementor-element elementor-element-1dc35618 elementor-widget elementor-widget-text-editor\" data-id=\"1dc35618\" data-element_type=\"widget\" data-widget_type=\"text-editor.default\">\n<div class=\"elementor-widget-container\">\n<div class=\"elementor-text-editor elementor-clearfix\">\n<p><strong>Ode\u0161el Petr Kellner. Znali jste se osobn\u011b, resp. jak na v\u00e1s p\u016fsobil jako \u010dlov\u011bk?<\/strong><\/p>\n<p>Neznali. Vid\u011bl jsem ho asi dvakr\u00e1t v \u017eivot\u011b. Ale byl velmi pozorn\u00fd, nep\u0159ehl\u00ed\u017eiv\u00fd, zaj\u00edmal se o lidi i o t\u00e9mata. A choval se norm\u00e1ln\u011b. P\u0159ijel s\u00e1m autem, bez \u0159idi\u010de i ochrany, a taky tak odjel.<\/p>\n<\/div>\n<\/div>\n<\/div>\n<div class=\"elementor-element elementor-element-c352d3a elementor-widget elementor-widget-text-editor\" data-id=\"c352d3a\" data-element_type=\"widget\" data-widget_type=\"text-editor.default\">\n<div class=\"elementor-widget-container\">\n<div class=\"elementor-text-editor elementor-clearfix\">\n<p><img loading=\"lazy\" decoding=\"async\" class=\"aligncenter wp-image-2796 size-medium lazyloaded\" src=\"https:\/\/viposobnosti.cz\/wp-content\/uploads\/2021\/03\/2862331-Ladislav-Jakl-600x400.jpg\" alt=\"\" width=\"600\" height=\"400\" data-ll-status=\"loaded\"><\/p>\n<p>Ladislav Jakl | Foto: archiv Ladislav Jakl<\/p>\n<p><strong>Zm\u011bn\u00ed podle v\u00e1s odchod Petra Kellnera \u010deskou politicko-ekonomickou sc\u00e9nu a jak?<\/strong><\/p>\n<p>Mo\u017en\u00e1 zm\u011bn\u00ed. On byl stabilizuj\u00edc\u00edm faktorem ve sv\u011bt\u011b soupe\u0159\u00edc\u00edch vliv\u016f a tvrd\u00fdch z\u00e1jm\u016f. Pokud po n\u011bm z\u016fstane nyn\u00ed vakuum, bude jeho zapl\u0148ov\u00e1n\u00ed doprov\u00e1zeno ot\u0159esy, chaosem, vy\u010derp\u00e1vaj\u00edc\u00edm bojem, kter\u00fd oslab\u00ed v\u0161echny. Budu ale doufat, \u017ee jeho skupina je postavena na pevn\u00fdch z\u00e1kladech a \u017e\u00e1dn\u00e9 vakuum nep\u0159ipust\u00ed. I kv\u016fli tomu, \u017ee siln\u00fd prvek s dom\u00e1c\u00edmi ko\u0159eny tu pot\u0159ebujeme, jinak si na\u0161i zem postupn\u011b rozeberou na sou\u010d\u00e1stky ciz\u00ed s\u00edly.<\/p>\n<\/div>\n<\/div>\n<\/div>\n<div class=\"elementor-element elementor-element-500900bf elementor-widget elementor-widget-text-editor\" data-id=\"500900bf\" data-element_type=\"widget\" data-widget_type=\"text-editor.default\">\n<div class=\"elementor-widget-container\">\n<div class=\"elementor-text-editor elementor-clearfix\">\n<p><strong>Kdy\u017e u\u017e zde mluv\u00edme o ekonomice, poj\u010fme k aktu\u00e1ln\u00edmu t\u00e9matu, a to dostavb\u011b Dukovan. Dostavba jadern\u00e9 elektr\u00e1rny v Temel\u00edn\u011b \u00fadajn\u011b zlomila v roce 2013 vaz tehdej\u0161\u00edmu premi\u00e9rovi Petru Ne\u010dasovi. Je mo\u017en\u00fd podobn\u00fd sc\u00e9n\u00e1\u0159?<\/strong><\/p>\n<p>To si nemysl\u00edm. Zat\u00edm se je\u0161t\u011b nic nerozhoduje. Doufejme, \u017ee \u010desk\u00e9 org\u00e1ny budou v t\u00e9to z\u00e1sadn\u00ed v\u011bci sledovat \u010desk\u00e9 z\u00e1jmy, z\u00e1jmy \u010desk\u00e9ho poplatn\u00edka a \u010desk\u00e9ho spot\u0159ebitele, ne pokyny mocn\u00fdch, kte\u0159\u00ed maj\u00ed glob\u00e1ln\u00ed z\u00e1jmy \u00fapln\u011b odli\u0161n\u00e9.<\/p>\n<\/div>\n<\/div>\n<\/div>\n<div class=\"elementor-element elementor-element-4aee32ca elementor-widget elementor-widget-shortcode\" data-id=\"4aee32ca\" data-element_type=\"widget\" data-widget_type=\"shortcode.default\">\n<div class=\"elementor-widget-container\">\n<div class=\"elementor-shortcode\"><strong>P\u016fvodn\u011b nem\u011blo b\u00fdt Rusko dal\u0161\u00edm hr\u00e1\u010dem na trhu, nakonec se j\u00edm stalo. Je to od ministra Havl\u00ed\u010dka spr\u00e1vn\u00fd krok?<\/strong><\/div>\n<\/div>\n<\/div>\n<div class=\"elementor-element elementor-element-48a2a561 elementor-widget elementor-widget-text-editor\" data-id=\"48a2a561\" data-element_type=\"widget\" data-widget_type=\"text-editor.default\">\n<div class=\"elementor-widget-container\">\n<div class=\"elementor-text-editor elementor-clearfix\">\n<p>Nev\u00edm o \u017e\u00e1dn\u00e9m \u201cp\u016fvodn\u011b\u201d. To bylo sp\u00ed\u0161 p\u0159\u00e1n\u00ed n\u011bkter\u00fdch politik\u016f, kte\u0159\u00ed poslouchaj\u00ed n\u011bkoho \u00fapln\u011b jin\u00e9ho ne\u017e sv\u00e9 voli\u010de. Nicm\u00e9n\u011b v t\u00e9to f\u00e1zi se Rusko re\u00e1ln\u00fdm hr\u00e1\u010dem je\u0161t\u011b zdaleka nest\u00e1v\u00e1. Ale to, \u017ee nen\u00ed apriorn\u011b vypuzeno u\u017e v bod\u011b nula, m\u016f\u017ee v\u00e9st k tlaku na ostatn\u00ed konkurenty, aby sv\u00e9 nab\u00eddky co nejv\u00edce vylep\u0161ovali. Pokud by m\u011bli pocit, \u017ee hlavn\u00ed konkurent byl diskvalifikov\u00e1n je\u0161t\u011b p\u0159ed z\u00e1pasem, p\u0159\u00edli\u0161 by se s cenou ani kvalitou nenam\u00e1hali. Tato hra n\u00e1m jen m\u016f\u017ee prosp\u011bt.<\/p>\n<p><strong>Za\u010dali jsme velmi smutnou zpr\u00e1vou, ale ani v\u00e1m se, bohu\u017eel zdravotn\u00ed pot\u00ed\u017ee nevyh\u00fdbaj\u00ed. Co se v\u00e1m p\u0159esn\u011b stalo?<\/strong><\/p>\n<p>M\u011bl jsem tyto dny dnes asi docela popul\u00e1rn\u00ed zdravotn\u00ed lap\u00e1lii: ochrnula mi p\u016flka obli\u010deje. Ale u\u017e se to d\u00e1v\u00e1 d\u00edky l\u00e9ka\u0159\u016fm pomalu do po\u0159\u00e1dku. Jinak by hrozilo, \u017ee bych na prezidentsk\u00fdch zn\u00e1mk\u00e1ch nevypadal dost symetricky.<\/p>\n<p><a href=\"https:\/\/viposobnosti.cz\/clanky\/petr-kellner-jak-na-nej-vzpomina-nejblizsi-spolupracovnik-vaclava-klause\/\">Zdroj<\/a><\/p>\n<\/div>\n<\/div>\n<\/div>\n","protected":false},"excerpt":{"rendered":"<p>Jm\u00e9no miliard\u00e1\u0159e Petra Kellnera je po jeho smrti ve vrtuln\u00edku na Alja\u0161ce sklo\u0148ov\u00e1no po cel\u00e9m sv\u011bt\u011b ve v\u0161ech p\u00e1dech. Velmi v\u00fdznamnou stopu po sob\u011b tento \u00fasp\u011b\u0161n\u00fd mu\u017e zanech\u00e1v\u00e1 v \u010cesk\u00e9 republice. Podnikatel, kter\u00fd se podle slov V\u00e1clava Klause stal symbolem \u00fasp\u011bchu \u010desk\u00e9ho kapitalismu. Jak na tohoto mimo\u0159\u00e1dn\u00e9ho \u010dlov\u011bka vzpom\u00edn\u00e1 bl\u00edzk\u00fd spolupracovn\u00edk prezidenta, Ladislav Jakl?<\/p>\n","protected":false},"author":1,"featured_media":0,"comment_status":"open","ping_status":"open","sticky":false,"template":"","format":"standard","meta":{"ngg_post_thumbnail":0,"footnotes":""},"categories":[13],"tags":[],"class_list":["post-11872","post","type-post","status-publish","format-standard","hentry","category-rozhovory"],"_links":{"self":[{"href":"https:\/\/www.ladislavjakl.cz\/index.php?rest_route=\/wp\/v2\/posts\/11872","targetHints":{"allow":["GET"]}}],"collection":[{"href":"https:\/\/www.ladislavjakl.cz\/index.php?rest_route=\/wp\/v2\/posts"}],"about":[{"href":"https:\/\/www.ladislavjakl.cz\/index.php?rest_route=\/wp\/v2\/types\/post"}],"author":[{"embeddable":true,"href":"https:\/\/www.ladislavjakl.cz\/index.php?rest_route=\/wp\/v2\/users\/1"}],"replies":[{"embeddable":true,"href":"https:\/\/www.ladislavjakl.cz\/index.php?rest_route=%2Fwp%2Fv2%2Fcomments&post=11872"}],"version-history":[{"count":1,"href":"https:\/\/www.ladislavjakl.cz\/index.php?rest_route=\/wp\/v2\/posts\/11872\/revisions"}],"predecessor-version":[{"id":11873,"href":"https:\/\/www.ladislavjakl.cz\/index.php?rest_route=\/wp\/v2\/posts\/11872\/revisions\/11873"}],"wp:attachment":[{"href":"https:\/\/www.ladislavjakl.cz\/index.php?rest_route=%2Fwp%2Fv2%2Fmedia&parent=11872"}],"wp:term":[{"taxonomy":"category","embeddable":true,"href":"https:\/\/www.ladislavjakl.cz\/index.php?rest_route=%2Fwp%2Fv2%2Fcategories&post=11872"},{"taxonomy":"post_tag","embeddable":true,"href":"https:\/\/www.ladislavjakl.cz\/index.php?rest_route=%2Fwp%2Fv2%2Ftags&post=11872"}],"curies":[{"name":"wp","href":"https:\/\/api.w.org\/{rel}","templated":true}]}}